{"id":8035,"date":"2024-09-25T20:12:50","date_gmt":"2024-09-25T18:12:50","guid":{"rendered":"https:\/\/www.musical-today.de\/?p=8035"},"modified":"2025-04-15T14:28:19","modified_gmt":"2025-04-15T12:28:19","slug":"gelsenkirchen-der-kleine-horrorladen","status":"publish","type":"post","link":"https:\/\/www.musical-today.de\/en\/gelsenkirchen-der-kleine-horrorladen\/","title":{"rendered":"Der kleine Horrorladen"},"content":{"rendered":"<div class=\"lets-info-up-wrap  lets-info-up--right lets-info-up--m-1 lets-info-up-skin-3 lets-info-up--side lets-info-up-31957\" style=\"background:#fafafa; color: #616161\">\t\t\t<div class=\"lets-info-up\">\r\n\t\t\t<div class=\"lets-info-up-fi\"><img decoding=\"async\" width=\"500\" height=\"333\" src=\"https:\/\/www.musical-today.de\/wp-content\/uploads\/2024\/01\/qi-addons-for-elementor-placeholder-500x333.png\" class=\"attachment-lets-info-up-d1 size-lets-info-up-d1\" alt=\"|\" srcset=\"https:\/\/www.musical-today.de\/wp-content\/uploads\/2024\/01\/qi-addons-for-elementor-placeholder-500x333.png 500w, https:\/\/www.musical-today.de\/wp-content\/uploads\/2024\/01\/qi-addons-for-elementor-placeholder-300x200.png 300w, https:\/\/www.musical-today.de\/wp-content\/uploads\/2024\/01\/qi-addons-for-elementor-placeholder-1024x683.png 1024w, https:\/\/www.musical-today.de\/wp-content\/uploads\/2024\/01\/qi-addons-for-elementor-placeholder-883x589.png 883w, https:\/\/www.musical-today.de\/wp-content\/uploads\/2024\/01\/qi-addons-for-elementor-placeholder-18x12.png 18w, https:\/\/www.musical-today.de\/wp-content\/uploads\/2024\/01\/qi-addons-for-elementor-placeholder-360x240.png 360w, https:\/\/www.musical-today.de\/wp-content\/uploads\/2024\/01\/qi-addons-for-elementor-placeholder-1155x770.png 1155w, https:\/\/www.musical-today.de\/wp-content\/uploads\/2024\/01\/qi-addons-for-elementor-placeholder-370x247.png 370w, https:\/\/www.musical-today.de\/wp-content\/uploads\/2024\/01\/qi-addons-for-elementor-placeholder-770x513.png 770w, https:\/\/www.musical-today.de\/wp-content\/uploads\/2024\/01\/qi-addons-for-elementor-placeholder-293x195.png 293w, https:\/\/www.musical-today.de\/wp-content\/uploads\/2024\/01\/qi-addons-for-elementor-placeholder-120x80.png 120w, https:\/\/www.musical-today.de\/wp-content\/uploads\/2024\/01\/qi-addons-for-elementor-placeholder-240x160.png 240w, https:\/\/www.musical-today.de\/wp-content\/uploads\/2024\/01\/qi-addons-for-elementor-placeholder-390x260.png 390w, https:\/\/www.musical-today.de\/wp-content\/uploads\/2024\/01\/qi-addons-for-elementor-placeholder.png 1200w\" sizes=\"(max-width: 500px) 100vw, 500px\" title=\"\"><\/div>\t\t\t<div class=\"lets-info-up-block-wrap\">\r\n\t\t\t\t<div class=\"lets-info-up-block lets-info-up-meta-block\"><div class=\"lets-info-up-meta-title lets-info-up-pretitle font-h\" style=\"color: #8c6d18;\">oRT<\/div><div class=\"lets-info-up-meta-content lets-info-up-title font-b\">Musiktheater im Revier (Gelsenkirchen)<\/div><\/div><div class=\"lets-info-up-block lets-info-up-meta-block\"><div class=\"lets-info-up-meta-title lets-info-up-pretitle font-h\" style=\"color: #8c6d18;\">von<\/div><div class=\"lets-info-up-meta-content lets-info-up-title font-b\">Howard Ashman (Buch und Gesangstexte)<br>Alan Menken (Musik)<\/div><\/div><div class=\"lets-info-up-block lets-info-up-meta-block\"><div class=\"lets-info-up-meta-title lets-info-up-pretitle font-h\" style=\"color: #8c6d18;\">Regie<\/div><div class=\"lets-info-up-meta-content lets-info-up-title font-b\">Carsten Kirchmeier<\/div><\/div><div class=\"lets-info-up-block lets-info-up-meta-block\"><div class=\"lets-info-up-meta-title lets-info-up-pretitle font-h\" style=\"color: #8c6d18;\">Urauff\u00fchrung<\/div><div class=\"lets-info-up-meta-content lets-info-up-title font-b\">1982<\/div><\/div><div class=\"lets-info-up-block lets-info-up-meta-block\"><div class=\"lets-info-up-meta-title lets-info-up-pretitle font-h\" style=\"color: #8c6d18;\">INFOS<\/div><div class=\"lets-info-up-meta-content lets-info-up-title font-b\"><a href=\"https:\/\/musiktheater-im-revier.de\/de\/performance\/2024-25\/der-kleine-horrorladen\" target=\"_blank\" data-type=\"link\" rel=\"noreferrer noopener\">www.musiktheater-im-revier.de<\/a><\/div><\/div>\t\t\t<\/div>\r\n\t\t\t<\/div>\r\n\t\t<\/div>\r\n\t\t\n\n\n<p><strong>Das Kultst\u00fcck \u201eDer kleine Horrorladen\u201c erinnert an die fr\u00fchen Sechziger<\/strong><\/p>\n\n\n\n<p>Die US-amerikanische Horrorkom\u00f6die \u201eLittle Shop of Horrors\u201c (\u201eDer kleine Horrorladen\u201c) beruht auf einem waschechten B-Movie von Roger Corman aus dem Jahr 1960, angeblich schrieb er das Drehbuch in einer Nacht. Erst drei Tage vor Drehbeginn wurden die Schauspielerinnen und Schauspieler gecastet, nach zwei Tagen und einer Nacht war alles im Kasten, jede Szene wurde nur einmal gedreht.<\/p>\n\n\n\n<p>In Gelsenkirchen hat Regisseur Carsten Kirchmeier in den letzten Jahren immer wieder bewiesen, wie gut Musical am Stadttheater funktionieren kann. Beata Kornatowska verwandelt die B\u00fchne in einen alten, \u00fcberdimensionalen Filmstreifen. Auch die passenden Kost\u00fcme erinnern an die fr\u00fchen 1960er Jahre, inklusive hochtoupierter Beehive-Frisuren mit Dutt, die mit dem Grad der Bedrohung stets weiterwachsen. Zudem liegt das Filmdrehbuch zuweilen gut ausgeleuchtet auf der B\u00fchne, damit man niemals vergisst, dass wir uns in einem Film befinden. Optisch ist also alles wunderbar und die B\u00fchne wird bestens genutzt.<\/p>\n\n\n\n<p>Gleiches gilt f\u00fcr die f\u00fcnfk\u00f6pfige, spielfreudige Band unter der Leitung von Wolfgang Wilger. Leider gibt es ein Aber, das in Gelsenkirchen einfach nicht verschwindet: der Ton im Kleinen Haus. Vorne gibt es keine Lautsprecher am B\u00fchnenrand, sodass die ersten Reihen den Ton nur von hinten h\u00f6ren. Im Rang dagegen klingt es so, als ob der Sound genau vor der ersten Reihe aufh\u00f6rt. Er kommt nur geradeaus von vorne, es gibt lediglich wenige Reihen mit gutem Ton. Das kann sich ein Stadttheater, das deutlich Wert auf seine Musicalsparte legt, heutzutage nicht mehr leisten. Wie gro\u00dfartig w\u00e4re dieser Abend, wenn man die Darstellerinnen und Darsteller gut h\u00f6ren k\u00f6nnte \u2013 sie h\u00e4tten es so verdient!<\/p>\n\n\n<div  class=\"tpgb-wrap-956d14_8035  tpgb-wrap-fw \"  ><div id=\"956d14_8035\" class=\"tpgb-block-956d14_8035 tpgb-relative-block tpgb-gallery-list tpgb-metro gallery-style-2 hover-image-style-1   \" data-style=\"style-2\" data-id=\"956d14_8035\" data-layout=\"metro\" data-fancy-option='{\"loop\":false,\"thumb\":\"no\",\"infobar\":true,\"arrows\":true,\"transitionEffect\":\"slide\",\"button\":[\"close\"]}' data-splide='\"\"' data-metroAttr= '{\"metro_col\":3,\"tab_metro_col\":3,\"mobile_metro_col\":3,\"metro_style\":\"style-1\",\"tab_metro_style\":\"style-1\",\"mobile_metro_style\":\"style-1\"}' ><div class=\"tpgb-row post-loop-inner \"><div class=\"grid-item metro-item-0    tpgb-metro-1  tpgb-tab-metro-1  tpgb-mobile-metro-1 \"><a href=\"https:\/\/www.musical-today.de\/wp-content\/uploads\/2024\/09\/Horrorladen-013-scaled.jpg\" class=\"tpgb-gallery-list-content tpgb-trans-easeinout\" data-fancybox=\"956d14_8035\" data-caption=\"Foto: Pedro Malinowski\" aria-label=\"Foto: Pedro Malinowski\"><div class=\"post-content-image\"><div class=\"tpgb-metro-gallery-image\" style=\"background: url(https:\/\/www.musical-today.de\/wp-content\/uploads\/2024\/09\/Horrorladen-013-scaled.jpg);\"><\/div><\/div><div class=\"post-content-center\"><div class=\"post-zoom-icon\"><div class=\"meta-search-icon\"><span><img decoding=\"async\" class=\"fancy-img\" src=\"https:\/\/www.musical-today.de\/wp-content\/uploads\/2024\/09\/Horrorladen-013-scaled.jpg\" alt=\"Media Image1\" title=\"\"><i class=\"fas fa-search-plus pop-icon\"><\/i><\/span><\/div><\/div><div class=\"post-content-bottom\"><p class=\"post-title tpgb-trans-easeinout\">Foto: Pedro Malinowski<\/p><\/div><\/div><\/a><\/div><div class=\"grid-item metro-item-1    tpgb-metro-2  tpgb-tab-metro-2  tpgb-mobile-metro-2 \"><a href=\"https:\/\/www.musical-today.de\/wp-content\/uploads\/2024\/09\/Horrorladen-017-scaled.jpg\" class=\"tpgb-gallery-list-content tpgb-trans-easeinout\" data-fancybox=\"956d14_8035\" data-caption=\"Foto: Pedro Malinowski\" aria-label=\"Foto: Pedro Malinowski\"><div class=\"post-content-image\"><div class=\"tpgb-metro-gallery-image\" style=\"background: url(https:\/\/www.musical-today.de\/wp-content\/uploads\/2024\/09\/Horrorladen-017-scaled.jpg);\"><\/div><\/div><div class=\"post-content-center\"><div class=\"post-zoom-icon\"><div class=\"meta-search-icon\"><span><img decoding=\"async\" class=\"fancy-img\" src=\"https:\/\/www.musical-today.de\/wp-content\/uploads\/2024\/09\/Horrorladen-017-scaled.jpg\" alt=\"Media Image2\" title=\"\"><i class=\"fas fa-search-plus pop-icon\"><\/i><\/span><\/div><\/div><div class=\"post-content-bottom\"><p class=\"post-title tpgb-trans-easeinout\">Foto: Pedro Malinowski<\/p><\/div><\/div><\/a><\/div><div class=\"grid-item metro-item-2    tpgb-metro-3  tpgb-tab-metro-3  tpgb-mobile-metro-3 \"><a href=\"https:\/\/www.musical-today.de\/wp-content\/uploads\/2024\/09\/Horrorladen-015-scaled.jpg\" class=\"tpgb-gallery-list-content tpgb-trans-easeinout\" data-fancybox=\"956d14_8035\" data-caption=\"Foto: Pedro Malinowski\" aria-label=\"Foto: Pedro Malinowski\"><div class=\"post-content-image\"><div class=\"tpgb-metro-gallery-image\" style=\"background: url(https:\/\/www.musical-today.de\/wp-content\/uploads\/2024\/09\/Horrorladen-015-scaled.jpg);\"><\/div><\/div><div class=\"post-content-center\"><div class=\"post-zoom-icon\"><div class=\"meta-search-icon\"><span><img decoding=\"async\" class=\"fancy-img\" src=\"https:\/\/www.musical-today.de\/wp-content\/uploads\/2024\/09\/Horrorladen-015-scaled.jpg\" alt=\"Media Image3\" title=\"\"><i class=\"fas fa-search-plus pop-icon\"><\/i><\/span><\/div><\/div><div class=\"post-content-bottom\"><p class=\"post-title tpgb-trans-easeinout\">Foto: Pedro Malinowski<\/p><\/div><\/div><\/a><\/div><\/div><\/div><\/div>\n\n\n<p>Als junger Seymour, der eben noch wahnsinnig naiv ist und dann recht pl\u00f6tzlich von Ruhm und Reichtum getrieben wird, beeindruckt Nikko Forteza mit seiner sch\u00f6nen Stimme, die genau zur Rolle und zur inneren Haltung passt. Audrey wird von Tamara K\u00f6hn gespielt. Aus tiefstem Herzen Dank an Regisseur Kirchmeier, denn die Blumenverk\u00e4uferin hat keinen \u00fcbertriebenen S-Fehler, sie agiert nicht mit zu hoher, sich \u00fcberschlagender Stimme, sondern singt und spricht ganz normal. So wird K\u00f6hns \u201eJetzt hast du Seymour\u201c zu einem der H\u00f6hepunkte des Abends.<\/p>\n\n\n\n<p>Die drei Erz\u00e4hlerinnen Sonja Hebestadt (Crystal), Julia Heiser (Chiffon) und Elena Otten (Ronnette) haben viel zu tun, werden manchmal Teil der Handlung oder auch der Pflanze, deren Arme sie f\u00fchren. Die fleischfressende Pflanze, die Sarah Schulze gleich viermal gebaut hat, ist wahrlich bedrohlich und nimmt am Ende den ganzen Verkaufsraum des Ladens ein. In der besuchten Vorstellung springt ungeprobt Regieassistent Danilo Cardoso f\u00fcr den kurzfristig erkrankten Puppenspieler ein. Chapeau!<\/p>\n\n\n\n<p>Als Stimme von Audrey II, der blutd\u00fcrstigen Pflanze, singt Dennis LeGree mit gewohnt tiefem und sonorem Klang. Er sollte mal wieder seine Aussprache \u00fcberpr\u00fcfen, das klang schon besser. Klaus Brantzen ist ein liebenswerter Mr. Mushnik, der schlagartig versteht, wie man aus Seymour Profit schlagen kann. Wenn er nur w\u00fcsste, dass genau das ihn bald das Leben kosten wird \u2026 Daniel Jeroma \u00fcbernimmt viele Rollen, wobei der sch\u00e4bige, masochistische Zahnarzt Orin Scrivello sicherlich im Fokus steht \u2013 Jeroma macht dem Part alle Ehre.<\/p>\n\n\n\n<p>Da die Regie sich am alten Film orientiert, entwickeln sich alle Charaktere eher schlagartig und nicht unbedingt nachvollziehbar. Das rei\u00dft einen gelegentlich heraus \u2013 \u201eAh, jetzt ist der b\u00f6se\u201c oder \u201eVerstehe, jetzt ist Audrey in Seymour verliebt\u201c \u2013, aber es passt es zum Geist der Produktion. Bleibt nur die Frage, welches Ende die Inszenierung w\u00e4hlt: Wird Seymour einsichtig und rettet Audrey und sich? Gewinnt die Pflanze und frisst die beiden? Oder endet das St\u00fcck wie im urspr\u00fcnglichen Film, wo die Pflanze verbl\u00fcht?<\/p>\n\n\n\n<hr class=\"wp-block-separator has-alpha-channel-opacity is-style-dots\"\/>\n\n\n\n<p class=\"has-small-font-size\">Musikalische Leitung: Wolfgang Wilger \u2022 Ausstattung: Beata Kornatowska \u2022 Puppenbau: Sarah Schulze \u2022 Choreografie: Tenald Zace \u2022 Licht: Mario Turco \u2022 Sounddesign: Max Kallien \u2022 Mit: Nikko Forteza (Seymour), Tamara K\u00f6hn (Audrey\/Mrs. Luce), Klaus Brantzen (Mr. Mushnik\/Mr. Bernstein), Daniel Jeroma (Orin Scrivello\/Penner\/Kunde\/Interviewer\/Agent\/Mr. Martin), Sonja Hebestadt (Crystal), Julia Heiser (Chiffon), Elena Otten (Ronnette), Dennis LeGree (Stimme Audrey II), Julius Warmuth\/Maximilian Teschemacher (Spiel Audrey II)<\/p>\n\n\n\n<p class=\"has-small-font-size\">Aufmacherfoto: Pedro Malinowski<\/p>\n","protected":false},"excerpt":{"rendered":"<p>Das Kultst\u00fcck \u201eDer kleine Horrorladen\u201c erinnert an die fr\u00fchen Sechziger Die US-amerikanische Horrorkom\u00f6die \u201eLittle Shop of Horrors\u201c (\u201eDer kleine Horrorladen\u201c) beruht auf einem waschechten B-Movie von Roger Corman aus dem Jahr 1960, angeblich schrieb er das Drehbuch in einer Nacht. Erst drei Tage vor Drehbeginn wurden die Schauspielerinnen und Schauspieler gecastet, nach zwei Tagen und einer Nacht war alles im Kasten, jede Szene wurde nur einmal gedreht. In Gelsenkirchen hat Regisseur Carsten Kirchmeier in den letzten Jahren immer wieder bewiesen, [&hellip;]<\/p>\n","protected":false},"author":48,"featured_media":8036,"comment_status":"closed","ping_status":"closed","sticky":false,"template":"","format":"standard","meta":{"tpgb_global_settings":"","footnotes":""},"categories":[61],"tags":[],"class_list":["post-8035","post","type-post","status-publish","format-standard","has-post-thumbnail","hentry","category-gelsenkirchen"],"tpgb_featured_images":{"full":["https:\/\/www.musical-today.de\/wp-content\/uploads\/2024\/09\/Horrorladen-023-scaled.jpg",2560,1708,false],"tp-image-grid":["https:\/\/www.musical-today.de\/wp-content\/uploads\/2024\/09\/Horrorladen-023-700x700.jpg",700,700,true],"thumbnail":["https:\/\/www.musical-today.de\/wp-content\/uploads\/2024\/09\/Horrorladen-023-600x400.jpg",600,400,true],"medium":["https:\/\/www.musical-today.de\/wp-content\/uploads\/2024\/09\/Horrorladen-023-1200x800.jpg",1200,800,true],"medium_large":["https:\/\/www.musical-today.de\/wp-content\/uploads\/2024\/09\/Horrorladen-023-949x633.jpg",770,514,true],"large":["https:\/\/www.musical-today.de\/wp-content\/uploads\/2024\/09\/Horrorladen-023-1920x1281.jpg",1139,760,true],"default":"https:\/\/www.musical-today.de\/wp-content\/plugins\/the-plus-addons-for-block-editor\/assets\/images\/tpgb-placeholder.jpg"},"tpgb_post_meta_info":{"get_date":"25.09.2024","get_modified_date":"15.04.2025","category_list":{"category":[{"term_id":61,"name":"Gelsenkirchen","slug":"gelsenkirchen","term_group":0,"term_taxonomy_id":61,"taxonomy":"category","description":"","parent":19,"count":5,"filter":"raw","term_order":"38"}],"post_tag":false,"post_format":false},"author_name":"Thorsten Wulf","author_url":"https:\/\/www.musical-today.de\/en\/autor\/thorstenwulf\/","author_email":"temporary-removeA4NFvLqOZ1OP6bk@tmp.com","author_website":"","author_description":"lebt in Dortmund und arbeitet deutschlandweit als Trainer f\u00fcr Kommunikation, Konfliktmanagement und F\u00fchrung. In seiner Freizeit leitet er einen Show-Chor, die \u201eChorkenzieher\u201c, die alle zwei Jahre ein neues Programm auf die B\u00fchne bringen. Schon sein Leben lang liebt er Musicals und sch\u00e4tzt die gr\u00f6\u00dfer werdende Vielfalt an Themen und Musikstilen. Seit 2011 rezensiert er aktuelle Shows.","author_facebook":"","author_twitter":"","author_instagram":"","author_role":["author"],"author_firstname":"Thorsten","author_lastname":"Wulf","user_login":"thorstenwulf","author_avatar":"<img src=\"https:\/\/www.musical-today.de\/wp-content\/uploads\/2024\/03\/Thorsten-Wulf-293x293.jpg\" width=\"200\" height=\"200\" alt=\"Thorsten Wulf\" class=\"avatar avatar-200 wp-user-avatar wp-user-avatar-200 alignnone photo\" \/>","author_avatar_url":"https:\/\/www.musical-today.de\/wp-content\/uploads\/2024\/03\/Thorsten-Wulf-scaled.jpg","comment_count":0,"post_likes":0,"post_views":0},"tpgb_post_category":{"category":"<a href=\"https:\/\/www.musical-today.de\/en\/deutschland\/gelsenkirchen\/\" alt=\"Gelsenkirchen\"  class=\"category-gelsenkirchen\">Gelsenkirchen<\/a> "},"_links":{"self":[{"href":"https:\/\/www.musical-today.de\/en\/wp-json\/wp\/v2\/posts\/8035","targetHints":{"allow":["GET"]}}],"collection":[{"href":"https:\/\/www.musical-today.de\/en\/wp-json\/wp\/v2\/posts"}],"about":[{"href":"https:\/\/www.musical-today.de\/en\/wp-json\/wp\/v2\/types\/post"}],"author":[{"embeddable":true,"href":"https:\/\/www.musical-today.de\/en\/wp-json\/wp\/v2\/users\/48"}],"replies":[{"embeddable":true,"href":"https:\/\/www.musical-today.de\/en\/wp-json\/wp\/v2\/comments?post=8035"}],"version-history":[{"count":0,"href":"https:\/\/www.musical-today.de\/en\/wp-json\/wp\/v2\/posts\/8035\/revisions"}],"wp:featuredmedia":[{"embeddable":true,"href":"https:\/\/www.musical-today.de\/en\/wp-json\/wp\/v2\/media\/8036"}],"wp:attachment":[{"href":"https:\/\/www.musical-today.de\/en\/wp-json\/wp\/v2\/media?parent=8035"}],"wp:term":[{"taxonomy":"category","embeddable":true,"href":"https:\/\/www.musical-today.de\/en\/wp-json\/wp\/v2\/categories?post=8035"},{"taxonomy":"post_tag","embeddable":true,"href":"https:\/\/www.musical-today.de\/en\/wp-json\/wp\/v2\/tags?post=8035"}],"curies":[{"name":"wp","href":"https:\/\/api.w.org\/{rel}","templated":true}]}}