{"id":8185,"date":"2024-10-11T19:30:44","date_gmt":"2024-10-11T17:30:44","guid":{"rendered":"https:\/\/www.musical-today.de\/?p=8185"},"modified":"2025-04-15T14:28:19","modified_gmt":"2025-04-15T12:28:19","slug":"koeln-jux-un-dollerei","status":"publish","type":"post","link":"https:\/\/www.musical-today.de\/en\/koeln-jux-un-dollerei\/","title":{"rendered":"Jux un Dollerei"},"content":{"rendered":"<div class=\"lets-info-up-wrap  lets-info-up--right lets-info-up--m-1 lets-info-up-skin-3 lets-info-up--side lets-info-up-33373\" style=\"background:#fafafa; color: #616161\">\t\t\t<div class=\"lets-info-up\">\r\n\t\t\t<div class=\"lets-info-up-fi\"><img decoding=\"async\" width=\"500\" height=\"333\" src=\"https:\/\/www.musical-today.de\/wp-content\/uploads\/2024\/01\/qi-addons-for-elementor-placeholder-500x333.png\" class=\"attachment-lets-info-up-d1 size-lets-info-up-d1\" alt=\"|\" srcset=\"https:\/\/www.musical-today.de\/wp-content\/uploads\/2024\/01\/qi-addons-for-elementor-placeholder-500x333.png 500w, https:\/\/www.musical-today.de\/wp-content\/uploads\/2024\/01\/qi-addons-for-elementor-placeholder-300x200.png 300w, https:\/\/www.musical-today.de\/wp-content\/uploads\/2024\/01\/qi-addons-for-elementor-placeholder-1024x683.png 1024w, https:\/\/www.musical-today.de\/wp-content\/uploads\/2024\/01\/qi-addons-for-elementor-placeholder-883x589.png 883w, https:\/\/www.musical-today.de\/wp-content\/uploads\/2024\/01\/qi-addons-for-elementor-placeholder-18x12.png 18w, https:\/\/www.musical-today.de\/wp-content\/uploads\/2024\/01\/qi-addons-for-elementor-placeholder-360x240.png 360w, https:\/\/www.musical-today.de\/wp-content\/uploads\/2024\/01\/qi-addons-for-elementor-placeholder-1155x770.png 1155w, https:\/\/www.musical-today.de\/wp-content\/uploads\/2024\/01\/qi-addons-for-elementor-placeholder-370x247.png 370w, https:\/\/www.musical-today.de\/wp-content\/uploads\/2024\/01\/qi-addons-for-elementor-placeholder-770x513.png 770w, https:\/\/www.musical-today.de\/wp-content\/uploads\/2024\/01\/qi-addons-for-elementor-placeholder-293x195.png 293w, https:\/\/www.musical-today.de\/wp-content\/uploads\/2024\/01\/qi-addons-for-elementor-placeholder-120x80.png 120w, https:\/\/www.musical-today.de\/wp-content\/uploads\/2024\/01\/qi-addons-for-elementor-placeholder-240x160.png 240w, https:\/\/www.musical-today.de\/wp-content\/uploads\/2024\/01\/qi-addons-for-elementor-placeholder-390x260.png 390w, https:\/\/www.musical-today.de\/wp-content\/uploads\/2024\/01\/qi-addons-for-elementor-placeholder.png 1200w\" sizes=\"(max-width: 500px) 100vw, 500px\" title=\"\"><\/div>\t\t\t<div class=\"lets-info-up-block-wrap\">\r\n\t\t\t\t<div class=\"lets-info-up-block lets-info-up-meta-block\"><div class=\"lets-info-up-meta-title lets-info-up-pretitle font-h\" style=\"color: #8c6d18;\">oRT<\/div><div class=\"lets-info-up-meta-content lets-info-up-title font-b\">Scala Theater<\/div><\/div><div class=\"lets-info-up-block lets-info-up-meta-block\"><div class=\"lets-info-up-meta-title lets-info-up-pretitle font-h\" style=\"color: #8c6d18;\">von<\/div><div class=\"lets-info-up-meta-content lets-info-up-title font-b\">Ralf Borgartz (Buch)<\/div><\/div><div class=\"lets-info-up-block lets-info-up-meta-block\"><div class=\"lets-info-up-meta-title lets-info-up-pretitle font-h\" style=\"color: #8c6d18;\">Regie<\/div><div class=\"lets-info-up-meta-content lets-info-up-title font-b\">Ralf Borgartz<\/div><\/div><div class=\"lets-info-up-block lets-info-up-meta-block\"><div class=\"lets-info-up-meta-title lets-info-up-pretitle font-h\" style=\"color: #8c6d18;\">Urauff\u00fchrung<\/div><div class=\"lets-info-up-meta-content lets-info-up-title font-b\">2024<\/div><\/div><div class=\"lets-info-up-block lets-info-up-meta-block\"><div class=\"lets-info-up-meta-title lets-info-up-pretitle font-h\" style=\"color: #8c6d18;\">INFOS<\/div><div class=\"lets-info-up-meta-content lets-info-up-title font-b\"><a href=\"https:\/\/scala.koeln\" data-type=\"link\" target=\"_blank\" rel=\"noopener noreferrer nofollow\">www.scala.koeln<\/a><\/div><\/div>\t\t\t<\/div>\r\n\t\t\t<\/div>\r\n\t\t<\/div>\r\n\t\t\n\n\n<p><strong>Ausgelassene Stimmung mit \u201eJux un Dollerei\u201c<\/strong><\/p>\n\n\n\n<p>Nach dem Tod des Theater- und Filmemachers Walter Bockmayer \u00fcbernahmen Ralf Borgartz und Arne Hoffmann 2015 das \u201eScala\u201c. Beide standen fortan als Schauspieler auf der B\u00fchne des Volkstheaters. Borgartz schrieb und inszenierte die St\u00fccke, die nun immer einen Tick vulg\u00e4rer wurden \u2013 vielleicht, weil der Regisseur Borgartz dem Autor Borgartz ungern auf die Finger klopft, wenn er mal wieder allzu derb unter die G\u00fcrtellinie greift.<\/p>\n\n\n\n<p>Die neue Produktion \u201eJux un Dollerei\u201c wiegt einen erstmal in Sicherheit: Das h\u00fcbsche Wortspiel des Titels verweist auf Johann Nestroys Singspiel \u201eEinen Jux will er sich machen\u201c aus dem Jahre 1842 und den 1964 daraus entstanden Broadway-Klassiker \u201eHello, Dolly!\u201c. Dann erklingen die Anfangstakte der Musical-Ouvert\u00fcre, die in den Karnevals-Hit \u201eWenn das Wasser im Rhein echter Wein w\u00e4r\u2019 \u2026\u201c&nbsp; \u00fcberleiten und das Publikum gleich ins Schunkeln bringen \u2013 und jene ausgelassene Stimmung ist gesetzt, die dem Rheinl\u00e4nder so eigen ist.<\/p>\n\n\n\n<p>Geschickt hat Borgartz das Figuren-Arsenal auf sechs Personen reduziert: Der Kolonialwarenh\u00e4ndler Hermann \u201eManes\u201c Kn\u00f6tterkopp macht sich mit der Heiratsvermittlerin Dolores \u201eDolly\u201c Rothschild vom rechtsrheinischen Ort der Sinnlosigkeit, Z\u00fcndorf, auf in das linksrheinische, pulsierende K\u00f6ln des Jahres 1911. Dort will er Eisbuden-Besitzerin Marie-Luise Leckerschlecker seine Aufwartung machen. Heimlich folgen ihnen Manes\u2019 Nichte Stina, ihr Verlobter F\u00e4\u00e4di, ein mittelloser K\u00fcnstler, und Kn\u00f6tterkopps Angestellter Poldi.<\/p>\n\n\n<div  class=\"tpgb-wrap-956d14_8185  tpgb-wrap-fw \"  ><div id=\"956d14_8185\" class=\"tpgb-block-956d14_8185 tpgb-relative-block tpgb-gallery-list tpgb-metro gallery-style-2 hover-image-style-1   \" data-style=\"style-2\" data-id=\"956d14_8185\" data-layout=\"metro\" data-fancy-option='{\"loop\":false,\"thumb\":\"no\",\"infobar\":true,\"arrows\":true,\"transitionEffect\":\"slide\",\"button\":[\"close\"]}' data-splide='\"\"' data-metroAttr= '{\"metro_col\":3,\"tab_metro_col\":3,\"mobile_metro_col\":3,\"metro_style\":\"style-1\",\"tab_metro_style\":\"style-1\",\"mobile_metro_style\":\"style-1\"}' ><div class=\"tpgb-row post-loop-inner \"><div class=\"grid-item metro-item-0    tpgb-metro-1  tpgb-tab-metro-1  tpgb-mobile-metro-1 \"><a href=\"https:\/\/www.musical-today.de\/wp-content\/uploads\/2024\/10\/4-0A1A4510-scaled.jpg\" class=\"tpgb-gallery-list-content tpgb-trans-easeinout\" data-fancybox=\"956d14_8185\" data-caption=\"Foto: L\u00e9on Maxim Gru\u00df\/LMG Fotografie\" aria-label=\"Foto: L\u00e9on Maxim Gru\u00df\/LMG Fotografie\"><div class=\"post-content-image\"><div class=\"tpgb-metro-gallery-image\" style=\"background: url(https:\/\/www.musical-today.de\/wp-content\/uploads\/2024\/10\/4-0A1A4510-scaled.jpg);\"><\/div><\/div><div class=\"post-content-center\"><div class=\"post-zoom-icon\"><div class=\"meta-search-icon\"><span><img decoding=\"async\" class=\"fancy-img\" src=\"https:\/\/www.musical-today.de\/wp-content\/uploads\/2024\/10\/4-0A1A4510-scaled.jpg\" alt=\"Media Image1\" title=\"\"><i class=\"fas fa-search-plus pop-icon\"><\/i><\/span><\/div><\/div><div class=\"post-content-bottom\"><p class=\"post-title tpgb-trans-easeinout\">Foto: L\u00e9on Maxim Gru\u00df\/LMG Fotografie<\/p><\/div><\/div><\/a><\/div><div class=\"grid-item metro-item-1    tpgb-metro-2  tpgb-tab-metro-2  tpgb-mobile-metro-2 \"><a href=\"https:\/\/www.musical-today.de\/wp-content\/uploads\/2024\/10\/18-0A1A5226-scaled.jpg\" class=\"tpgb-gallery-list-content tpgb-trans-easeinout\" data-fancybox=\"956d14_8185\" data-caption=\"Foto: L\u00e9on Maxim Gru\u00df\/LMG Fotografie\" aria-label=\"Foto: L\u00e9on Maxim Gru\u00df\/LMG Fotografie\"><div class=\"post-content-image\"><div class=\"tpgb-metro-gallery-image\" style=\"background: url(https:\/\/www.musical-today.de\/wp-content\/uploads\/2024\/10\/18-0A1A5226-scaled.jpg);\"><\/div><\/div><div class=\"post-content-center\"><div class=\"post-zoom-icon\"><div class=\"meta-search-icon\"><span><img decoding=\"async\" class=\"fancy-img\" src=\"https:\/\/www.musical-today.de\/wp-content\/uploads\/2024\/10\/18-0A1A5226-scaled.jpg\" alt=\"Media Image2\" title=\"\"><i class=\"fas fa-search-plus pop-icon\"><\/i><\/span><\/div><\/div><div class=\"post-content-bottom\"><p class=\"post-title tpgb-trans-easeinout\">Foto: L\u00e9on Maxim Gru\u00df\/LMG Fotografie<\/p><\/div><\/div><\/a><\/div><div class=\"grid-item metro-item-2    tpgb-metro-3  tpgb-tab-metro-3  tpgb-mobile-metro-3 \"><a href=\"https:\/\/www.musical-today.de\/wp-content\/uploads\/2024\/10\/26-0A1A5534-scaled.jpg\" class=\"tpgb-gallery-list-content tpgb-trans-easeinout\" data-fancybox=\"956d14_8185\" data-caption=\"Foto: L\u00e9on Maxim Gru\u00df\/LMG Fotografie\" aria-label=\"Foto: L\u00e9on Maxim Gru\u00df\/LMG Fotografie\"><div class=\"post-content-image\"><div class=\"tpgb-metro-gallery-image\" style=\"background: url(https:\/\/www.musical-today.de\/wp-content\/uploads\/2024\/10\/26-0A1A5534-scaled.jpg);\"><\/div><\/div><div class=\"post-content-center\"><div class=\"post-zoom-icon\"><div class=\"meta-search-icon\"><span><img decoding=\"async\" class=\"fancy-img\" src=\"https:\/\/www.musical-today.de\/wp-content\/uploads\/2024\/10\/26-0A1A5534-scaled.jpg\" alt=\"Media Image3\" title=\"\"><i class=\"fas fa-search-plus pop-icon\"><\/i><\/span><\/div><\/div><div class=\"post-content-bottom\"><p class=\"post-title tpgb-trans-easeinout\">Foto: L\u00e9on Maxim Gru\u00df\/LMG Fotografie<\/p><\/div><\/div><\/a><\/div><\/div><\/div><\/div>\n\n\n<p>Wenn es im Musical so poetisch hei\u00dft, dass man nicht zur\u00fcckkehren will aus New York, \u201ebevor wir nicht ein Girl gek\u00fcsst hab\u2019n heut\u2019 Nacht\u201c, f\u00e4hrt man nach K\u00f6ln nur zum \u201epoppen\u201c. Auf der Rhein-\u00dcberfahrt trifft man einen vermeintlichen Wal, der eine Wasserfont\u00e4ne in die Luft bl\u00e4st. \u201eNe, dat is die Hella von Sinnen\u201c, wird man belehrt, um gleich darauf Widerspruch zu ernten: \u201e.. aber geblosen hat die ihr Leben noch nie!\u201c In der Metropole verliebt sich Marie-Luise in Poldi, Dolly schnappt sich den anfangs widerstrebenden Manes, w\u00e4hrend der schlie\u00dflich F\u00e4\u00e4di als Familienmitglied akzeptiert. Dem Dreifach-Happy-End steht nichts mehr im Wege.<\/p>\n\n\n\n<p>Wie immer agiert das Scala-Ensemble mit \u201eSpa\u00df an der Freud\u201c. Die stimmgewaltige Kirstin Hesse (Stina) zeigt mit dem vor allem durch C\u00e9line Dion bekannt gewordenen \u201eAll by Myself\u201c ihre gesanglichen Qualit\u00e4ten. Sophie Russel gibt nicht nur die verschmitzt-l\u00fcsterne Eisbuden-Besitzerin, die f\u00fcr die meisten Zoten zust\u00e4ndig ist, sondern brilliert auch als Opa Otto in einer Travestie-Nebenrolle. Der bei der besuchten Vorstellung f\u00fcr den eigentlichen Hauptdarsteller Ralf Borgartz in die Figur des Manes geschl\u00fcpfte Oliver Nell entpuppt sich keineswegs als B-Besetzung, sondern eher als 1B-Ersatz, auch wenn er f\u00fcr die Rolle gelegentlich zu jung wirkt. Aber mit wohltuender Gesangsstimme und pr\u00e4zisem Pointen-Timing macht er dieses Manko immer wieder wett.<\/p>\n\n\n\n<p>Arne Hoffmann (Poldi) und Jens Kipper (F\u00e4\u00e4di) f\u00fcgen sich nahtlos ins spielw\u00fctige Ensemble ein, m\u00fcssen aber auch den geschmacklosesten Gag der Show spielen und sich als Priester einem Blowjob hingeben. Nur die Ensemble-Orgie mit aufblasbaren Sexpuppen toppt das noch. Da kann auch Svenja Schultes ausgelassene Choreografie die Peinlichkeit nicht \u00fcberspielen. Zum Gl\u00fcck \u00fcberstrahlt \u2013 wie im Original-Musical \u2013 die Rolle der Dolly die Szenerie, die Barbara N\u00f6ske mit einem Charme ausf\u00fcllt, der so manchen derben Kalauer \u00fcberspielt. Wer die perfekte Hauptdarstellerin f\u00fcr \u201eHello, Dolly!\u201c sucht, ist mit einem Besuch im Scala also bestens beraten.<\/p>\n\n\n\n<hr class=\"wp-block-separator has-alpha-channel-opacity is-style-dots\"\/>\n\n\n\n<p class=\"has-small-font-size\">Musikalische Leitung: Christian Wilke \u2022 Choreografie: Svenja Schulte \u2022 B\u00fchne: Tom Grasshof, Christian Schmell und Nina Horstmeier \u2022 Kost\u00fcme: Sergio Abajur und Marilene de Silva \u2022 Licht: Jonas Anders und Oliver Schell \u2022 Ton: Ben Streibig, Wolfgang Proppe und Florian G\u00f6tz \u2022 Mit: Barbara N\u00f6ske (Dolores \u201eDolly\u201c Rothschild), Oliver Nell (Herrmann \u201eManes\u201c Kn\u00f6tterkopp), Kirstin Hesse (Christina \u201eStina\u201c Wibbelst\u00e4tz), Arne Hoffmann (Leopold \u201ePoldi\u201c Wellens-G\u00e4\u00e4n), Jens Kipper (Ferdinand \u201eF\u00e4\u00e4di\u201c Sch\u00f6nhausen), Sophie Russel (Ottokar D\u00fcnnwald und Marie-Luise Leckerschlecker)<\/p>\n\n\n\n<p class=\"has-small-font-size\">Aufmacherfoto: L\u00e9on Maxim Gru\u00df\/LMG Fotografie<\/p>\n\n\n\n<p><\/p>\n","protected":false},"excerpt":{"rendered":"<p>Ausgelassene Stimmung mit \u201eJux un Dollerei\u201c Nach dem Tod des Theater- und Filmemachers Walter Bockmayer \u00fcbernahmen Ralf Borgartz und Arne Hoffmann 2015 das \u201eScala\u201c. Beide standen fortan als Schauspieler auf der B\u00fchne des Volkstheaters. Borgartz schrieb und inszenierte die St\u00fccke, die nun immer einen Tick vulg\u00e4rer wurden \u2013 vielleicht, weil der Regisseur Borgartz dem Autor Borgartz ungern auf die Finger klopft, wenn er mal wieder allzu derb unter die G\u00fcrtellinie greift. Die neue Produktion \u201eJux un Dollerei\u201c wiegt einen erstmal [&hellip;]<\/p>\n","protected":false},"author":15,"featured_media":8178,"comment_status":"closed","ping_status":"closed","sticky":false,"template":"","format":"standard","meta":{"tpgb_global_settings":"","footnotes":""},"categories":[193],"tags":[],"class_list":["post-8185","post","type-post","status-publish","format-standard","has-post-thumbnail","hentry","category-koeln"],"tpgb_featured_images":{"full":["https:\/\/www.musical-today.de\/wp-content\/uploads\/2024\/10\/66-0A1A7936-scaled.jpg",2560,1707,false],"tp-image-grid":["https:\/\/www.musical-today.de\/wp-content\/uploads\/2024\/10\/66-0A1A7936-700x700.jpg",700,700,true],"thumbnail":["https:\/\/www.musical-today.de\/wp-content\/uploads\/2024\/10\/66-0A1A7936-600x400.jpg",600,400,true],"medium":["https:\/\/www.musical-today.de\/wp-content\/uploads\/2024\/10\/66-0A1A7936-1200x800.jpg",1200,800,true],"medium_large":["https:\/\/www.musical-today.de\/wp-content\/uploads\/2024\/10\/66-0A1A7936-949x633.jpg",770,514,true],"large":["https:\/\/www.musical-today.de\/wp-content\/uploads\/2024\/10\/66-0A1A7936-1920x1280.jpg",1139,759,true],"default":"https:\/\/www.musical-today.de\/wp-content\/plugins\/the-plus-addons-for-block-editor\/assets\/images\/tpgb-placeholder.jpg"},"tpgb_post_meta_info":{"get_date":"11.10.2024","get_modified_date":"15.04.2025","category_list":{"category":[{"term_id":193,"name":"K\u00f6ln","slug":"koeln","term_group":0,"term_taxonomy_id":193,"taxonomy":"category","description":"","parent":19,"count":6,"filter":"raw","term_order":"57"}],"post_tag":false,"post_format":false},"author_name":"Rolf-R\u00fcdiger Hamacher","author_url":"https:\/\/www.musical-today.de\/en\/autor\/rhamacher\/","author_email":"online222@musical-today.de","author_website":"","author_description":"studierte nach einer Buchh\u00e4ndlerlehre Sozialarbeit. Anschlie\u00dfend war er Regieassistent am Theater und Volont\u00e4r bei einer Filmproduktionsfirma. Seit 1971 schreibt er Kritiken (Film, Theater, Musik, Literatur, Musicals) f\u00fcr Tageszeitungen und Fachmagazine und war Dozent f\u00fcr Medienp\u00e4dagogik und Filmgeschichte. Eigen-Zitat: \u201eMeine Frau ist der Film, meine Geliebte das Musical.\u201c","author_facebook":"","author_twitter":"","author_instagram":"","author_role":["author"],"author_firstname":"Rolf-R\u00fcdiger","author_lastname":"Hamacher","user_login":"rhamacher","author_avatar":"<img src=\"https:\/\/www.musical-today.de\/wp-content\/uploads\/2024\/03\/Rolf-Ruediger-Hamacher-293x293.jpg\" width=\"200\" height=\"200\" alt=\"Rolf-R\u00fcdiger Hamacher\" class=\"avatar avatar-200 wp-user-avatar wp-user-avatar-200 alignnone photo\" \/>","author_avatar_url":"https:\/\/www.musical-today.de\/wp-content\/uploads\/2024\/03\/Rolf-Ruediger-Hamacher.jpg","comment_count":0,"post_likes":0,"post_views":0},"tpgb_post_category":{"category":"<a href=\"https:\/\/www.musical-today.de\/en\/deutschland\/koeln\/\" alt=\"K\u00f6ln\"  class=\"category-koeln\">K\u00f6ln<\/a> "},"_links":{"self":[{"href":"https:\/\/www.musical-today.de\/en\/wp-json\/wp\/v2\/posts\/8185","targetHints":{"allow":["GET"]}}],"collection":[{"href":"https:\/\/www.musical-today.de\/en\/wp-json\/wp\/v2\/posts"}],"about":[{"href":"https:\/\/www.musical-today.de\/en\/wp-json\/wp\/v2\/types\/post"}],"author":[{"embeddable":true,"href":"https:\/\/www.musical-today.de\/en\/wp-json\/wp\/v2\/users\/15"}],"replies":[{"embeddable":true,"href":"https:\/\/www.musical-today.de\/en\/wp-json\/wp\/v2\/comments?post=8185"}],"version-history":[{"count":0,"href":"https:\/\/www.musical-today.de\/en\/wp-json\/wp\/v2\/posts\/8185\/revisions"}],"wp:featuredmedia":[{"embeddable":true,"href":"https:\/\/www.musical-today.de\/en\/wp-json\/wp\/v2\/media\/8178"}],"wp:attachment":[{"href":"https:\/\/www.musical-today.de\/en\/wp-json\/wp\/v2\/media?parent=8185"}],"wp:term":[{"taxonomy":"category","embeddable":true,"href":"https:\/\/www.musical-today.de\/en\/wp-json\/wp\/v2\/categories?post=8185"},{"taxonomy":"post_tag","embeddable":true,"href":"https:\/\/www.musical-today.de\/en\/wp-json\/wp\/v2\/tags?post=8185"}],"curies":[{"name":"wp","href":"https:\/\/api.w.org\/{rel}","templated":true}]}}