{"id":8258,"date":"2024-10-23T15:02:43","date_gmt":"2024-10-23T13:02:43","guid":{"rendered":"https:\/\/www.musical-today.de\/?p=8258"},"modified":"2025-04-15T14:28:19","modified_gmt":"2025-04-15T12:28:19","slug":"berlin-vogelfrei","status":"publish","type":"post","link":"https:\/\/www.musical-today.de\/en\/berlin-vogelfrei\/","title":{"rendered":"Vogelfrei"},"content":{"rendered":"<div class=\"lets-info-up-wrap  lets-info-up--right lets-info-up--m-1 lets-info-up-skin-3 lets-info-up--side lets-info-up-56498\" style=\"background:#fafafa; color: #616161\">\t\t\t<div class=\"lets-info-up\">\r\n\t\t\t<div class=\"lets-info-up-fi\"><img decoding=\"async\" width=\"500\" height=\"375\" src=\"https:\/\/www.musical-today.de\/wp-content\/uploads\/visual-portfolio\/placeholder-500x375.png\" class=\"attachment-lets-info-up-d1 size-lets-info-up-d1\" alt=\"|\" srcset=\"https:\/\/www.musical-today.de\/wp-content\/uploads\/visual-portfolio\/placeholder-500x375.png 500w, https:\/\/www.musical-today.de\/wp-content\/uploads\/visual-portfolio\/placeholder-300x225.png 300w, https:\/\/www.musical-today.de\/wp-content\/uploads\/visual-portfolio\/placeholder-1024x767.png 1024w, https:\/\/www.musical-today.de\/wp-content\/uploads\/visual-portfolio\/placeholder-883x662.png 883w, https:\/\/www.musical-today.de\/wp-content\/uploads\/visual-portfolio\/placeholder-16x12.png 16w, https:\/\/www.musical-today.de\/wp-content\/uploads\/visual-portfolio\/placeholder-800x600.png 800w, https:\/\/www.musical-today.de\/wp-content\/uploads\/visual-portfolio\/placeholder.png 1201w\" sizes=\"(max-width: 500px) 100vw, 500px\" title=\"\"><\/div>\t\t\t<div class=\"lets-info-up-block-wrap\">\r\n\t\t\t\t<div class=\"lets-info-up-block lets-info-up-meta-block\"><div class=\"lets-info-up-meta-title lets-info-up-pretitle font-h\" style=\"color: #8c6d18;\">Ort<\/div><div class=\"lets-info-up-meta-content lets-info-up-title font-b\">Neuk\u00f6llner Oper Berlin<\/div><\/div><div class=\"lets-info-up-block lets-info-up-meta-block\"><div class=\"lets-info-up-meta-title lets-info-up-pretitle font-h\" style=\"color: #8c6d18;\">VON<\/div><div class=\"lets-info-up-meta-content lets-info-up-title font-b\">Vera Schindler (Text)<br>Yuval Halpern (Musik)<\/div><\/div><div class=\"lets-info-up-block lets-info-up-meta-block\"><div class=\"lets-info-up-meta-title lets-info-up-pretitle font-h\" style=\"color: #8c6d18;\">Regie<\/div><div class=\"lets-info-up-meta-content lets-info-up-title font-b\">Bj\u00f8rn de Wildt\u00a0<\/div><\/div><div class=\"lets-info-up-block lets-info-up-meta-block\"><div class=\"lets-info-up-meta-title lets-info-up-pretitle font-h\" style=\"color: #8c6d18;\">Urauff\u00fchrung<\/div><div class=\"lets-info-up-meta-content lets-info-up-title font-b\">2024<\/div><\/div><div class=\"lets-info-up-block lets-info-up-meta-block\"><div class=\"lets-info-up-meta-title lets-info-up-pretitle font-h\" style=\"color: #8c6d18;\">INFOS<\/div><div class=\"lets-info-up-meta-content lets-info-up-title font-b\"><a href=\"https:\/\/www.neukoellneroper.de\/performance\/vogelfrei\" target=\"_blank\" data-type=\"link\" rel=\"noreferrer noopener\">www.neukoellneroper.de<\/a><\/div><\/div>\t\t\t<\/div>\r\n\t\t\t<\/div>\r\n\t\t<\/div>\r\n\t\t\n\n\n<p><strong>Ein besonderes Musiktheater-Projekt der Jungen NKO der Neuk\u00f6llner Oper Berlin<\/strong><\/p>\n\n\n\n<p>In Autokratien sind Einschr\u00e4nkungen der Freiheit bittere Realit\u00e4t: Tschetschenien hat k\u00fcrzlich sowohl zu schnelle als auch zu langsame Musik verboten, mit dem Ziel das kulturelle Erbe zu wahren, w\u00e4hrend in Afghanistan insbesondere Frauen Gef\u00e4ngnisstrafen drohen, wenn sie in der \u00d6ffentlichkeit singen. Das zeigt: Musik wird oft als Gefahr f\u00fcr die Stabilit\u00e4t autorit\u00e4rer Herrschaft verstanden, zumindest dann, wenn sie als Ausdruck von Freiheit gilt. Auch Demokratien erleben Angriffe auf Freiheitsrechte und provozieren Widerstand durch soziale Bewegungen. Dabei schwingen Fragen mit wie: Sind Gesetze gerecht, weil sie Gesetze sind? Rechtfertigen Repressionen Gewalt? Ist Widerstand gerechtfertigt? Sollte die Mehrheit die Macht haben? Dem widmet sich die aktuelle Produktion \u201eVogelfrei\u201c des Theaterjugendklubs Junge NKO der Neuk\u00f6llner Oper Berlin.<\/p>\n\n\n\n<p>In einem dystopischen Fantasiestaat wird ein Musikverbot erlassen, das die jungen Erwachsenen zun\u00e4chst schockiert. Der Funke des Widerstands entz\u00fcndet sich: sie beschlie\u00dfen, die Musik zur\u00fcckzuholen, ihre Stimmen zu erheben und brechen in die Neuk\u00f6llner Oper ein, um mit der intergalaktischen Radiosendung \u201eVogelfrei\u201c dem Kampf gegen das System Ausdruck zu verleihen. Anf\u00e4nglicher Konsens schl\u00e4gt schnell in interne Feindseligkeiten um, die sich nach einer Erweiterung des Verbotes versch\u00e4rfen.<\/p>\n\n\n<div  class=\"tpgb-wrap-956d14_8258  tpgb-wrap-fw \"  ><div id=\"956d14_8258\" class=\"tpgb-block-956d14_8258 tpgb-relative-block tpgb-gallery-list tpgb-metro gallery-style-2 hover-image-style-1   \" data-style=\"style-2\" data-id=\"956d14_8258\" data-layout=\"metro\" data-fancy-option='{\"loop\":false,\"thumb\":\"no\",\"infobar\":true,\"arrows\":true,\"transitionEffect\":\"slide\",\"button\":[\"close\"]}' data-splide='\"\"' data-metroAttr= '{\"metro_col\":3,\"tab_metro_col\":3,\"mobile_metro_col\":3,\"metro_style\":\"style-1\",\"tab_metro_style\":\"style-1\",\"mobile_metro_style\":\"style-1\"}' ><div class=\"tpgb-row post-loop-inner \"><div class=\"grid-item metro-item-0    tpgb-metro-1  tpgb-tab-metro-1  tpgb-mobile-metro-1 \"><a href=\"https:\/\/www.musical-today.de\/wp-content\/uploads\/2024\/10\/Vogelfrei__tk_8215.jpg\" class=\"tpgb-gallery-list-content tpgb-trans-easeinout\" data-fancybox=\"956d14_8258\" data-caption=\"Foto: Thomas Koy\" aria-label=\"Foto: Thomas Koy\"><div class=\"post-content-image\"><div class=\"tpgb-metro-gallery-image\" style=\"background: url(https:\/\/www.musical-today.de\/wp-content\/uploads\/2024\/10\/Vogelfrei__tk_8215.jpg);\"><\/div><\/div><div class=\"post-content-center\"><div class=\"post-zoom-icon\"><div class=\"meta-search-icon\"><span><img decoding=\"async\" class=\"fancy-img\" src=\"https:\/\/www.musical-today.de\/wp-content\/uploads\/2024\/10\/Vogelfrei__tk_8215.jpg\" alt=\"Media Image1\" title=\"\"><i class=\"fas fa-search-plus pop-icon\"><\/i><\/span><\/div><\/div><div class=\"post-content-bottom\"><p class=\"post-title tpgb-trans-easeinout\">Foto: Thomas Koy<\/p><\/div><\/div><\/a><\/div><div class=\"grid-item metro-item-1    tpgb-metro-2  tpgb-tab-metro-2  tpgb-mobile-metro-2 \"><a href=\"https:\/\/www.musical-today.de\/wp-content\/uploads\/2024\/10\/Vogelfrei_tk_8303.jpg\" class=\"tpgb-gallery-list-content tpgb-trans-easeinout\" data-fancybox=\"956d14_8258\" data-caption=\"Foto: Thomas Koy\" aria-label=\"Foto: Thomas Koy\"><div class=\"post-content-image\"><div class=\"tpgb-metro-gallery-image\" style=\"background: url(https:\/\/www.musical-today.de\/wp-content\/uploads\/2024\/10\/Vogelfrei_tk_8303.jpg);\"><\/div><\/div><div class=\"post-content-center\"><div class=\"post-zoom-icon\"><div class=\"meta-search-icon\"><span><img decoding=\"async\" class=\"fancy-img\" src=\"https:\/\/www.musical-today.de\/wp-content\/uploads\/2024\/10\/Vogelfrei_tk_8303.jpg\" alt=\"Media Image2\" title=\"\"><i class=\"fas fa-search-plus pop-icon\"><\/i><\/span><\/div><\/div><div class=\"post-content-bottom\"><p class=\"post-title tpgb-trans-easeinout\">Foto: Thomas Koy<\/p><\/div><\/div><\/a><\/div><div class=\"grid-item metro-item-2    tpgb-metro-3  tpgb-tab-metro-3  tpgb-mobile-metro-3 \"><a href=\"https:\/\/www.musical-today.de\/wp-content\/uploads\/2024\/10\/Vogelfrei_tk_8392.jpg\" class=\"tpgb-gallery-list-content tpgb-trans-easeinout\" data-fancybox=\"956d14_8258\" data-caption=\"Foto: Thomas Koy\" aria-label=\"Foto: Thomas Koy\"><div class=\"post-content-image\"><div class=\"tpgb-metro-gallery-image\" style=\"background: url(https:\/\/www.musical-today.de\/wp-content\/uploads\/2024\/10\/Vogelfrei_tk_8392.jpg);\"><\/div><\/div><div class=\"post-content-center\"><div class=\"post-zoom-icon\"><div class=\"meta-search-icon\"><span><img decoding=\"async\" class=\"fancy-img\" src=\"https:\/\/www.musical-today.de\/wp-content\/uploads\/2024\/10\/Vogelfrei_tk_8392.jpg\" alt=\"Media Image3\" title=\"\"><i class=\"fas fa-search-plus pop-icon\"><\/i><\/span><\/div><\/div><div class=\"post-content-bottom\"><p class=\"post-title tpgb-trans-easeinout\">Foto: Thomas Koy<\/p><\/div><\/div><\/a><\/div><\/div><\/div><\/div>\n\n\n<p>Eine kleine pazifistische Gruppe um Henk (Lara Wirbelauer) lehnt Gewalt ab, f\u00fchlt sich frei in der Stille und akzeptiert den Freiheitsverlust. Allerdings setzt sich eine gewaltbereite Gruppe durch, die sie aus der Gemeinschaft ausst\u00f6\u00dft, diskriminiert und als Ungeziefer bezeichnet. Der anfangs alle vereinende Kampf f\u00fcr Freiheit wandelt sich in einen internen Konflikt, in dem die Freiheit der Minderheit zugunsten der Mehrheit verwirkt wird. All dies sind Prozesse, die langsam voranschreiten wie \u201eRisse, die man h\u00f6rt, aber noch nicht sieht\u201c, sagt Marla (Anaise Kliemann) \u2013 eine Anspielung auf die zunehmende Akzeptanz menschenverachtenden Gedankenguts in der Gesellschaft. Das Ende gipfelt im Chaos, die Stadt geht in Flammen auf \u2013 schlie\u00dflich m\u00fcssten manchmal \u201eDinge enden, damit etwas Neues beginnen kann\u201c.<\/p>\n\n\n\n<p>Diese metaphorische Reichhaltigkeit durchzieht die ausget\u00fcftelte Inszenierung (Bj\u00f8rn de Wildt), die aufzeigt: Der Kampf f\u00fcr das Gemeinwohl, f\u00fcr Freiheit kann autorit\u00e4r instrumentalisiert werden, wenn der Zweck die Mittel heiligt und oppositionelle Stimmen unterdr\u00fcckt werden. Den Figuren haucht de Wildt ausreichend Tiefe ein und l\u00e4sst eine fesselnde Intensit\u00e4t entstehen, die das Publikum bewegt. Hier und da sind die szenischen \u00dcberg\u00e4nge zwar ein wenig schwerf\u00e4llig, allerdings werden die Charaktere ausdrucksstark sowie modulationsreich entfaltet.<\/p>\n\n\n\n<p>Besonders hervorzuheben sind Anais Kliemann (Marla), Emma Klessen (Gavin), Nayra Santos Strobel (Jesse) und Viktor Voigt (Wren), die durch melodisches Timbre, pointiert platzierten Humor, charismatische und authentische Pr\u00e4senz begeistern. Die eher schlichten Bewegungsabl\u00e4ufe wirken harmonisch, einf\u00fchlsam, meist synchron, fast schwerelos und akzentuieren geschickt die Inszenierung. Die reduziert gehaltenen Kost\u00fcme (Frederica Fugazzi) als auch die verwendete Symbolik unterstreichen den Gleichheitsgedanken hervorragend. Yuval Halperns Eigenkompositionen sorgen f\u00fcr eine abwechslungsreiche und atmosph\u00e4risch dichte Dynamik mit ergreifenden, die Thematik pr\u00e4gnant untermalenden Nummern wie \u201eLava hei\u00df\u201c oder \u201eWas bist du bereit, aufzugeben?\u201c, unterst\u00fctzt durch sanfte, rhythmische Begleitung von Nastaran Mirabshabestari (Cajon), Ori Davidson (Bass) und Joshua Neumann (Klavier). Auf der B\u00fchne (Rui Wegener, Ralf Mauelshagen u.a.) finden sich \u00fcberwiegend Requisiten aus dem St\u00fcck \u201eDaddy Unplugged\u201c, die besonders kreativ in die Inszenierung eingebettet werden. Die pr\u00e4zise abgestimmte Licht- (Christian Maith) und Tontechnik (Ronald D\u00e1vila) hebt schlie\u00dflich die insgesamt gelungene Leistung aller Beteiligten eindrucksvoll hervor.<\/p>\n\n\n\n<p>\u201eVogelfrei\u201c erz\u00e4hlt von einer bewegenden Widerstandsgeschichte, in der ein Konflikt zwischen friedlicher Akzeptanz von Freiheitsverlust und gewaltvollem Widerstand entflammt. Der Jungen NKO gelingt ein mitrei\u00dfendes Portr\u00e4t der Paradoxie des Freiheitsbegriffs, der tr\u00fcgerisch bleibt, weil er ideologisch eingef\u00e4rbt werden kann. Am Ende steht die Einsicht: Gewaltfreier Widerstand kann f\u00fcr selbstverst\u00e4ndlich gehaltene Verh\u00e4ltnisse konstruktiv entzaubern, w\u00e4hrend instrumentelle Gewalt dies nicht vermag. Die Produktion regt zum intensiven Nachdenken an, honoriert durch geb\u00fchrenden Applaus und Standing Ovations.<\/p>\n\n\n\n<hr class=\"wp-block-separator has-alpha-channel-opacity is-style-dots\"\/>\n\n\n\n<p class=\"has-small-font-size\">Musikalische Leitung \/ Einstudierung: Yuval Halpern \u2022 Produktionsleitung: Lena Wetzel \u2022&nbsp;Kost\u00fcm: Federica Fugazzi \u2022 Skript: Vera Schindler \u2022 Dramaturgie: \u00c4nne-Marthe K\u00fchn \u2022 Licht: Christian Maith \u2022 Ton \/ Abendtechnik: Ronald D\u00e1vila \u2022 B\u00fchnenbau: Rui Wegener, Ralf Mauelshagen, Gregor von Glinski, Philipp Zumpe, Marc Schulze, Pet Bartl-Zuba \u2022 Abendspielleitung: Sophie Reavley \u2022 Mit: Anaise Kliemann (Marla), Helena Marte (Valle), Maxim Komarchuk (Falk), Luise D\u00f6hring (Enis), Lara Wirbelauer (Henk), Viktor Voigt (Wren), Laura Lenkeit (Stine), Nayra Santos Strobel (Jesse), Johanna Lanzky (Robin), Samy Allozy (Sandros), Emma Klessen (Gavin) und den Musiker*innen Nastaran Mirabshabestari (Cajon), Ori Davidson (Bass), Joshua Neumann (Klavier)<\/p>\n\n\n\n<p class=\"has-small-font-size\">Aufmacherfoto: Thomas Koy<\/p>\n","protected":false},"excerpt":{"rendered":"<p>Ein besonderes Musiktheater-Projekt der Jungen NKO der Neuk\u00f6llner Oper Berlin In Autokratien sind Einschr\u00e4nkungen der Freiheit bittere Realit\u00e4t: Tschetschenien hat k\u00fcrzlich sowohl zu schnelle als auch zu langsame Musik verboten, mit dem Ziel das kulturelle Erbe zu wahren, w\u00e4hrend in Afghanistan insbesondere Frauen Gef\u00e4ngnisstrafen drohen, wenn sie in der \u00d6ffentlichkeit singen. Das zeigt: Musik wird oft als Gefahr f\u00fcr die Stabilit\u00e4t autorit\u00e4rer Herrschaft verstanden, zumindest dann, wenn sie als Ausdruck von Freiheit gilt. Auch Demokratien erleben Angriffe auf Freiheitsrechte und [&hellip;]<\/p>\n","protected":false},"author":7,"featured_media":8269,"comment_status":"closed","ping_status":"closed","sticky":false,"template":"","format":"standard","meta":{"tpgb_global_settings":"","footnotes":""},"categories":[130],"tags":[],"class_list":["post-8258","post","type-post","status-publish","format-standard","has-post-thumbnail","hentry","category-berlin"],"tpgb_featured_images":{"full":["https:\/\/www.musical-today.de\/wp-content\/uploads\/2024\/10\/Vogelfrei__tk_8232.jpg",1680,1080,false],"tp-image-grid":["https:\/\/www.musical-today.de\/wp-content\/uploads\/2024\/10\/Vogelfrei__tk_8232-700x700.jpg",700,700,true],"thumbnail":["https:\/\/www.musical-today.de\/wp-content\/uploads\/2024\/10\/Vogelfrei__tk_8232-600x386.jpg",600,386,true],"medium":["https:\/\/www.musical-today.de\/wp-content\/uploads\/2024\/10\/Vogelfrei__tk_8232-1200x771.jpg",1200,771,true],"medium_large":["https:\/\/www.musical-today.de\/wp-content\/uploads\/2024\/10\/Vogelfrei__tk_8232-949x610.jpg",770,495,true],"large":["https:\/\/www.musical-today.de\/wp-content\/uploads\/2024\/10\/Vogelfrei__tk_8232.jpg",1139,732,false],"default":"https:\/\/www.musical-today.de\/wp-content\/plugins\/the-plus-addons-for-block-editor\/assets\/images\/tpgb-placeholder.jpg"},"tpgb_post_meta_info":{"get_date":"23.10.2024","get_modified_date":"15.04.2025","category_list":{"category":[{"term_id":130,"name":"Berlin","slug":"berlin","term_group":0,"term_taxonomy_id":130,"taxonomy":"category","description":"","parent":19,"count":27,"filter":"raw","term_order":"9"}],"post_tag":false,"post_format":false},"author_name":"Valentin B\u00f6sing","author_url":"https:\/\/www.musical-today.de\/en\/autor\/vboesing\/","author_email":"email@valentinboesing.de","author_website":"","author_description":"<b>Online-Redaktion<\/b> <p>","author_facebook":"","author_twitter":"","author_instagram":"","author_role":["redakteur","author"],"author_firstname":"Valentin","author_lastname":"B\u00f6sing","user_login":"vboesing","author_avatar":"<img src=\"https:\/\/www.musical-today.de\/wp-content\/uploads\/2024\/03\/434034552_122093726612266069_5386620108228489486_n-293x293.jpg\" width=\"200\" height=\"200\" alt=\"Valentin B\u00f6sing\" class=\"avatar avatar-200 wp-user-avatar wp-user-avatar-200 alignnone photo\" \/>","author_avatar_url":"https:\/\/www.musical-today.de\/wp-content\/uploads\/2024\/03\/434034552_122093726612266069_5386620108228489486_n.jpg","comment_count":0,"post_likes":0,"post_views":0},"tpgb_post_category":{"category":"<a href=\"https:\/\/www.musical-today.de\/en\/deutschland\/berlin\/\" alt=\"Berlin\"  class=\"category-berlin\">Berlin<\/a> "},"_links":{"self":[{"href":"https:\/\/www.musical-today.de\/en\/wp-json\/wp\/v2\/posts\/8258","targetHints":{"allow":["GET"]}}],"collection":[{"href":"https:\/\/www.musical-today.de\/en\/wp-json\/wp\/v2\/posts"}],"about":[{"href":"https:\/\/www.musical-today.de\/en\/wp-json\/wp\/v2\/types\/post"}],"author":[{"embeddable":true,"href":"https:\/\/www.musical-today.de\/en\/wp-json\/wp\/v2\/users\/7"}],"replies":[{"embeddable":true,"href":"https:\/\/www.musical-today.de\/en\/wp-json\/wp\/v2\/comments?post=8258"}],"version-history":[{"count":0,"href":"https:\/\/www.musical-today.de\/en\/wp-json\/wp\/v2\/posts\/8258\/revisions"}],"wp:featuredmedia":[{"embeddable":true,"href":"https:\/\/www.musical-today.de\/en\/wp-json\/wp\/v2\/media\/8269"}],"wp:attachment":[{"href":"https:\/\/www.musical-today.de\/en\/wp-json\/wp\/v2\/media?parent=8258"}],"wp:term":[{"taxonomy":"category","embeddable":true,"href":"https:\/\/www.musical-today.de\/en\/wp-json\/wp\/v2\/categories?post=8258"},{"taxonomy":"post_tag","embeddable":true,"href":"https:\/\/www.musical-today.de\/en\/wp-json\/wp\/v2\/tags?post=8258"}],"curies":[{"name":"wp","href":"https:\/\/api.w.org\/{rel}","templated":true}]}}