{"id":8374,"date":"2024-10-27T13:03:32","date_gmt":"2024-10-27T12:03:32","guid":{"rendered":"https:\/\/www.musical-today.de\/?p=8374"},"modified":"2025-04-15T14:28:19","modified_gmt":"2025-04-15T12:28:19","slug":"leipzig-ein-wenig-farbe","status":"publish","type":"post","link":"https:\/\/www.musical-today.de\/en\/leipzig-ein-wenig-farbe\/","title":{"rendered":"Ein wenig Farbe"},"content":{"rendered":"<div class=\"lets-info-up-wrap  lets-info-up--right lets-info-up--m-1 lets-info-up-skin-3 lets-info-up--side lets-info-up-18661\" style=\"background:#fafafa; color: #616161\">\t\t\t<div class=\"lets-info-up\">\r\n\t\t\t<div class=\"lets-info-up-fi\"><img decoding=\"async\" width=\"500\" height=\"375\" src=\"https:\/\/www.musical-today.de\/wp-content\/uploads\/visual-portfolio\/placeholder-500x375.png\" class=\"attachment-lets-info-up-d1 size-lets-info-up-d1\" alt=\"|\" srcset=\"https:\/\/www.musical-today.de\/wp-content\/uploads\/visual-portfolio\/placeholder-500x375.png 500w, https:\/\/www.musical-today.de\/wp-content\/uploads\/visual-portfolio\/placeholder-300x225.png 300w, https:\/\/www.musical-today.de\/wp-content\/uploads\/visual-portfolio\/placeholder-1024x767.png 1024w, https:\/\/www.musical-today.de\/wp-content\/uploads\/visual-portfolio\/placeholder-883x662.png 883w, https:\/\/www.musical-today.de\/wp-content\/uploads\/visual-portfolio\/placeholder-16x12.png 16w, https:\/\/www.musical-today.de\/wp-content\/uploads\/visual-portfolio\/placeholder-800x600.png 800w, https:\/\/www.musical-today.de\/wp-content\/uploads\/visual-portfolio\/placeholder.png 1201w\" sizes=\"(max-width: 500px) 100vw, 500px\" title=\"\"><\/div>\t\t\t<div class=\"lets-info-up-block-wrap\">\r\n\t\t\t\t<div class=\"lets-info-up-block lets-info-up-meta-block\"><div class=\"lets-info-up-meta-title lets-info-up-pretitle font-h\" style=\"color: #8c6d18;\">Ort<\/div><div class=\"lets-info-up-meta-content lets-info-up-title font-b\">Oper Leipzig (Musikalische Kom\u00f6die)<\/div><\/div><div class=\"lets-info-up-block lets-info-up-meta-block\"><div class=\"lets-info-up-meta-title lets-info-up-pretitle font-h\" style=\"color: #8c6d18;\">VON<\/div><div class=\"lets-info-up-meta-content lets-info-up-title font-b\">Rory Six<\/div><\/div><div class=\"lets-info-up-block lets-info-up-meta-block\"><div class=\"lets-info-up-meta-title lets-info-up-pretitle font-h\" style=\"color: #8c6d18;\">Regie<\/div><div class=\"lets-info-up-meta-content lets-info-up-title font-b\"> Lucia Reichard<\/div><\/div><div class=\"lets-info-up-block lets-info-up-meta-block\"><div class=\"lets-info-up-meta-title lets-info-up-pretitle font-h\" style=\"color: #8c6d18;\">Urauff\u00fchrung<\/div><div class=\"lets-info-up-meta-content lets-info-up-title font-b\">2018<\/div><\/div><div class=\"lets-info-up-block lets-info-up-meta-block\"><div class=\"lets-info-up-meta-title lets-info-up-pretitle font-h\" style=\"color: #8c6d18;\">INFOS<\/div><div class=\"lets-info-up-meta-content lets-info-up-title font-b\"><a href=\"https:\/\/www.oper-leipzig.de\/de\/programm\/ein-wenig-farbe\/767\" target=\"_blank\" rel=\"noopener noreferrer nofollow\">www.oper-leipzig.de<\/a><\/div><\/div>\t\t\t<\/div>\r\n\t\t\t<\/div>\r\n\t\t<\/div>\r\n\t\t\n\n\n<p><strong>\u201eEin wenig Farbe\u201c mit AMY \u2013 stark, sensibel, selbstbewusst, schmerzlich<\/strong><\/p>\n\n\n\n<p>Im Venussaal der Musikalischen Kom\u00f6die ist Rory Six\u2019 Ein-Personen-Musical \u201eEin wenig Farbe\u201c zu sehen. Nach bisherigen Produktionen mit Pia Douwes, Rob Pelzer und Mark Seibert spielt zum ersten Mal eine trans* Musicaldarstellerin Helenas R\u00fcckblick neuneinhalb Stunden vor ihrer operativen Geschlechtsangleichung. Zwischen AMY und den bisherigen Besetzungen des Musical-Monologs gibt es nur einen entscheidenden Unterschied: Mit 28 Jahren ist AMY wesentlich j\u00fcnger als alle bisher weitaus reiferen Darsteller der Helena, die sich im St\u00fcck nach langem Eheleben und erst, als die zwei von Helena als Vater gezeugten S\u00f6hne studieren, zur Geschlechtsangleichung entschlie\u00dft. Helenas Ehefrau findet in \u201eEin wenig Farbe\u201c nur nach l\u00e4ngerem zeitlichem Abstand und erst durch den Kontakt mit einer anderen trans* Frau zur freundschaftlichen Ann\u00e4herung mit dem fr\u00fcheren Ehepartner. Aber einer der S\u00f6hne h\u00e4lt die Funkstille langfristig aufrecht. Aus dem fr\u00fcheren Umfeld bleiben der B\u00fchnenfigur Helena zwei Freund*innen \u2013 durchaus realistisch.<\/p>\n\n\n\n<p>Der in vorerst acht Vorstellungen angesetzte Abend ist in mehrerlei Hinsicht denkw\u00fcrdig, auch wegen der hohen Aufmerksamkeit und sensiblen Reaktionen des Publikums aller Generationen bei der Premiere vor knapp 100 ausverkauften Pl\u00e4tzen. Wir alle sind Helena: Vier Spiegelw\u00e4nde als Frank Schmutzlers B\u00fchnenbild sind Richtung Zuschauerraum gerichtet, in denen das Publikum sich selbst und dann die durch dessen Mitte auftretende AMY sehen kann. Darauf drehen die Spiegelw\u00e4nde und werden zu Schr\u00e4nken, in denen sich gro\u00dfe Spielfiguren befinden \u2013 dazu ein Krankenhausbett. Das als szenische Methode verwendete Therapiemodell der Familienaufstellung erm\u00f6glicht, dass AMY die Dialoge ihrer imagin\u00e4ren Gespr\u00e4chspartner zwar zitiert, aber nicht spielen muss.<\/p>\n\n\n<div  class=\"tpgb-wrap-956d14_8374  tpgb-wrap-fw \"  ><div id=\"956d14_8374\" class=\"tpgb-block-956d14_8374 tpgb-relative-block tpgb-gallery-list tpgb-metro gallery-style-2 hover-image-style-1   \" data-style=\"style-2\" data-id=\"956d14_8374\" data-layout=\"metro\" data-fancy-option='{\"loop\":false,\"thumb\":\"no\",\"infobar\":true,\"arrows\":true,\"transitionEffect\":\"slide\",\"button\":[\"close\"]}' data-splide='\"\"' data-metroAttr= '{\"metro_col\":3,\"tab_metro_col\":3,\"mobile_metro_col\":3,\"metro_style\":\"style-1\",\"tab_metro_style\":\"style-1\",\"mobile_metro_style\":\"style-1\"}' ><div class=\"tpgb-row post-loop-inner \"><div class=\"grid-item metro-item-0    tpgb-metro-1  tpgb-tab-metro-1  tpgb-mobile-metro-1 \"><a href=\"https:\/\/www.musical-today.de\/wp-content\/uploads\/2024\/10\/AMY_Ein_wenig_Farbe_MuKo2024_c_KirstenNijhof-3-scaled.jpg\" class=\"tpgb-gallery-list-content tpgb-trans-easeinout\" data-fancybox=\"956d14_8374\" data-caption=\"Foto: Kirsten Nijhof\" aria-label=\"Foto: Kirsten Nijhof\"><div class=\"post-content-image\"><div class=\"tpgb-metro-gallery-image\" style=\"background: url(https:\/\/www.musical-today.de\/wp-content\/uploads\/2024\/10\/AMY_Ein_wenig_Farbe_MuKo2024_c_KirstenNijhof-3-scaled.jpg);\"><\/div><\/div><div class=\"post-content-center\"><div class=\"post-zoom-icon\"><div class=\"meta-search-icon\"><span><img decoding=\"async\" class=\"fancy-img\" src=\"https:\/\/www.musical-today.de\/wp-content\/uploads\/2024\/10\/AMY_Ein_wenig_Farbe_MuKo2024_c_KirstenNijhof-3-scaled.jpg\" alt=\"Media Image1\" title=\"\"><i class=\"fas fa-search-plus pop-icon\"><\/i><\/span><\/div><\/div><div class=\"post-content-bottom\"><p class=\"post-title tpgb-trans-easeinout\">Foto: Kirsten Nijhof<\/p><\/div><\/div><\/a><\/div><div class=\"grid-item metro-item-1    tpgb-metro-2  tpgb-tab-metro-2  tpgb-mobile-metro-2 \"><a href=\"https:\/\/www.musical-today.de\/wp-content\/uploads\/2024\/10\/AMY_Ein_wenig_Farbe_MuKo2024_c_KirstenNijhof-2-scaled.jpg\" class=\"tpgb-gallery-list-content tpgb-trans-easeinout\" data-fancybox=\"956d14_8374\" data-caption=\"Foto: Kirsten Nijhof\" aria-label=\"Foto: Kirsten Nijhof\"><div class=\"post-content-image\"><div class=\"tpgb-metro-gallery-image\" style=\"background: url(https:\/\/www.musical-today.de\/wp-content\/uploads\/2024\/10\/AMY_Ein_wenig_Farbe_MuKo2024_c_KirstenNijhof-2-scaled.jpg);\"><\/div><\/div><div class=\"post-content-center\"><div class=\"post-zoom-icon\"><div class=\"meta-search-icon\"><span><img decoding=\"async\" class=\"fancy-img\" src=\"https:\/\/www.musical-today.de\/wp-content\/uploads\/2024\/10\/AMY_Ein_wenig_Farbe_MuKo2024_c_KirstenNijhof-2-scaled.jpg\" alt=\"Media Image2\" title=\"\"><i class=\"fas fa-search-plus pop-icon\"><\/i><\/span><\/div><\/div><div class=\"post-content-bottom\"><p class=\"post-title tpgb-trans-easeinout\">Foto: Kirsten Nijhof<\/p><\/div><\/div><\/a><\/div><div class=\"grid-item metro-item-2    tpgb-metro-3  tpgb-tab-metro-3  tpgb-mobile-metro-3 \"><a href=\"https:\/\/www.musical-today.de\/wp-content\/uploads\/2024\/10\/AMY_Ein_wenig_Farbe_MuKo2024_c_KirstenNijhof-1-scaled.jpg\" class=\"tpgb-gallery-list-content tpgb-trans-easeinout\" data-fancybox=\"956d14_8374\" data-caption=\"Foto: Kirsten Nijhof\" aria-label=\"Foto: Kirsten Nijhof\"><div class=\"post-content-image\"><div class=\"tpgb-metro-gallery-image\" style=\"background: url(https:\/\/www.musical-today.de\/wp-content\/uploads\/2024\/10\/AMY_Ein_wenig_Farbe_MuKo2024_c_KirstenNijhof-1-scaled.jpg);\"><\/div><\/div><div class=\"post-content-center\"><div class=\"post-zoom-icon\"><div class=\"meta-search-icon\"><span><img decoding=\"async\" class=\"fancy-img\" src=\"https:\/\/www.musical-today.de\/wp-content\/uploads\/2024\/10\/AMY_Ein_wenig_Farbe_MuKo2024_c_KirstenNijhof-1-scaled.jpg\" alt=\"Media Image3\" title=\"\"><i class=\"fas fa-search-plus pop-icon\"><\/i><\/span><\/div><\/div><div class=\"post-content-bottom\"><p class=\"post-title tpgb-trans-easeinout\">Foto: Kirsten Nijhof<\/p><\/div><\/div><\/a><\/div><\/div><\/div><\/div>\n\n\n<p>Es gibt nur ein Kost\u00fcm und wenige Accessoires (Melchior Silbersack): wei\u00dfer Hoodie und Schlaghose mit applizierten Glas-Steinchen, also Gala und Alltag f\u00fcr \u201e1 Darsteller*in, 13 verschiedene Rollen und 13 Sichtweisen auf das Leben\u201c. In 80 Minuten wird dieser sicher auch sportive Alleingang von einer Salon-Band unter Kathryn Bolitho erg\u00e4nzt, die durch ihren Job als Korrepetitorin an der Oper Leipzig besonders stimmsensibel ist. Die Frauen und M\u00e4nner aus dem Orchester der Musikalischen Kom\u00f6die machen Musical-Kammermusik vom Feinsten.<\/p>\n\n\n\n<p>AMY zieht alle Register, aber sie zieht keine Klischee-Schubladen und dr\u00fcckt nicht aufs Pointen-Kn\u00f6pfchen. Immer wieder gelingt es ihr, jede Person im Publikum anzusprechen und manchmal sogar gedanklich wachzuk\u00fcssen. Sie setzt nicht auf den Glamour- und Kampfpunkt \u201eI Am What I Am\u201c, sondern auf den abenteuerlichen Weg dahin \u2013 Selbstreifungsprozess inbegriffen. Deutlich werden in Rory Six\u2019 Text die Anstrengungen des Lernens, Loslassens, Aneignens. Und vor allem der Glaube an den Sinn, aber auch die Richtigkeit der Entscheidung: Die Szenen beinhalten Erinnerungen an Helenas Gespr\u00e4che mit der Mutter, der Psychotherapeutin, mit der beim Lernen des \u00f6ffentlichen Auftretens als Frau helfenden Dragqueen bis zum Kontakt mit gleichg\u00fcltigen \u00c4rzten und verst\u00e4ndnislosen Chefs.<\/p>\n\n\n\n<p>Lucia Reichard gelingt in enger Umschlie\u00dfung von Text und Musik eine genaue und gerade deshalb glaubw\u00fcrdige Inszenierung. Die beste Regie sei jene, die man nicht merkt, lautet ein verbreitetes Theater-Bonmot. Das wird hier best\u00e4tigt und bewahrheitet. In einer anderen Konstellation h\u00e4tte \u201eEin wenig Farbe\u201c zu einer Betroffenheitsshow mit Exhibitionismus- und Voyeurismus-Appeal werden k\u00f6nnen. AMYs durch die Regie fokussierte Pr\u00e4senz bewirkt dagegen eine gewinnende Leichtigkeit f\u00fcr Inhalt und Darstellung. Die gro\u00dfe Hit-Mitte hat Rory Six\u2019 St\u00fcck nicht. Daf\u00fcr werden viele der durch die Bank sinnigen und sch\u00f6nen Songs fast zu Chansons, welche das Gesagte verdichten und vertiefen. Langer zustimmender Applaus und Jubelblitze.<\/p>\n\n\n\n<p class=\"has-small-font-size\"><em>(Das Vokabular dieses Textes folgt \u201eAMYs Trans* Bullshit Bingo\u201c im Programmheft.)<\/em><\/p>\n\n\n\n<hr class=\"wp-block-separator has-alpha-channel-opacity is-style-dots\"\/>\n\n\n\n<p class=\"has-small-font-size\">Musikalische Leitung: Kathryn Bolitho \u2022 B\u00fchne: Frank Schmutzler \u2022 Kost\u00fcme: Melchior Silbersack \u2022 Mit: AMY (Helena) \u2022 Mitglieder des Orchesters der Musikalischen Kom\u00f6die<\/p>\n\n\n\n<p class=\"has-small-font-size\">Aufmacherfoto: Kirsten Nijhof<\/p>\n","protected":false},"excerpt":{"rendered":"<p>\u201eEin wenig Farbe\u201c mit AMY \u2013 stark, sensibel, selbstbewusst, schmerzlich Im Venussaal der Musikalischen Kom\u00f6die ist Rory Six\u2019 Ein-Personen-Musical \u201eEin wenig Farbe\u201c zu sehen. Nach bisherigen Produktionen mit Pia Douwes, Rob Pelzer und Mark Seibert spielt zum ersten Mal eine trans* Musicaldarstellerin Helenas R\u00fcckblick neuneinhalb Stunden vor ihrer operativen Geschlechtsangleichung. Zwischen AMY und den bisherigen Besetzungen des Musical-Monologs gibt es nur einen entscheidenden Unterschied: Mit 28 Jahren ist AMY wesentlich j\u00fcnger als alle bisher weitaus reiferen Darsteller der Helena, die [&hellip;]<\/p>\n","protected":false},"author":34,"featured_media":8379,"comment_status":"closed","ping_status":"closed","sticky":false,"template":"","format":"standard","meta":{"tpgb_global_settings":"","footnotes":""},"categories":[196],"tags":[],"class_list":["post-8374","post","type-post","status-publish","format-standard","has-post-thumbnail","hentry","category-leipzig"],"tpgb_featured_images":{"full":["https:\/\/www.musical-today.de\/wp-content\/uploads\/2024\/10\/AMY_Ein_wenig_Farbe_MuKo2024_c_KirstenNijhof-4-scaled.jpg",2560,1703,false],"tp-image-grid":["https:\/\/www.musical-today.de\/wp-content\/uploads\/2024\/10\/AMY_Ein_wenig_Farbe_MuKo2024_c_KirstenNijhof-4-700x700.jpg",700,700,true],"thumbnail":["https:\/\/www.musical-today.de\/wp-content\/uploads\/2024\/10\/AMY_Ein_wenig_Farbe_MuKo2024_c_KirstenNijhof-4-600x399.jpg",600,399,true],"medium":["https:\/\/www.musical-today.de\/wp-content\/uploads\/2024\/10\/AMY_Ein_wenig_Farbe_MuKo2024_c_KirstenNijhof-4-1200x798.jpg",1200,798,true],"medium_large":["https:\/\/www.musical-today.de\/wp-content\/uploads\/2024\/10\/AMY_Ein_wenig_Farbe_MuKo2024_c_KirstenNijhof-4-949x631.jpg",770,512,true],"large":["https:\/\/www.musical-today.de\/wp-content\/uploads\/2024\/10\/AMY_Ein_wenig_Farbe_MuKo2024_c_KirstenNijhof-4-1920x1277.jpg",1139,758,true],"default":"https:\/\/www.musical-today.de\/wp-content\/plugins\/the-plus-addons-for-block-editor\/assets\/images\/tpgb-placeholder.jpg"},"tpgb_post_meta_info":{"get_date":"27.10.2024","get_modified_date":"15.04.2025","category_list":{"category":[{"term_id":196,"name":"Leipzig","slug":"leipzig","term_group":0,"term_taxonomy_id":196,"taxonomy":"category","description":"","parent":19,"count":3,"filter":"raw","term_order":"60"}],"post_tag":false,"post_format":false},"author_name":"Roland H. Dippel","author_url":"https:\/\/www.musical-today.de\/en\/autor\/rolandhdippel\/","author_email":"temporary-removeco4qisvj4L3F9dg@tmp.com","author_website":"","author_description":"ist als Autor, Dramaturg und Kulturvermittler dem Theater seit seinem Studium an der LMU M\u00fcnchen verbunden. Neben Festanstellungen in Augsburg, Hof, Osnabr\u00fcck, Rostock, St. Gallen und Zwickau war er, ausgehend von seinem Schwerpunkt Musiktheater, an vielen Projekten aller Sparten und Neuer Musik beteiligt. Wissenschaftliche Schwerpunkte sind Operette und Musical der DDR sowie das Volksschauspiel im Alpenraum.","author_facebook":"","author_twitter":"","author_instagram":"","author_role":["author"],"author_firstname":"Roland H.","author_lastname":"Dippel","user_login":"rolanddippel","author_avatar":"<img src=\"https:\/\/www.musical-today.de\/wp-content\/uploads\/2024\/03\/Autor_Dippel-200x200.jpg\" width=\"200\" height=\"200\" alt=\"Roland H. Dippel\" class=\"avatar avatar-200 wp-user-avatar wp-user-avatar-200 alignnone photo\" \/>","author_avatar_url":"https:\/\/www.musical-today.de\/wp-content\/uploads\/2024\/03\/Autor_Dippel.jpg","comment_count":0,"post_likes":0,"post_views":0},"tpgb_post_category":{"category":"<a href=\"https:\/\/www.musical-today.de\/en\/deutschland\/leipzig\/\" alt=\"Leipzig\"  class=\"category-leipzig\">Leipzig<\/a> "},"_links":{"self":[{"href":"https:\/\/www.musical-today.de\/en\/wp-json\/wp\/v2\/posts\/8374","targetHints":{"allow":["GET"]}}],"collection":[{"href":"https:\/\/www.musical-today.de\/en\/wp-json\/wp\/v2\/posts"}],"about":[{"href":"https:\/\/www.musical-today.de\/en\/wp-json\/wp\/v2\/types\/post"}],"author":[{"embeddable":true,"href":"https:\/\/www.musical-today.de\/en\/wp-json\/wp\/v2\/users\/34"}],"replies":[{"embeddable":true,"href":"https:\/\/www.musical-today.de\/en\/wp-json\/wp\/v2\/comments?post=8374"}],"version-history":[{"count":0,"href":"https:\/\/www.musical-today.de\/en\/wp-json\/wp\/v2\/posts\/8374\/revisions"}],"wp:featuredmedia":[{"embeddable":true,"href":"https:\/\/www.musical-today.de\/en\/wp-json\/wp\/v2\/media\/8379"}],"wp:attachment":[{"href":"https:\/\/www.musical-today.de\/en\/wp-json\/wp\/v2\/media?parent=8374"}],"wp:term":[{"taxonomy":"category","embeddable":true,"href":"https:\/\/www.musical-today.de\/en\/wp-json\/wp\/v2\/categories?post=8374"},{"taxonomy":"post_tag","embeddable":true,"href":"https:\/\/www.musical-today.de\/en\/wp-json\/wp\/v2\/tags?post=8374"}],"curies":[{"name":"wp","href":"https:\/\/api.w.org\/{rel}","templated":true}]}}