{"id":8385,"date":"2024-10-27T13:00:00","date_gmt":"2024-10-27T12:00:00","guid":{"rendered":"https:\/\/www.musical-today.de\/?p=8385"},"modified":"2025-04-15T14:28:19","modified_gmt":"2025-04-15T12:28:19","slug":"wuppertal-saturday-night-fever","status":"publish","type":"post","link":"https:\/\/www.musical-today.de\/en\/wuppertal-saturday-night-fever\/","title":{"rendered":"Saturday Night Fever"},"content":{"rendered":"<div class=\"lets-info-up-wrap  lets-info-up--right lets-info-up--m-1 lets-info-up-skin-3 lets-info-up--side lets-info-up-54987\" style=\"background:#fafafa; color: #616161\">\t\t\t<div class=\"lets-info-up\">\r\n\t\t\t<div class=\"lets-info-up-fi\"><img decoding=\"async\" width=\"500\" height=\"375\" src=\"https:\/\/www.musical-today.de\/wp-content\/uploads\/visual-portfolio\/placeholder-500x375.png\" class=\"attachment-lets-info-up-d1 size-lets-info-up-d1\" alt=\"|\" srcset=\"https:\/\/www.musical-today.de\/wp-content\/uploads\/visual-portfolio\/placeholder-500x375.png 500w, https:\/\/www.musical-today.de\/wp-content\/uploads\/visual-portfolio\/placeholder-300x225.png 300w, https:\/\/www.musical-today.de\/wp-content\/uploads\/visual-portfolio\/placeholder-1024x767.png 1024w, https:\/\/www.musical-today.de\/wp-content\/uploads\/visual-portfolio\/placeholder-883x662.png 883w, https:\/\/www.musical-today.de\/wp-content\/uploads\/visual-portfolio\/placeholder-16x12.png 16w, https:\/\/www.musical-today.de\/wp-content\/uploads\/visual-portfolio\/placeholder-800x600.png 800w, https:\/\/www.musical-today.de\/wp-content\/uploads\/visual-portfolio\/placeholder.png 1201w\" sizes=\"(max-width: 500px) 100vw, 500px\" title=\"\"><\/div>\t\t\t<div class=\"lets-info-up-block-wrap\">\r\n\t\t\t\t<div class=\"lets-info-up-block lets-info-up-meta-block\"><div class=\"lets-info-up-meta-title lets-info-up-pretitle font-h\" style=\"color: #8c6d18;\">Ort<\/div><div class=\"lets-info-up-meta-content lets-info-up-title font-b\">TiC \u2013 Theater in Cronenberg<\/div><\/div><div class=\"lets-info-up-block lets-info-up-meta-block\"><div class=\"lets-info-up-meta-title lets-info-up-pretitle font-h\" style=\"color: #8c6d18;\">VON<\/div><div class=\"lets-info-up-meta-content lets-info-up-title font-b\">Robert Stigwood &amp; Bill Oakes (Buch)<br>Barry und Maurice Gibb (Musik)<\/div><\/div><div class=\"lets-info-up-block lets-info-up-meta-block\"><div class=\"lets-info-up-meta-title lets-info-up-pretitle font-h\" style=\"color: #8c6d18;\">Regie<\/div><div class=\"lets-info-up-meta-content lets-info-up-title font-b\">Ralf Budde<\/div><\/div><div class=\"lets-info-up-block lets-info-up-meta-block\"><div class=\"lets-info-up-meta-title lets-info-up-pretitle font-h\" style=\"color: #8c6d18;\">Urauff\u00fchrung<\/div><div class=\"lets-info-up-meta-content lets-info-up-title font-b\">1998<\/div><\/div><div class=\"lets-info-up-block lets-info-up-meta-block\"><div class=\"lets-info-up-meta-title lets-info-up-pretitle font-h\" style=\"color: #8c6d18;\">INFOS<\/div><div class=\"lets-info-up-meta-content lets-info-up-title font-b\"><a href=\"https:\/\/www.tic-theater.de\/article25353-64.html\" target=\"_blank\" rel=\"noopener noreferrer nofollow\">www.tic-theater.de<\/a><\/div><\/div>\t\t\t<\/div>\r\n\t\t\t<\/div>\r\n\t\t<\/div>\r\n\t\t\n\n\n<p><strong>\u201eSaturday Night Fever\u201c k\u00e4mpft mit seiner verstaubten Geschichte<\/strong><\/p>\n\n\n\n<p>Das 1986 im Wuppertaler Vorort Cronenberg gegr\u00fcndete TiC-Theater hat sich mittlerweile zu einer Talent-Schmiede entwickelt, in der z.B. der beliebte TV-Schauspieler Christoph Maria Herbst und Musical-Star Patrick Stanke ihre ersten B\u00fchnenerfahrungen sammelten. F\u00fcr \u201eSaturday Night Fever\u201c hat sich Intendant Ralf Budde jetzt selbst in den Regiestuhl begeben. Die Musicalfassung des gleichnamigen Kultfilms mit John Travolta aus dem Jahre 1977 wurde 1998 im Londoner West End uraufgef\u00fchrt, die deutsche Erstauff\u00fchrung folgte bereits 1999 im K\u00f6lner Musical Dome \u2013 noch vor der Broadway-Premiere im selben Jahr. Das war damals ein Novum in der Musicalgeschichte und wurde vom deutschen Publikum mit \u00fcber einer Million Zuschauer belohnt.<\/p>\n\n\n\n<p>Inzwischen ist das St\u00fcck mit seinem kaum hinterfragten Macho-Chauvinismus und seinem sexistischen Frauenbild allerdings etwas in die Jahre gekommen. Nur die vom Musikalischen Leiter Stefan H\u00fcfner fetzig arrangierten Disco-Songs der Bee Gees retten es letztlich \u00fcber die Runden \u2013 obwohl viele Songs \u00fcberhaupt nichts mit der Handlung zu tun haben. Und die ist wie gesagt ziemlich d\u00fcnn: Der Italo-Amerikaner Tony Manero arbeitet in Foscos Farbenladen im New Yorker Stadtteil Brooklyn. Seinem wenig eintr\u00e4glichem Job und tristen Alltag entflieht er jeden Samstagabend, wenn er in der Disco \u201e2001 Odyssey\u201c auf der Tanzfl\u00e4che seinen Tr\u00e4umen von einem besseren Leben nachgehen kann: raus aus Brooklyn, weg aus der beengten Wohnsituation mit Mutter und Schwester. In einem Tanzwettbewerb sieht er seine Chance. Doch als er seine bisherige, in ihn verknallte Tanzpartnerin Annette gegen die sich unnahbar gebende Stephanie, die den Sprung ins angesagte Manhattan schon geschafft hat, austauscht, ergeben sich neue Probleme. Auch seine Freunde Double J und Bobby C haben ihre Probleme, haupts\u00e4chlich mit Frauen und rivalisierenden Stra\u00dfengangs anderer Ethnien: Double J vergewaltigt Annette, die sich wegen Tonys \u201eUntreue\u201c betrunken hat, und Bobby C st\u00fcrzt sich von einer Br\u00fccke, weil er seine Freundin geschw\u00e4ngert hat und Tony ihn mit seinen Sorgen allein l\u00e4sst.<\/p>\n\n\n<div  class=\"tpgb-wrap-956d14_8385  tpgb-wrap-fw \"  ><div id=\"956d14_8385\" class=\"tpgb-block-956d14_8385 tpgb-relative-block tpgb-gallery-list tpgb-metro gallery-style-2 hover-image-style-1   \" data-style=\"style-2\" data-id=\"956d14_8385\" data-layout=\"metro\" data-fancy-option='{\"loop\":false,\"thumb\":\"no\",\"infobar\":true,\"arrows\":true,\"transitionEffect\":\"slide\",\"button\":[\"close\"]}' data-splide='\"\"' data-metroAttr= '{\"metro_col\":3,\"tab_metro_col\":3,\"mobile_metro_col\":3,\"metro_style\":\"style-1\",\"tab_metro_style\":\"style-1\",\"mobile_metro_style\":\"style-1\"}' ><div class=\"tpgb-row post-loop-inner \"><div class=\"grid-item metro-item-0    tpgb-metro-1  tpgb-tab-metro-1  tpgb-mobile-metro-1 \"><a href=\"https:\/\/www.musical-today.de\/wp-content\/uploads\/2024\/10\/IMG_5753-Verbessert-RR-scaled.jpg\" class=\"tpgb-gallery-list-content tpgb-trans-easeinout\" data-fancybox=\"956d14_8385\" data-caption=\"Foto: Martin Mazur\" aria-label=\"Foto: Martin Mazur\"><div class=\"post-content-image\"><div class=\"tpgb-metro-gallery-image\" style=\"background: url(https:\/\/www.musical-today.de\/wp-content\/uploads\/2024\/10\/IMG_5753-Verbessert-RR-scaled.jpg);\"><\/div><\/div><div class=\"post-content-center\"><div class=\"post-zoom-icon\"><div class=\"meta-search-icon\"><span><img decoding=\"async\" class=\"fancy-img\" src=\"https:\/\/www.musical-today.de\/wp-content\/uploads\/2024\/10\/IMG_5753-Verbessert-RR-scaled.jpg\" alt=\"Media Image1\" title=\"\"><i class=\"fas fa-search-plus pop-icon\"><\/i><\/span><\/div><\/div><div class=\"post-content-bottom\"><p class=\"post-title tpgb-trans-easeinout\">Foto: Martin Mazur<\/p><\/div><\/div><\/a><\/div><div class=\"grid-item metro-item-1    tpgb-metro-2  tpgb-tab-metro-2  tpgb-mobile-metro-2 \"><a href=\"https:\/\/www.musical-today.de\/wp-content\/uploads\/2024\/10\/IMG_5640-Verbessert-RR-scaled.jpg\" class=\"tpgb-gallery-list-content tpgb-trans-easeinout\" data-fancybox=\"956d14_8385\" data-caption=\"Foto: Martin Mazur\" aria-label=\"Foto: Martin Mazur\"><div class=\"post-content-image\"><div class=\"tpgb-metro-gallery-image\" style=\"background: url(https:\/\/www.musical-today.de\/wp-content\/uploads\/2024\/10\/IMG_5640-Verbessert-RR-scaled.jpg);\"><\/div><\/div><div class=\"post-content-center\"><div class=\"post-zoom-icon\"><div class=\"meta-search-icon\"><span><img decoding=\"async\" class=\"fancy-img\" src=\"https:\/\/www.musical-today.de\/wp-content\/uploads\/2024\/10\/IMG_5640-Verbessert-RR-scaled.jpg\" alt=\"Media Image2\" title=\"\"><i class=\"fas fa-search-plus pop-icon\"><\/i><\/span><\/div><\/div><div class=\"post-content-bottom\"><p class=\"post-title tpgb-trans-easeinout\">Foto: Martin Mazur<\/p><\/div><\/div><\/a><\/div><div class=\"grid-item metro-item-2    tpgb-metro-3  tpgb-tab-metro-3  tpgb-mobile-metro-3 \"><a href=\"https:\/\/www.musical-today.de\/wp-content\/uploads\/2024\/10\/IMG_4877-Verbessert-RR-scaled.jpg\" class=\"tpgb-gallery-list-content tpgb-trans-easeinout\" data-fancybox=\"956d14_8385\" data-caption=\"Foto: Martin Mazur\" aria-label=\"Foto: Martin Mazur\"><div class=\"post-content-image\"><div class=\"tpgb-metro-gallery-image\" style=\"background: url(https:\/\/www.musical-today.de\/wp-content\/uploads\/2024\/10\/IMG_4877-Verbessert-RR-scaled.jpg);\"><\/div><\/div><div class=\"post-content-center\"><div class=\"post-zoom-icon\"><div class=\"meta-search-icon\"><span><img decoding=\"async\" class=\"fancy-img\" src=\"https:\/\/www.musical-today.de\/wp-content\/uploads\/2024\/10\/IMG_4877-Verbessert-RR-scaled.jpg\" alt=\"Media Image3\" title=\"\"><i class=\"fas fa-search-plus pop-icon\"><\/i><\/span><\/div><\/div><div class=\"post-content-bottom\"><p class=\"post-title tpgb-trans-easeinout\">Foto: Martin Mazur<\/p><\/div><\/div><\/a><\/div><\/div><\/div><\/div>\n\n\n<p>Die Vergewaltigungsszene \u201everpufft\u201c im wahrsten Sinne des Wortes mitten im Zuschauerraum, der Selbstmord findet dezent im B\u00fchnenhintergrund statt. Einer B\u00fchne, der Jan Bauerdick und Frank Fischer mit einfachsten Mittel wie verschiebbaren, bemalten W\u00e4nden und durchscheinenden Vorh\u00e4ngen die zur jeweiligen Szene stimmige Atmosph\u00e4re einhauchen. Die Rolle von Tonys Bruder, einem abtr\u00fcnnigen Priester, hat Budde ganz gestrichen. Das gibt der ohnehin z\u00e4hen Geschichte etwas mehr Schwung. Genauso wie seine Entscheidung, die urspr\u00fcngliche Rolle des DJ Monty von einer Frau verk\u00f6rpern zu lassen: Liesa Solbach als Gloria f\u00fchrt mit ihrer r\u00f6hrigen Gesangsstimme auch gleichzeitig als eine Art Moderatorin durch das St\u00fcck.<\/p>\n\n\n\n<p>An der (Libretto-bedingten) fehlenden psychologischen Tiefe der Figuren bei\u00dft sich Buddes Inszenierung allerdings die Z\u00e4hne aus, was bisweilen auch sein neunk\u00f6pfiges, semiprofessionelles Ensemble etwas verloren wirken l\u00e4sst. Von Maya Fichtel und No\u00eblle W\u00f6rheide in stilechte 70er-Jahre-Kost\u00fcme gesteckt, versuchen sie \u2013 teilweise in mehreren Rollen \u2013, mit Spielfreude gegen die Oberfl\u00e4chlichkeit des St\u00fccks anzuk\u00e4mpfen. Und wenn es in die Disco geht und ihnen Laura Trompetters flotte Choreografien in die Glieder fahren, dann l\u00e4uft vor allem Maximilian Leuchter im Travolta-Outfit zu gesanglichen und t\u00e4nzerischen H\u00f6chstleistungen auf, denen Leonie Hackl\u00e4nder (Stephanie) und Lucy Martens (Annette) nicht immer folgen k\u00f6nnen. Das Publikum nimmt die nostalgische Stimmung begeistert auf und w\u00fcrde am liebsten mittanzen.<\/p>\n\n\n\n<hr class=\"wp-block-separator has-alpha-channel-opacity is-style-dots\"\/>\n\n\n\n<p class=\"has-small-font-size\">Musikalische Leitung: Stefan H\u00fcfner \u2022 Choreografie: Laura Trompetter \u2022 B\u00fchne: Jan Bauerdick und Frank Fischer \u2022 Kost\u00fcme: Maya Fichtel und No\u00eblle W\u00f6rheide \u2022 Mit: Maximilian Leuchter (Tony Manero), Leonie Hackl\u00e4nder (Stephanie Mangano), Dennis Gottschalk (Bobby C), Lucy Martens (Annette), Liesa Solbach (Gloria\/Kellnerin), Alexander Klein (Double J), Vassilis Sachinidis (Fosco\/Pablo\/Jay), Kim Brinkhoff (Tonys Mutter\/Kundin\/Disco-Gast), Livia Caruso (Linda\/Connie)<\/p>\n\n\n\n<p class=\"has-small-font-size\">Aufmacherfoto: Martin Mazur<\/p>\n","protected":false},"excerpt":{"rendered":"<p>\u201eSaturday Night Fever\u201c k\u00e4mpft mit seiner verstaubten Geschichte Das 1986 im Wuppertaler Vorort Cronenberg gegr\u00fcndete TiC-Theater hat sich mittlerweile zu einer Talent-Schmiede entwickelt, in der z.B. der beliebte TV-Schauspieler Christoph Maria Herbst und Musical-Star Patrick Stanke ihre ersten B\u00fchnenerfahrungen sammelten. F\u00fcr \u201eSaturday Night Fever\u201c hat sich Intendant Ralf Budde jetzt selbst in den Regiestuhl begeben. Die Musicalfassung des gleichnamigen Kultfilms mit John Travolta aus dem Jahre 1977 wurde 1998 im Londoner West End uraufgef\u00fchrt, die deutsche Erstauff\u00fchrung folgte bereits 1999 [&hellip;]<\/p>\n","protected":false},"author":15,"featured_media":8380,"comment_status":"closed","ping_status":"closed","sticky":false,"template":"","format":"standard","meta":{"tpgb_global_settings":"","footnotes":""},"categories":[197],"tags":[],"class_list":["post-8385","post","type-post","status-publish","format-standard","has-post-thumbnail","hentry","category-wuppertal"],"tpgb_featured_images":{"full":["https:\/\/www.musical-today.de\/wp-content\/uploads\/2024\/10\/IMG_0428-Verbessert-RR-scaled.jpg",2560,1813,false],"tp-image-grid":["https:\/\/www.musical-today.de\/wp-content\/uploads\/2024\/10\/IMG_0428-Verbessert-RR-700x700.jpg",700,700,true],"thumbnail":["https:\/\/www.musical-today.de\/wp-content\/uploads\/2024\/10\/IMG_0428-Verbessert-RR-600x425.jpg",600,425,true],"medium":["https:\/\/www.musical-today.de\/wp-content\/uploads\/2024\/10\/IMG_0428-Verbessert-RR-1200x850.jpg",1200,850,true],"medium_large":["https:\/\/www.musical-today.de\/wp-content\/uploads\/2024\/10\/IMG_0428-Verbessert-RR-949x672.jpg",770,545,true],"large":["https:\/\/www.musical-today.de\/wp-content\/uploads\/2024\/10\/IMG_0428-Verbessert-RR-1920x1360.jpg",1139,807,true],"default":"https:\/\/www.musical-today.de\/wp-content\/plugins\/the-plus-addons-for-block-editor\/assets\/images\/tpgb-placeholder.jpg"},"tpgb_post_meta_info":{"get_date":"27.10.2024","get_modified_date":"15.04.2025","category_list":{"category":[{"term_id":197,"name":"Wuppertal","slug":"wuppertal","term_group":0,"term_taxonomy_id":197,"taxonomy":"category","description":"","parent":19,"count":3,"filter":"raw","term_order":"100"}],"post_tag":false,"post_format":false},"author_name":"Rolf-R\u00fcdiger Hamacher","author_url":"https:\/\/www.musical-today.de\/en\/autor\/rhamacher\/","author_email":"online222@musical-today.de","author_website":"","author_description":"studierte nach einer Buchh\u00e4ndlerlehre Sozialarbeit. Anschlie\u00dfend war er Regieassistent am Theater und Volont\u00e4r bei einer Filmproduktionsfirma. Seit 1971 schreibt er Kritiken (Film, Theater, Musik, Literatur, Musicals) f\u00fcr Tageszeitungen und Fachmagazine und war Dozent f\u00fcr Medienp\u00e4dagogik und Filmgeschichte. Eigen-Zitat: \u201eMeine Frau ist der Film, meine Geliebte das Musical.\u201c","author_facebook":"","author_twitter":"","author_instagram":"","author_role":["author"],"author_firstname":"Rolf-R\u00fcdiger","author_lastname":"Hamacher","user_login":"rhamacher","author_avatar":"<img src=\"https:\/\/www.musical-today.de\/wp-content\/uploads\/2024\/03\/Rolf-Ruediger-Hamacher-293x293.jpg\" width=\"200\" height=\"200\" alt=\"Rolf-R\u00fcdiger Hamacher\" class=\"avatar avatar-200 wp-user-avatar wp-user-avatar-200 alignnone photo\" \/>","author_avatar_url":"https:\/\/www.musical-today.de\/wp-content\/uploads\/2024\/03\/Rolf-Ruediger-Hamacher.jpg","comment_count":0,"post_likes":0,"post_views":0},"tpgb_post_category":{"category":"<a href=\"https:\/\/www.musical-today.de\/en\/deutschland\/wuppertal\/\" alt=\"Wuppertal\"  class=\"category-wuppertal\">Wuppertal<\/a> "},"_links":{"self":[{"href":"https:\/\/www.musical-today.de\/en\/wp-json\/wp\/v2\/posts\/8385","targetHints":{"allow":["GET"]}}],"collection":[{"href":"https:\/\/www.musical-today.de\/en\/wp-json\/wp\/v2\/posts"}],"about":[{"href":"https:\/\/www.musical-today.de\/en\/wp-json\/wp\/v2\/types\/post"}],"author":[{"embeddable":true,"href":"https:\/\/www.musical-today.de\/en\/wp-json\/wp\/v2\/users\/15"}],"replies":[{"embeddable":true,"href":"https:\/\/www.musical-today.de\/en\/wp-json\/wp\/v2\/comments?post=8385"}],"version-history":[{"count":0,"href":"https:\/\/www.musical-today.de\/en\/wp-json\/wp\/v2\/posts\/8385\/revisions"}],"wp:featuredmedia":[{"embeddable":true,"href":"https:\/\/www.musical-today.de\/en\/wp-json\/wp\/v2\/media\/8380"}],"wp:attachment":[{"href":"https:\/\/www.musical-today.de\/en\/wp-json\/wp\/v2\/media?parent=8385"}],"wp:term":[{"taxonomy":"category","embeddable":true,"href":"https:\/\/www.musical-today.de\/en\/wp-json\/wp\/v2\/categories?post=8385"},{"taxonomy":"post_tag","embeddable":true,"href":"https:\/\/www.musical-today.de\/en\/wp-json\/wp\/v2\/tags?post=8385"}],"curies":[{"name":"wp","href":"https:\/\/api.w.org\/{rel}","templated":true}]}}