{"id":8427,"date":"2024-10-31T13:08:39","date_gmt":"2024-10-31T12:08:39","guid":{"rendered":"https:\/\/www.musical-today.de\/?p=8427"},"modified":"2025-04-15T14:28:19","modified_gmt":"2025-04-15T12:28:19","slug":"wiesbaden-twelfth-night-was-ihr-wollt","status":"publish","type":"post","link":"https:\/\/www.musical-today.de\/en\/wiesbaden-twelfth-night-was-ihr-wollt\/","title":{"rendered":"Twelfth Night (Was ihr wollt)"},"content":{"rendered":"<div class=\"lets-info-up-wrap  lets-info-up--right lets-info-up--m-1 lets-info-up-skin-3 lets-info-up--side lets-info-up-78624\" style=\"background:#fafafa; color: #616161\">\t\t\t<div class=\"lets-info-up\">\r\n\t\t\t<div class=\"lets-info-up-fi\"><img decoding=\"async\" width=\"500\" height=\"333\" src=\"https:\/\/www.musical-today.de\/wp-content\/uploads\/2024\/01\/qi-addons-for-elementor-placeholder-500x333.png\" class=\"attachment-lets-info-up-d1 size-lets-info-up-d1\" alt=\"|\" srcset=\"https:\/\/www.musical-today.de\/wp-content\/uploads\/2024\/01\/qi-addons-for-elementor-placeholder-500x333.png 500w, https:\/\/www.musical-today.de\/wp-content\/uploads\/2024\/01\/qi-addons-for-elementor-placeholder-300x200.png 300w, https:\/\/www.musical-today.de\/wp-content\/uploads\/2024\/01\/qi-addons-for-elementor-placeholder-1024x683.png 1024w, https:\/\/www.musical-today.de\/wp-content\/uploads\/2024\/01\/qi-addons-for-elementor-placeholder-883x589.png 883w, https:\/\/www.musical-today.de\/wp-content\/uploads\/2024\/01\/qi-addons-for-elementor-placeholder-18x12.png 18w, https:\/\/www.musical-today.de\/wp-content\/uploads\/2024\/01\/qi-addons-for-elementor-placeholder-360x240.png 360w, https:\/\/www.musical-today.de\/wp-content\/uploads\/2024\/01\/qi-addons-for-elementor-placeholder-1155x770.png 1155w, https:\/\/www.musical-today.de\/wp-content\/uploads\/2024\/01\/qi-addons-for-elementor-placeholder-370x247.png 370w, https:\/\/www.musical-today.de\/wp-content\/uploads\/2024\/01\/qi-addons-for-elementor-placeholder-770x513.png 770w, https:\/\/www.musical-today.de\/wp-content\/uploads\/2024\/01\/qi-addons-for-elementor-placeholder-293x195.png 293w, https:\/\/www.musical-today.de\/wp-content\/uploads\/2024\/01\/qi-addons-for-elementor-placeholder-120x80.png 120w, https:\/\/www.musical-today.de\/wp-content\/uploads\/2024\/01\/qi-addons-for-elementor-placeholder-240x160.png 240w, https:\/\/www.musical-today.de\/wp-content\/uploads\/2024\/01\/qi-addons-for-elementor-placeholder-390x260.png 390w, https:\/\/www.musical-today.de\/wp-content\/uploads\/2024\/01\/qi-addons-for-elementor-placeholder.png 1200w\" sizes=\"(max-width: 500px) 100vw, 500px\" title=\"\"><\/div>\t\t\t<div class=\"lets-info-up-block-wrap\">\r\n\t\t\t\t<div class=\"lets-info-up-block lets-info-up-meta-block\"><div class=\"lets-info-up-meta-title lets-info-up-pretitle font-h\" style=\"color: #8c6d18;\">oRT<\/div><div class=\"lets-info-up-meta-content lets-info-up-title font-b\">Staatstheater Wiesbaden (Junges Staatsmusical)<\/div><\/div><div class=\"lets-info-up-block lets-info-up-meta-block\"><div class=\"lets-info-up-meta-title lets-info-up-pretitle font-h\" style=\"color: #8c6d18;\">von<\/div><div class=\"lets-info-up-meta-content lets-info-up-title font-b\">Kwame Kwei-Armah &amp; Shaina Taub (Entwicklung)<br>Shaina Taub (Musik und Gesangstexte)<\/div><\/div><div class=\"lets-info-up-block lets-info-up-meta-block\"><div class=\"lets-info-up-meta-title lets-info-up-pretitle font-h\" style=\"color: #8c6d18;\">Regie<\/div><div class=\"lets-info-up-meta-content lets-info-up-title font-b\">Iris Limbarth<\/div><\/div><div class=\"lets-info-up-block lets-info-up-meta-block\"><div class=\"lets-info-up-meta-title lets-info-up-pretitle font-h\" style=\"color: #8c6d18;\">Urauff\u00fchrunG<\/div><div class=\"lets-info-up-meta-content lets-info-up-title font-b\">2016<\/div><\/div><div class=\"lets-info-up-block lets-info-up-meta-block\"><div class=\"lets-info-up-meta-title lets-info-up-pretitle font-h\" style=\"color: #8c6d18;\">INFOS<\/div><div class=\"lets-info-up-meta-content lets-info-up-title font-b\"><a href=\"https:\/\/www.staatstheater-wiesbaden.de\/spielplan\/a-z\/twelfth-night-was-ihr-wollt\/\" target=\"_blank\" rel=\"noopener noreferrer nofollow\">www.staatstheater-wiesbaden.de<\/a><\/div><\/div>\t\t\t<\/div>\r\n\t\t\t<\/div>\r\n\t\t<\/div>\r\n\t\t\n\n\n<p><strong><strong>Shaina Taubs Shakespeare-Musical \u201eTwelfth Night\u201c<\/strong><\/strong><\/p>\n\n\n\n<p>Immer wenn das Musical sich William Shakespeares angenommen hat, konnte es mit seiner Genre-spezifischen Leichtigkeit den ohnehin schon genialen St\u00fccken des Schwans von Stratford-upon-Avon neue Reize abgewinnen: von Cole Porters \u201eKiss Me, Kate\u201c (nach \u201eDer widerspenstigen Z\u00e4hmung\u201c) \u00fcber Leonard Bernsteins \u201eWest Side Story\u201c (\u201eRomeo und Julia\u201c) bis hin zu \u201eTwelfth Night\u201c (\u201eWas ihr wollt\u201c).<\/p>\n\n\n\n<p>Letzteres, von der 1988 geborenen Singer-Songwriterin und Schauspielerin Shaina Taub komponierte und gemeinsam mit Kame Kwei Armah entwickelte Musical wurde in New York uraufgef\u00fchrt. In Deutschland war es das erste und bisher einzige Mal 2022 im M\u00fcnchner Prinzregententheater zu sehen. Nun hat sich das Junge Staatsmusical Wiesbaden des mit Pop-, Folk- und Jazz-Elementen \u201emusicalisch\u201c aufgepeppten Klassikers angenommen \u2013 und beschert dem Musical-Fan ein Vergn\u00fcgen, f\u00fcr das sich die Anreise aus jedem noch so entfernten Winkel der Republik lohnt.<\/p>\n\n\n\n<p>Die Geschichte handelt von dem Zwillingspaar Viola und Sebastian, das Schiffbruch erleidet. W\u00e4hrend Viola sich an den Strand von Illyrien retten kann, bleibt Sebastian verschollen. Viola schl\u00fcpft in M\u00e4nnerkleider, nennt sich Cesario und findet so eine Anstellung als Diener des Herzogs Orsino (ein liebenswert gestandener Mann: Maximilian Schneider). Der ist in die Gr\u00e4fin Olivia verliebt, wird jedoch von ihr abgewiesen. Also bekommt Cesario den Auftrag, im Namen Orsinos um Olivia zu werben. Olivia verliebt sich jedoch in Cesario\/Viola, die wiederum ein Auge auf Orsino geworfen hat. Um die Verwirrung auf die Spitze zu treiben, glaubt Olivias Haushofmeister Malvolio, dass seine Herrin in ihn verliebt ist. Und als auch noch der totgeglaubte Sebastian (mit lausb\u00fcbischem Charme: Jan Volpert) auftaucht, bricht das vorprogrammierte Chaos vollends aus \u2013 bis es sich in einem Vier-Paare-Happy-End in Wohlgefallen aufl\u00f6st.<\/p>\n\n\n<div  class=\"tpgb-wrap-956d14_8427  tpgb-wrap-fw \"  ><div id=\"956d14_8427\" class=\"tpgb-block-956d14_8427 tpgb-relative-block tpgb-gallery-list tpgb-metro gallery-style-2 hover-image-style-1   \" data-style=\"style-2\" data-id=\"956d14_8427\" data-layout=\"metro\" data-fancy-option='{\"loop\":false,\"thumb\":\"no\",\"infobar\":true,\"arrows\":true,\"transitionEffect\":\"slide\",\"button\":[\"close\"]}' data-splide='\"\"' data-metroAttr= '{\"metro_col\":\"3\",\"tab_metro_col\":3,\"mobile_metro_col\":3,\"metro_style\":\"style-1\",\"tab_metro_style\":\"style-1\",\"mobile_metro_style\":\"style-1\"}' ><div class=\"tpgb-row post-loop-inner \"><div class=\"grid-item metro-item-0    tpgb-metro-1  tpgb-tab-metro-1  tpgb-mobile-metro-1 \"><a href=\"https:\/\/www.musical-today.de\/wp-content\/uploads\/2024\/10\/1080_twelfth_nights-21_-_cecinho_feiertag_lili_trosien__ensemble-scaled.jpg\" class=\"tpgb-gallery-list-content tpgb-trans-easeinout\" data-fancybox=\"956d14_8427\" data-caption=\"Foto: Peter Emig\" aria-label=\"Foto: Peter Emig\"><div class=\"post-content-image\"><div class=\"tpgb-metro-gallery-image\" style=\"background: url(https:\/\/www.musical-today.de\/wp-content\/uploads\/2024\/10\/1080_twelfth_nights-21_-_cecinho_feiertag_lili_trosien__ensemble-scaled.jpg);\"><\/div><\/div><div class=\"post-content-center\"><div class=\"post-zoom-icon\"><div class=\"meta-search-icon\"><span><img decoding=\"async\" class=\"fancy-img\" src=\"https:\/\/www.musical-today.de\/wp-content\/uploads\/2024\/10\/1080_twelfth_nights-21_-_cecinho_feiertag_lili_trosien__ensemble-scaled.jpg\" alt=\"Media Image1\" title=\"\"><i class=\"fas fa-search-plus pop-icon\"><\/i><\/span><\/div><\/div><div class=\"post-content-bottom\"><p class=\"post-title tpgb-trans-easeinout\">Foto: Peter Emig<\/p><\/div><\/div><\/a><\/div><div class=\"grid-item metro-item-1    tpgb-metro-2  tpgb-tab-metro-2  tpgb-mobile-metro-2 \"><a href=\"https:\/\/www.musical-today.de\/wp-content\/uploads\/2024\/10\/1070_twelfth_nights-18-_cecinho_feiertag_angelina_krauss__ensemble-scaled.jpg\" class=\"tpgb-gallery-list-content tpgb-trans-easeinout\" data-fancybox=\"956d14_8427\" data-caption=\"Foto: Peter Emig\" aria-label=\"Foto: Peter Emig\"><div class=\"post-content-image\"><div class=\"tpgb-metro-gallery-image\" style=\"background: url(https:\/\/www.musical-today.de\/wp-content\/uploads\/2024\/10\/1070_twelfth_nights-18-_cecinho_feiertag_angelina_krauss__ensemble-scaled.jpg);\"><\/div><\/div><div class=\"post-content-center\"><div class=\"post-zoom-icon\"><div class=\"meta-search-icon\"><span><img decoding=\"async\" class=\"fancy-img\" src=\"https:\/\/www.musical-today.de\/wp-content\/uploads\/2024\/10\/1070_twelfth_nights-18-_cecinho_feiertag_angelina_krauss__ensemble-scaled.jpg\" alt=\"Media Image2\" title=\"\"><i class=\"fas fa-search-plus pop-icon\"><\/i><\/span><\/div><\/div><div class=\"post-content-bottom\"><p class=\"post-title tpgb-trans-easeinout\">Foto: Peter Emig<\/p><\/div><\/div><\/a><\/div><div class=\"grid-item metro-item-2    tpgb-metro-3  tpgb-tab-metro-3  tpgb-mobile-metro-3 \"><a href=\"https:\/\/www.musical-today.de\/wp-content\/uploads\/2024\/10\/1084_twelfth_nights-7_-_tim_speckhardt__ensemble-scaled.jpg\" class=\"tpgb-gallery-list-content tpgb-trans-easeinout\" data-fancybox=\"956d14_8427\" data-caption=\"Foto: Peter Emig\" aria-label=\"Foto: Peter Emig\"><div class=\"post-content-image\"><div class=\"tpgb-metro-gallery-image\" style=\"background: url(https:\/\/www.musical-today.de\/wp-content\/uploads\/2024\/10\/1084_twelfth_nights-7_-_tim_speckhardt__ensemble-scaled.jpg);\"><\/div><\/div><div class=\"post-content-center\"><div class=\"post-zoom-icon\"><div class=\"meta-search-icon\"><span><img decoding=\"async\" class=\"fancy-img\" src=\"https:\/\/www.musical-today.de\/wp-content\/uploads\/2024\/10\/1084_twelfth_nights-7_-_tim_speckhardt__ensemble-scaled.jpg\" alt=\"Media Image3\" title=\"\"><i class=\"fas fa-search-plus pop-icon\"><\/i><\/span><\/div><\/div><div class=\"post-content-bottom\"><p class=\"post-title tpgb-trans-easeinout\">Foto: Peter Emig<\/p><\/div><\/div><\/a><\/div><\/div><\/div><\/div>\n\n\n<p>\u201eWenn Musik der Liebe Nahrung ist, spielt fort!\u201c, hei\u00dft es, wenn das St\u00fcck beginnt. Und mit dem Song \u201eSpielt fort\u201c legt das Ensemble gleich ein fetzig choreografiertes Opening hin, das als Versprechen den ganzen Abend Bestand haben wird. Neben dem geradezu spielw\u00fctigen Ensemble, das sowohl gesanglich wie auch t\u00e4nzerisch keinen Wunsch offenl\u00e4sst \u2013 und das sogar die nicht einfach zu sprechenden Original-Shakespeare-Texte authentisch r\u00fcberbringt \u2013 brilliert vor allem ein Solisten-Quartett, das der Inszenierung seinen Stempel aufdr\u00fcckt.<\/p>\n\n\n\n<p>Lilli Trosien, die die Stra\u00dfenmusikerin Feste spielt, \u00f6ffnet einem im wahrsten Sinne des Wortes das Herz, wenn sie, auf einem Halbmond sitzend, mit ihrer ausdrucksstarken Stimme \u201eH\u00f6rst du mein Herz?\u201c singt. Viktoria Reese ist als Olivia ist mit ihrer charismatischen Ausstrahlung die Eleganz pur und spielt ber\u00fchrend die emotionale Verunsicherung ihrer durcheinander geratenen Gef\u00fchle. Und Denia Gilberg, die schon in der letzten Spielzeit als Alex in \u201eFlashdance\u201c eine Wucht war, gibt auch hier ihrer Viola\/Cesario jenen Drive, der dem Musical eigen ist. Dass Tim Speckhardt, der \u201eGrandseigneur\u201c des Ensembles, als Malvolio wieder mal ein Kabinettst\u00fcckchen seiner Darstellerkunst abliefert, ist fast schon selbstverst\u00e4ndlich: Es ist zum Br\u00fcllen komisch, wenn er sich mit seinen kreuzweise unter dem Knie gebundenen, gelben Str\u00fcmpfen zum Affen macht oder aus einem Dixi-Klo (!) st\u00fcrmt. Von seinen Gesangsqualit\u00e4ten (\u201eGraf Malvolio\u201c) ganz zu schweigen.<\/p>\n\n\n\n<p>Ein zweites, eingespieltes Quartett sorgt f\u00fcr den professionellen Rahmen der semiprofessionellen Truppe, die sich auf keiner Profib\u00fchne verstecken m\u00fcsste: Iris Limbarths straffe Inszenierung, ihre einfallsreiche Choreografie, Heike Korns farbenfrohe Kost\u00fcme und Britta Lammers stimmungsvolles B\u00fchnenbild, das auch mit charmanten Anleihen bei George Gershwins \u201eCrazy for You\u201c und Michel Legrands \u201eDie Regenschirme von Cherbourg\u201c aufwartet. Und nicht zu vergessen: Frank Bangerts neunk\u00f6pfige Live-Band, die die ins Ohr gehenden Melodien in saftigem Sound erklingen l\u00e4sst.<\/p>\n\n\n\n<hr class=\"wp-block-separator has-alpha-channel-opacity is-style-dots\"\/>\n\n\n\n<p class=\"has-small-font-size\">Musikalische Leitung: Frank Bangert \u2022 Regie und Choreografie: Iris Limbarth \u2022 B\u00fchne: Britta Lammers \u2022 Kost\u00fcme: Heike Korn \u2022 Musikalische Einstudierung: Ulrich Bareiss \u2022 Mit: Denia Gilberg (Viola), Viktoria Reese (Olivia), Lilli Trosien (Feste), Luna Lange (Maria), Maximilian Schneider (Orsino), Tim Speckhardt (Malvolio), Cecinho Feiertag (Sir Toby), Angelina Krau\u00df (Sir Andrew), Jan Rie\u00df (Antonio), Jan Volpert (Sebastian), Sarah Zimmermann (Fabian u.a.) u.a.<br><br>Aufmacherfoto: Peter Emig<\/p>\n","protected":false},"excerpt":{"rendered":"<p>Shaina Taubs Shakespeare-Musical \u201eTwelfth Night\u201c Immer wenn das Musical sich William Shakespeares angenommen hat, konnte es mit seiner Genre-spezifischen Leichtigkeit den ohnehin schon genialen St\u00fccken des Schwans von Stratford-upon-Avon neue Reize abgewinnen: von Cole Porters \u201eKiss Me, Kate\u201c (nach \u201eDer widerspenstigen Z\u00e4hmung\u201c) \u00fcber Leonard Bernsteins \u201eWest Side Story\u201c (\u201eRomeo und Julia\u201c) bis hin zu \u201eTwelfth Night\u201c (\u201eWas ihr wollt\u201c). Letzteres, von der 1988 geborenen Singer-Songwriterin und Schauspielerin Shaina Taub komponierte und gemeinsam mit Kame Kwei Armah entwickelte Musical wurde in [&hellip;]<\/p>\n","protected":false},"author":15,"featured_media":8429,"comment_status":"closed","ping_status":"closed","sticky":false,"template":"","format":"standard","meta":{"tpgb_global_settings":"","footnotes":""},"categories":[137],"tags":[],"class_list":["post-8427","post","type-post","status-publish","format-standard","has-post-thumbnail","hentry","category-wiesbaden"],"tpgb_featured_images":{"full":["https:\/\/www.musical-today.de\/wp-content\/uploads\/2024\/10\/1078_twelfth_nights-1_-_viktoria_resse__denia_gilberg-scaled.jpg",2560,1707,false],"tp-image-grid":["https:\/\/www.musical-today.de\/wp-content\/uploads\/2024\/10\/1078_twelfth_nights-1_-_viktoria_resse__denia_gilberg-700x700.jpg",700,700,true],"thumbnail":["https:\/\/www.musical-today.de\/wp-content\/uploads\/2024\/10\/1078_twelfth_nights-1_-_viktoria_resse__denia_gilberg-600x400.jpg",600,400,true],"medium":["https:\/\/www.musical-today.de\/wp-content\/uploads\/2024\/10\/1078_twelfth_nights-1_-_viktoria_resse__denia_gilberg-1200x800.jpg",1200,800,true],"medium_large":["https:\/\/www.musical-today.de\/wp-content\/uploads\/2024\/10\/1078_twelfth_nights-1_-_viktoria_resse__denia_gilberg-949x633.jpg",770,514,true],"large":["https:\/\/www.musical-today.de\/wp-content\/uploads\/2024\/10\/1078_twelfth_nights-1_-_viktoria_resse__denia_gilberg-1920x1280.jpg",1139,759,true],"default":"https:\/\/www.musical-today.de\/wp-content\/plugins\/the-plus-addons-for-block-editor\/assets\/images\/tpgb-placeholder.jpg"},"tpgb_post_meta_info":{"get_date":"31.10.2024","get_modified_date":"15.04.2025","category_list":{"category":[{"term_id":137,"name":"Wiesbaden","slug":"wiesbaden","term_group":0,"term_taxonomy_id":137,"taxonomy":"category","description":"","parent":19,"count":5,"filter":"raw","term_order":"98"}],"post_tag":false,"post_format":false},"author_name":"Rolf-R\u00fcdiger Hamacher","author_url":"https:\/\/www.musical-today.de\/en\/autor\/rhamacher\/","author_email":"online222@musical-today.de","author_website":"","author_description":"studierte nach einer Buchh\u00e4ndlerlehre Sozialarbeit. Anschlie\u00dfend war er Regieassistent am Theater und Volont\u00e4r bei einer Filmproduktionsfirma. Seit 1971 schreibt er Kritiken (Film, Theater, Musik, Literatur, Musicals) f\u00fcr Tageszeitungen und Fachmagazine und war Dozent f\u00fcr Medienp\u00e4dagogik und Filmgeschichte. Eigen-Zitat: \u201eMeine Frau ist der Film, meine Geliebte das Musical.\u201c","author_facebook":"","author_twitter":"","author_instagram":"","author_role":["author"],"author_firstname":"Rolf-R\u00fcdiger","author_lastname":"Hamacher","user_login":"rhamacher","author_avatar":"<img src=\"https:\/\/www.musical-today.de\/wp-content\/uploads\/2024\/03\/Rolf-Ruediger-Hamacher-293x293.jpg\" width=\"200\" height=\"200\" alt=\"Rolf-R\u00fcdiger Hamacher\" class=\"avatar avatar-200 wp-user-avatar wp-user-avatar-200 alignnone photo\" \/>","author_avatar_url":"https:\/\/www.musical-today.de\/wp-content\/uploads\/2024\/03\/Rolf-Ruediger-Hamacher.jpg","comment_count":0,"post_likes":0,"post_views":0},"tpgb_post_category":{"category":"<a href=\"https:\/\/www.musical-today.de\/en\/deutschland\/wiesbaden\/\" alt=\"Wiesbaden\"  class=\"category-wiesbaden\">Wiesbaden<\/a> "},"_links":{"self":[{"href":"https:\/\/www.musical-today.de\/en\/wp-json\/wp\/v2\/posts\/8427","targetHints":{"allow":["GET"]}}],"collection":[{"href":"https:\/\/www.musical-today.de\/en\/wp-json\/wp\/v2\/posts"}],"about":[{"href":"https:\/\/www.musical-today.de\/en\/wp-json\/wp\/v2\/types\/post"}],"author":[{"embeddable":true,"href":"https:\/\/www.musical-today.de\/en\/wp-json\/wp\/v2\/users\/15"}],"replies":[{"embeddable":true,"href":"https:\/\/www.musical-today.de\/en\/wp-json\/wp\/v2\/comments?post=8427"}],"version-history":[{"count":0,"href":"https:\/\/www.musical-today.de\/en\/wp-json\/wp\/v2\/posts\/8427\/revisions"}],"wp:featuredmedia":[{"embeddable":true,"href":"https:\/\/www.musical-today.de\/en\/wp-json\/wp\/v2\/media\/8429"}],"wp:attachment":[{"href":"https:\/\/www.musical-today.de\/en\/wp-json\/wp\/v2\/media?parent=8427"}],"wp:term":[{"taxonomy":"category","embeddable":true,"href":"https:\/\/www.musical-today.de\/en\/wp-json\/wp\/v2\/categories?post=8427"},{"taxonomy":"post_tag","embeddable":true,"href":"https:\/\/www.musical-today.de\/en\/wp-json\/wp\/v2\/tags?post=8427"}],"curies":[{"name":"wp","href":"https:\/\/api.w.org\/{rel}","templated":true}]}}