{"id":8736,"date":"2024-11-06T18:21:19","date_gmt":"2024-11-06T17:21:19","guid":{"rendered":"https:\/\/www.musical-today.de\/?p=8736"},"modified":"2025-04-15T14:28:19","modified_gmt":"2025-04-15T12:28:19","slug":"zuerich-billy-elliot-das-musical","status":"publish","type":"post","link":"https:\/\/www.musical-today.de\/en\/zuerich-billy-elliot-das-musical\/","title":{"rendered":"Billy Elliot \u2013 Das Musical"},"content":{"rendered":"<div class=\"lets-info-up-wrap  lets-info-up--right lets-info-up--m-1 lets-info-up-skin-3 lets-info-up--side lets-info-up-10694\" style=\"background:#fafafa; color: #616161\">\t\t\t<div class=\"lets-info-up\">\r\n\t\t\t<div class=\"lets-info-up-fi\"><img decoding=\"async\" width=\"500\" height=\"333\" src=\"https:\/\/www.musical-today.de\/wp-content\/uploads\/2024\/01\/qi-addons-for-elementor-placeholder-500x333.png\" class=\"attachment-lets-info-up-d1 size-lets-info-up-d1\" alt=\"|\" srcset=\"https:\/\/www.musical-today.de\/wp-content\/uploads\/2024\/01\/qi-addons-for-elementor-placeholder-500x333.png 500w, https:\/\/www.musical-today.de\/wp-content\/uploads\/2024\/01\/qi-addons-for-elementor-placeholder-300x200.png 300w, https:\/\/www.musical-today.de\/wp-content\/uploads\/2024\/01\/qi-addons-for-elementor-placeholder-1024x683.png 1024w, https:\/\/www.musical-today.de\/wp-content\/uploads\/2024\/01\/qi-addons-for-elementor-placeholder-883x589.png 883w, https:\/\/www.musical-today.de\/wp-content\/uploads\/2024\/01\/qi-addons-for-elementor-placeholder-18x12.png 18w, https:\/\/www.musical-today.de\/wp-content\/uploads\/2024\/01\/qi-addons-for-elementor-placeholder-360x240.png 360w, https:\/\/www.musical-today.de\/wp-content\/uploads\/2024\/01\/qi-addons-for-elementor-placeholder-1155x770.png 1155w, https:\/\/www.musical-today.de\/wp-content\/uploads\/2024\/01\/qi-addons-for-elementor-placeholder-370x247.png 370w, https:\/\/www.musical-today.de\/wp-content\/uploads\/2024\/01\/qi-addons-for-elementor-placeholder-770x513.png 770w, https:\/\/www.musical-today.de\/wp-content\/uploads\/2024\/01\/qi-addons-for-elementor-placeholder-293x195.png 293w, https:\/\/www.musical-today.de\/wp-content\/uploads\/2024\/01\/qi-addons-for-elementor-placeholder-120x80.png 120w, https:\/\/www.musical-today.de\/wp-content\/uploads\/2024\/01\/qi-addons-for-elementor-placeholder-240x160.png 240w, https:\/\/www.musical-today.de\/wp-content\/uploads\/2024\/01\/qi-addons-for-elementor-placeholder-390x260.png 390w, https:\/\/www.musical-today.de\/wp-content\/uploads\/2024\/01\/qi-addons-for-elementor-placeholder.png 1200w\" sizes=\"(max-width: 500px) 100vw, 500px\" title=\"\"><\/div>\t\t\t<div class=\"lets-info-up-block-wrap\">\r\n\t\t\t\t<div class=\"lets-info-up-block lets-info-up-meta-block\"><div class=\"lets-info-up-meta-title lets-info-up-pretitle font-h\" style=\"color: #8c6d18;\">oRT<\/div><div class=\"lets-info-up-meta-content lets-info-up-title font-b\">Billy Elliot \u2013 Das Musical<\/div><\/div><div class=\"lets-info-up-block lets-info-up-meta-block\"><div class=\"lets-info-up-meta-title lets-info-up-pretitle font-h\" style=\"color: #8c6d18;\">von<\/div><div class=\"lets-info-up-meta-content lets-info-up-title font-b\">Elton John (Musik)<br>Lee Hall (Buch &amp; Gesangstexte)<\/div><\/div><div class=\"lets-info-up-block lets-info-up-meta-block\"><div class=\"lets-info-up-meta-title lets-info-up-pretitle font-h\" style=\"color: #8c6d18;\">Regie<\/div><div class=\"lets-info-up-meta-content lets-info-up-title font-b\">Mitch Sebastian<\/div><\/div><div class=\"lets-info-up-block lets-info-up-meta-block\"><div class=\"lets-info-up-meta-title lets-info-up-pretitle font-h\" style=\"color: #8c6d18;\">Urauff\u00fchrung<\/div><div class=\"lets-info-up-meta-content lets-info-up-title font-b\">2005<\/div><\/div><div class=\"lets-info-up-block lets-info-up-meta-block\"><div class=\"lets-info-up-meta-title lets-info-up-pretitle font-h\" style=\"color: #8c6d18;\">INFOS<\/div><div class=\"lets-info-up-meta-content lets-info-up-title font-b\"><a href=\"https:\/\/www.billy-elliot.ch\/be\/de.html\" data-type=\"link\" target=\"_blank\" rel=\"noopener noreferrer nofollow\">www.billy-elliot.ch<\/a><\/div><\/div>\t\t\t<\/div>\r\n\t\t\t<\/div>\r\n\t\t<\/div>\r\n\t\t\n\n\n<p><strong>Deutschsprachige Erstauff\u00fchrung von \u201eBilly Elliot\u201c<\/strong><\/p>\n\n\n\n<p>Die Betreiber der Maag Halle Z\u00fcrich haben sich die Rechte f\u00fcr die deutschsprachige Erstauff\u00fchrung von \u201eBilly Elliot\u201c gesichert \u2013 mit einem Budget von 5 Millionen Franken die gr\u00f6\u00dfte Musicalproduktion von Maag Moments und bisher wohl auch eine der gr\u00f6\u00dften in der Schweiz. Die Inszenierung des in Z\u00fcrich lebenden West-End-Regisseurs Mitch Sebastian \u00fcbertrifft alle Erwartungen. Mit mitrei\u00dfender Choreografie, fantastischer Regie und einem grandiosen Ensemble zieht die Produktion das Publikum vom ersten Moment an in ihren Bann. \u201eBilly Elliot\u201c erz\u00e4hlt die Geschichte eines Jungen aus einer Bergarbeiterfamilie in Nordengland, der w\u00e4hrend des Streiks 1984 seine Leidenschaft f\u00fcr Ballett entdeckt. Trotz aller Widerst\u00e4nde verfolgt er entschlossen seinen Traum und vermittelt eine universelle Botschaft \u00fcber Selbstfindung und den Mut, seinen eigenen Weg zu gehen.<\/p>\n\n\n\n<p>Im Zentrum steht die Choreografie. Sarah-Jane Brodbeck passt die vielseitigen und einfallsreichen Tanznummern perfekt auf das Ensemble an. Die Leidenschaft der Kleinen \u00fcbertr\u00e4gt sich dabei offensichtlich auf die Gro\u00dfen. Besonders beeindruckend ist die Leistung des jungen Hauptdarstellers: Moritz Fischli meistert die Rolle des Billy mit bemerkenswerter Reife. Ob Ballett, Stepptanz oder Luftnummer, er setzt die Choreografien hervorragend um und \u00fcberzeugt auch schauspielerisch und gesanglich. Neben Billys Freund Michael ist er der gro\u00dfe Star des Abends.<\/p>\n\n\n<div  class=\"tpgb-wrap-956d14_8736  tpgb-wrap-fw \"  ><div id=\"956d14_8736\" class=\"tpgb-block-956d14_8736 tpgb-relative-block tpgb-gallery-list tpgb-metro gallery-style-2 hover-image-style-1   \" data-style=\"style-2\" data-id=\"956d14_8736\" data-layout=\"metro\" data-fancy-option='{\"loop\":false,\"thumb\":\"no\",\"infobar\":true,\"arrows\":true,\"transitionEffect\":\"slide\",\"button\":[\"close\"]}' data-splide='\"\"' data-metroAttr= '{\"metro_col\":3,\"tab_metro_col\":3,\"mobile_metro_col\":3,\"metro_style\":\"style-1\",\"tab_metro_style\":\"style-1\",\"mobile_metro_style\":\"style-1\"}' ><div class=\"tpgb-row post-loop-inner \"><div class=\"grid-item metro-item-0    tpgb-metro-1  tpgb-tab-metro-1  tpgb-mobile-metro-1 \"><a href=\"https:\/\/www.musical-today.de\/wp-content\/uploads\/2024\/11\/Billy-Elliot_Moritz-Fischli_\u00a9-Rene-Tanner_3-scaled.jpg\" class=\"tpgb-gallery-list-content tpgb-trans-easeinout\" data-fancybox=\"956d14_8736\" data-caption=\"Foto: Ren\u00e9 Tanner\" aria-label=\"Foto: Ren\u00e9 Tanner\"><div class=\"post-content-image\"><div class=\"tpgb-metro-gallery-image\" style=\"background: url(https:\/\/www.musical-today.de\/wp-content\/uploads\/2024\/11\/Billy-Elliot_Moritz-Fischli_\u00a9-Rene-Tanner_3-scaled.jpg);\"><\/div><\/div><div class=\"post-content-center\"><div class=\"post-zoom-icon\"><div class=\"meta-search-icon\"><span><img decoding=\"async\" class=\"fancy-img\" src=\"https:\/\/www.musical-today.de\/wp-content\/uploads\/2024\/11\/Billy-Elliot_Moritz-Fischli_\u00a9-Rene-Tanner_3-scaled.jpg\" alt=\"Media Image1\" title=\"\"><i class=\"fas fa-search-plus pop-icon\"><\/i><\/span><\/div><\/div><div class=\"post-content-bottom\"><p class=\"post-title tpgb-trans-easeinout\">Foto: Ren\u00e9 Tanner<\/p><\/div><\/div><\/a><\/div><div class=\"grid-item metro-item-1    tpgb-metro-2  tpgb-tab-metro-2  tpgb-mobile-metro-2 \"><a href=\"https:\/\/www.musical-today.de\/wp-content\/uploads\/2024\/11\/Billy-Elliot_Streik_\u00a9-Rene-Tanner-scaled.jpg\" class=\"tpgb-gallery-list-content tpgb-trans-easeinout\" data-fancybox=\"956d14_8736\" data-caption=\"Foto: Ren\u00e9 Tanner\" aria-label=\"Foto: Ren\u00e9 Tanner\"><div class=\"post-content-image\"><div class=\"tpgb-metro-gallery-image\" style=\"background: url(https:\/\/www.musical-today.de\/wp-content\/uploads\/2024\/11\/Billy-Elliot_Streik_\u00a9-Rene-Tanner-scaled.jpg);\"><\/div><\/div><div class=\"post-content-center\"><div class=\"post-zoom-icon\"><div class=\"meta-search-icon\"><span><img decoding=\"async\" class=\"fancy-img\" src=\"https:\/\/www.musical-today.de\/wp-content\/uploads\/2024\/11\/Billy-Elliot_Streik_\u00a9-Rene-Tanner-scaled.jpg\" alt=\"Media Image2\" title=\"\"><i class=\"fas fa-search-plus pop-icon\"><\/i><\/span><\/div><\/div><div class=\"post-content-bottom\"><p class=\"post-title tpgb-trans-easeinout\">Foto: Ren\u00e9 Tanner<\/p><\/div><\/div><\/a><\/div><div class=\"grid-item metro-item-2    tpgb-metro-3  tpgb-tab-metro-3  tpgb-mobile-metro-3 \"><a href=\"https:\/\/www.musical-today.de\/wp-content\/uploads\/2024\/11\/Billy-Elliot_Moritz-Fischli-und-Justin-Perier_cRene-Tanner-scaled.jpg\" class=\"tpgb-gallery-list-content tpgb-trans-easeinout\" data-fancybox=\"956d14_8736\" data-caption=\"Foto: Ren\u00e9 Tanner\" aria-label=\"Foto: Ren\u00e9 Tanner\"><div class=\"post-content-image\"><div class=\"tpgb-metro-gallery-image\" style=\"background: url(https:\/\/www.musical-today.de\/wp-content\/uploads\/2024\/11\/Billy-Elliot_Moritz-Fischli-und-Justin-Perier_cRene-Tanner-scaled.jpg);\"><\/div><\/div><div class=\"post-content-center\"><div class=\"post-zoom-icon\"><div class=\"meta-search-icon\"><span><img decoding=\"async\" class=\"fancy-img\" src=\"https:\/\/www.musical-today.de\/wp-content\/uploads\/2024\/11\/Billy-Elliot_Moritz-Fischli-und-Justin-Perier_cRene-Tanner-scaled.jpg\" alt=\"Media Image3\" title=\"\"><i class=\"fas fa-search-plus pop-icon\"><\/i><\/span><\/div><\/div><div class=\"post-content-bottom\"><p class=\"post-title tpgb-trans-easeinout\">Foto: Ren\u00e9 Tanner<\/p><\/div><\/div><\/a><\/div><\/div><\/div><\/div>\n\n\n<p>Daneben brilliert auch das gesamte Ensemble mit durchweg gelungenen Leistungen. Justin P\u00e9rier als Michael spr\u00fcht vor Spielfreude und burschikoser Extravaganz, seine B\u00fchnenpr\u00e4senz und Ausdrucksst\u00e4rke sind beeindruckend. Isabelle Flachsmann als resolute Tanzlehrerin Mrs. Wilkinson zeigt die perfekte Mischung von harter Schale und weichem Kern. Ihre wundersch\u00f6ne Stimme, ihr t\u00e4nzerisches K\u00f6nnen und ihre starke B\u00fchnenpr\u00e4senz machen sie zu einem der H\u00f6hepunkte der Produktion. Pasquale Aleardi als Billys Vater vermag es, die Zerrissenheit zwischen verbittertem Minenarbeiter und liebendem Elternteil, der das Beste will f\u00fcr seinen Sohn, sehr packend darzustellen. In den entsprechenden Szenen beweist er auch kom\u00f6diantisches Talent. Sabine Martin als warmherzige und zerstreute Gro\u00dfmutter und Lucas Baier als Billys rebellischer Bruder Tony bringen beide eine kraftvolle Darbietung, besonders letzterer \u00fcberzeugend auch stimmlich. Weitere gesangliche Highlights bietet Marijke Loopers als Billys Mutter. Ihr Duett mit Isabelle Flachsmann ist wundersch\u00f6n und sehr ber\u00fchrend.<\/p>\n\n\n\n<p>Das B\u00fchnenbild von Francis O\u2019Connor unterst\u00fctzt die Handlung hervorragend. Es besteht aus einer zweist\u00f6ckigen, industriell anmutenden Stahlkonstruktion und setzt sich aus zahlreichen beweglichen Elementen zusammen, die immer wieder \u00fcberraschen und schnelle \u00dcberg\u00e4nge zwischen den verschiedenen Schaupl\u00e4tzen erm\u00f6glichen. Hinten dominiert ein riesiges F\u00f6rderrad. Die obere Begrenzung bilden vier Dachstreben, die die Schaupl\u00e4tze zus\u00e4tzlich strukturieren.<\/p>\n\n\n\n<p>Das Lichtdesign von Michael Grundner verbindet sich mit der Ausstattung zu einer perfekten Symbiose und ist ein Meisterwerk der Stimmungskreation. Immer wieder setzt es beeindruckende H\u00f6hepunkte: angefangen bei den Stirnlampen der Minenarbeiter \u00fcber die Betonung der wechselnden Stimmungen zwischen nachdenklichen und fr\u00f6hlichen Szenen bis zu den Lichtfeuerwerken bei den gro\u00dfen Tanzszenen, wo sich die fulminante Lichtshow inklusive Funkenregen nahtlos von der B\u00fchne in den Zuschauerraum fortsetzt.<\/p>\n\n\n\n<p>Die Kost\u00fcme (ebenfalls von Francis O\u2019Connor) sind vielf\u00e4ltig, teils einfach gehalten, dann wieder grell und bunt mit wildem Farb- und Mustermix. Ein absolutes Highlight ist die farbenfrohe Verkleidungsszene mit Billy, Michael und dem Ensemble. Unter der musikalischen Leitung von Dirigentin Sonja F\u00fcchslin erweckt das Orchester Elton Johns emotionale Partitur zum Leben.<\/p>\n\n\n\n<p>\u201eBilly Elliot\u201c ist ein Musical, das nicht nur Tanz- und Musikliebhaber begeistert. Dass die H\u00e4lfte der Besetzung aus Kindern besteht, macht dieses St\u00fcck zu einem ganz besonderen Erlebnis. Das Produktionsteam und das Ensemble aller Altersstufen leisten hier Gro\u00dfes: ein absolutes Must-see!<\/p>\n\n\n\n<hr class=\"wp-block-separator has-alpha-channel-opacity is-style-dots\"\/>\n\n\n\n<p class=\"has-small-font-size\">Musikalische Leitung: Sonja F\u00fcchslin \u2022 Studioaufnahmen: Dominique Huber \u2022 Choreografie: Sarah-Jane Brodbeck und Joy Knecht \u2022 Ausstattung: Francis O\u2019Connor \u2022 Sounddesign: Gast\u00f3n Briski \u2022 Licht: Michael Grundner \u2022 Mit: Moritz Fischli (Billy Elliot), Justin P\u00e9rier (Michael), Pasquale Aleardi (Vater), Isabelle Flachsmann (Mrs. Wilkinson), Lucas Baier (Tony), Sabine Martin (Gro\u00dfmutter), Marijke Loopers (Mutter), Chlo\u00e9 Michel (Debbie), Frank Logemann (George), Stephen Dole (\u00c4lterer Billy), Siegmar Tonk (Mr. Braithwaite) u.a.<\/p>\n\n\n\n<p class=\"has-small-font-size\">Aufmacherfoto: Ren\u00e9 Tanner<\/p>\n","protected":false},"excerpt":{"rendered":"<p>Deutschsprachige Erstauff\u00fchrung von \u201eBilly Elliot\u201c Die Betreiber der Maag Halle Z\u00fcrich haben sich die Rechte f\u00fcr die deutschsprachige Erstauff\u00fchrung von \u201eBilly Elliot\u201c gesichert \u2013 mit einem Budget von 5 Millionen Franken die gr\u00f6\u00dfte Musicalproduktion von Maag Moments und bisher wohl auch eine der gr\u00f6\u00dften in der Schweiz. Die Inszenierung des in Z\u00fcrich lebenden West-End-Regisseurs Mitch Sebastian \u00fcbertrifft alle Erwartungen. Mit mitrei\u00dfender Choreografie, fantastischer Regie und einem grandiosen Ensemble zieht die Produktion das Publikum vom ersten Moment an in ihren Bann. [&hellip;]<\/p>\n","protected":false},"author":13,"featured_media":8722,"comment_status":"closed","ping_status":"closed","sticky":false,"template":"","format":"standard","meta":{"tpgb_global_settings":"","footnotes":""},"categories":[194],"tags":[],"class_list":["post-8736","post","type-post","status-publish","format-standard","has-post-thumbnail","hentry","category-zuerich"],"tpgb_featured_images":{"full":["https:\/\/www.musical-today.de\/wp-content\/uploads\/2024\/11\/Billy-Elliot_Moritz-Fischli_\u00a9-Rene-Tanner_2-scaled.jpg",2560,1706,false],"tp-image-grid":["https:\/\/www.musical-today.de\/wp-content\/uploads\/2024\/11\/Billy-Elliot_Moritz-Fischli_\u00a9-Rene-Tanner_2-700x700.jpg",700,700,true],"thumbnail":["https:\/\/www.musical-today.de\/wp-content\/uploads\/2024\/11\/Billy-Elliot_Moritz-Fischli_\u00a9-Rene-Tanner_2-600x400.jpg",600,400,true],"medium":["https:\/\/www.musical-today.de\/wp-content\/uploads\/2024\/11\/Billy-Elliot_Moritz-Fischli_\u00a9-Rene-Tanner_2-1200x800.jpg",1200,800,true],"medium_large":["https:\/\/www.musical-today.de\/wp-content\/uploads\/2024\/11\/Billy-Elliot_Moritz-Fischli_\u00a9-Rene-Tanner_2-949x633.jpg",770,514,true],"large":["https:\/\/www.musical-today.de\/wp-content\/uploads\/2024\/11\/Billy-Elliot_Moritz-Fischli_\u00a9-Rene-Tanner_2-1920x1280.jpg",1139,759,true],"default":"https:\/\/www.musical-today.de\/wp-content\/plugins\/the-plus-addons-for-block-editor\/assets\/images\/tpgb-placeholder.jpg"},"tpgb_post_meta_info":{"get_date":"06.11.2024","get_modified_date":"15.04.2025","category_list":{"category":[{"term_id":194,"name":"Z\u00fcrich","slug":"zuerich","term_group":0,"term_taxonomy_id":194,"taxonomy":"category","description":"","parent":115,"count":6,"filter":"raw","term_order":"8"}],"post_tag":false,"post_format":false},"author_name":"Susanne Weber","author_url":"https:\/\/www.musical-today.de\/en\/autor\/susanneweber\/","author_email":"online55@musical-today.de","author_website":"","author_description":"entdeckte bei einem Opernbesuch mit ihrer Gro\u00dfmutter und sp\u00e4ter als Geigerin in einer Schulmusicalproduktion schon als Jugendliche ihre Liebe zum Musiktheater. Seitdem hat sie diese Faszination nicht mehr losgelassen. Urspr\u00fcnglich studierte sie Sprachen, aktuell arbeitet sie als Chief of Staff am Schweizer Hauptsitz eines amerikanischen IT-Unternehmens.","author_facebook":"","author_twitter":"","author_instagram":"","author_role":["author"],"author_firstname":"Susanne","author_lastname":"Weber","user_login":"susanneweber","author_avatar":"<img src=\"https:\/\/www.musical-today.de\/wp-content\/uploads\/2024\/03\/Susanne-Weber1-293x293.jpg\" width=\"200\" height=\"200\" alt=\"Susanne Weber\" class=\"avatar avatar-200 wp-user-avatar wp-user-avatar-200 alignnone photo\" \/>","author_avatar_url":"https:\/\/www.musical-today.de\/wp-content\/uploads\/2024\/03\/Susanne-Weber1.jpg","comment_count":0,"post_likes":0,"post_views":0},"tpgb_post_category":{"category":"<a href=\"https:\/\/www.musical-today.de\/en\/schweiz\/zuerich\/\" alt=\"Z\u00fcrich\"  class=\"category-zuerich\">Z\u00fcrich<\/a> "},"_links":{"self":[{"href":"https:\/\/www.musical-today.de\/en\/wp-json\/wp\/v2\/posts\/8736","targetHints":{"allow":["GET"]}}],"collection":[{"href":"https:\/\/www.musical-today.de\/en\/wp-json\/wp\/v2\/posts"}],"about":[{"href":"https:\/\/www.musical-today.de\/en\/wp-json\/wp\/v2\/types\/post"}],"author":[{"embeddable":true,"href":"https:\/\/www.musical-today.de\/en\/wp-json\/wp\/v2\/users\/13"}],"replies":[{"embeddable":true,"href":"https:\/\/www.musical-today.de\/en\/wp-json\/wp\/v2\/comments?post=8736"}],"version-history":[{"count":0,"href":"https:\/\/www.musical-today.de\/en\/wp-json\/wp\/v2\/posts\/8736\/revisions"}],"wp:featuredmedia":[{"embeddable":true,"href":"https:\/\/www.musical-today.de\/en\/wp-json\/wp\/v2\/media\/8722"}],"wp:attachment":[{"href":"https:\/\/www.musical-today.de\/en\/wp-json\/wp\/v2\/media?parent=8736"}],"wp:term":[{"taxonomy":"category","embeddable":true,"href":"https:\/\/www.musical-today.de\/en\/wp-json\/wp\/v2\/categories?post=8736"},{"taxonomy":"post_tag","embeddable":true,"href":"https:\/\/www.musical-today.de\/en\/wp-json\/wp\/v2\/tags?post=8736"}],"curies":[{"name":"wp","href":"https:\/\/api.w.org\/{rel}","templated":true}]}}