{"id":8769,"date":"2024-11-11T22:28:15","date_gmt":"2024-11-11T21:28:15","guid":{"rendered":"https:\/\/www.musical-today.de\/?p=8769"},"modified":"2025-04-15T14:28:19","modified_gmt":"2025-04-15T12:28:19","slug":"basel-the-phantom-of-the-opera","status":"publish","type":"post","link":"https:\/\/www.musical-today.de\/en\/basel-the-phantom-of-the-opera\/","title":{"rendered":"The Phantom of the Opera"},"content":{"rendered":"<div class=\"lets-info-up-wrap  lets-info-up--right lets-info-up--m-1 lets-info-up-skin-3 lets-info-up--side lets-info-up-53231\" style=\"background:#fafafa; color: #616161\">\t\t\t<div class=\"lets-info-up\">\r\n\t\t\t<div class=\"lets-info-up-fi\"><img decoding=\"async\" width=\"500\" height=\"333\" src=\"https:\/\/www.musical-today.de\/wp-content\/uploads\/2024\/01\/qi-addons-for-elementor-placeholder-500x333.png\" class=\"attachment-lets-info-up-d1 size-lets-info-up-d1\" alt=\"|\" srcset=\"https:\/\/www.musical-today.de\/wp-content\/uploads\/2024\/01\/qi-addons-for-elementor-placeholder-500x333.png 500w, https:\/\/www.musical-today.de\/wp-content\/uploads\/2024\/01\/qi-addons-for-elementor-placeholder-300x200.png 300w, https:\/\/www.musical-today.de\/wp-content\/uploads\/2024\/01\/qi-addons-for-elementor-placeholder-1024x683.png 1024w, https:\/\/www.musical-today.de\/wp-content\/uploads\/2024\/01\/qi-addons-for-elementor-placeholder-883x589.png 883w, https:\/\/www.musical-today.de\/wp-content\/uploads\/2024\/01\/qi-addons-for-elementor-placeholder-18x12.png 18w, https:\/\/www.musical-today.de\/wp-content\/uploads\/2024\/01\/qi-addons-for-elementor-placeholder-360x240.png 360w, https:\/\/www.musical-today.de\/wp-content\/uploads\/2024\/01\/qi-addons-for-elementor-placeholder-1155x770.png 1155w, https:\/\/www.musical-today.de\/wp-content\/uploads\/2024\/01\/qi-addons-for-elementor-placeholder-370x247.png 370w, https:\/\/www.musical-today.de\/wp-content\/uploads\/2024\/01\/qi-addons-for-elementor-placeholder-770x513.png 770w, https:\/\/www.musical-today.de\/wp-content\/uploads\/2024\/01\/qi-addons-for-elementor-placeholder-293x195.png 293w, https:\/\/www.musical-today.de\/wp-content\/uploads\/2024\/01\/qi-addons-for-elementor-placeholder-120x80.png 120w, https:\/\/www.musical-today.de\/wp-content\/uploads\/2024\/01\/qi-addons-for-elementor-placeholder-240x160.png 240w, https:\/\/www.musical-today.de\/wp-content\/uploads\/2024\/01\/qi-addons-for-elementor-placeholder-390x260.png 390w, https:\/\/www.musical-today.de\/wp-content\/uploads\/2024\/01\/qi-addons-for-elementor-placeholder.png 1200w\" sizes=\"(max-width: 500px) 100vw, 500px\" title=\"\"><\/div>\t\t\t<div class=\"lets-info-up-block-wrap\">\r\n\t\t\t\t<div class=\"lets-info-up-block lets-info-up-meta-block\"><div class=\"lets-info-up-meta-title lets-info-up-pretitle font-h\" style=\"color: #8c6d18;\">oRT<\/div><div class=\"lets-info-up-meta-content lets-info-up-title font-b\">Musical Theater Basel<\/div><\/div><div class=\"lets-info-up-block lets-info-up-meta-block\"><div class=\"lets-info-up-meta-title lets-info-up-pretitle font-h\" style=\"color: #8c6d18;\">von<\/div><div class=\"lets-info-up-meta-content lets-info-up-title font-b\">Andrew Lloyd Webber (Musik)<br>Richard Stilgoe &amp; Andrew Lloyd Webber (Buch)<br>Charles Hart (Gesangstexte)<\/div><\/div><div class=\"lets-info-up-block lets-info-up-meta-block\"><div class=\"lets-info-up-meta-title lets-info-up-pretitle font-h\" style=\"color: #8c6d18;\">Regie<\/div><div class=\"lets-info-up-meta-content lets-info-up-title font-b\">Stephen Barlow <\/div><\/div><div class=\"lets-info-up-block lets-info-up-meta-block\"><div class=\"lets-info-up-meta-title lets-info-up-pretitle font-h\" style=\"color: #8c6d18;\">Urauff\u00fchrung<\/div><div class=\"lets-info-up-meta-content lets-info-up-title font-b\">1986<\/div><\/div><div class=\"lets-info-up-block lets-info-up-meta-block\"><div class=\"lets-info-up-meta-title lets-info-up-pretitle font-h\" style=\"color: #8c6d18;\">INFOS<\/div><div class=\"lets-info-up-meta-content lets-info-up-title font-b\"><a href=\"https:\/\/www.musical.ch\/de\/phantom\" target=\"_blank\" rel=\"noopener noreferrer nofollow\">www.musical.ch<\/a><\/div><\/div>\t\t\t<\/div>\r\n\t\t\t<\/div>\r\n\t\t<\/div>\r\n\t\t\n\n\n<p><strong>Webbers \u201ePhantom of the Opera\u201c hochkar\u00e4tig besetzt und opulent ausgestattet<\/strong><\/p>\n\n\n\n<p>Andrew Lloyd Webbers Meisterwerk \u201eThe Phantom of the Opera\u201c kehrt zum 30-j\u00e4hrigen Jubil\u00e4um des Musical Theaters Basel in einer \u00fcberarbeiteten Inszenierung in die Schweiz zur\u00fcck. Die gro\u00dfe Tournee-Produktion pr\u00e4sentiert sich mit einer beeindruckenden Besetzung von \u00fcber 100 Mitwirkenden. Das Musical Theater Basel ist neben dem Theater 11 in Z\u00fcrich einer von nur zwei Schweizer Spielorten, die technisch f\u00fcr solch gro\u00dfe Produktionen ausgelegt sind.&nbsp;<\/p>\n\n\n\n<p>Unter der musikalischen Leitung von Ben Mark Turner pulsiert und strahlt Lloyd Webbers Partitur wie eh und je. Die bekannten Melodien bekommen live eine Wucht, die immer wieder G\u00e4nsehaut verursacht. Die subtilen Dissonanzen und dramatischen Harmonien spiegeln die innere Zerrissenheit des Phantoms und bringen die komplexen Emotionen der Figuren brillant zum Ausdruck.&nbsp;<\/p>\n\n\n\n<p>Das Ensemble dieser Tour ist hochkar\u00e4tig. Viele der Darstellenden bringen Erfahrung aus der Londoner Originalproduktion mit, was der Auff\u00fchrung im englischsprachigen Original zus\u00e4tzliche Qualit\u00e4t verleiht. Sopranistin Georgia Wilkinson als Christine gelingt es am besten, unfassbare Stimmakrobatik und Ausdruckskraft zu einem Gesamtkunstwerk zu verbinden. Sie meistert die Entwicklung ihrer Figur von der unsicheren S\u00e4ngerin zur selbstbewussten Frau mit beeindruckender Authentizit\u00e4t und gro\u00dfer Ausstrahlung. Als Phantom liefert Nadim Naaman ebenfalls eine herausragende gesangliche Leistung, zus\u00e4tzlich hebt er sich mit einer sehr besonderen Stimmfarbe ab. Sein Phantom ist ein entstelltes Genie, das zwischen genialem Komponisten und d\u00fcsterem Antihelden schwankt. Teils gelingt ihm dieser Spagat, an anderen Stellen h\u00e4tte die Figur mehr Tiefe vertragen. Dougie Carter bildet als Raoul einen \u00fcberzeugenden Gegenpart zum Phantom, auch er ist stimmlich ein Hochgenuss. Lara Martins als Primadonna Carlotta Giudicelli bietet gesangliche Highlights und viel s\u00fcdl\u00e4ndisches Temperament, passend zur Rolle.&nbsp;<\/p>\n\n\n<div  class=\"tpgb-wrap-956d14_8769  tpgb-wrap-fw \"  ><div id=\"956d14_8769\" class=\"tpgb-block-956d14_8769 tpgb-relative-block tpgb-gallery-list tpgb-metro gallery-style-2 hover-image-style-1   \" data-style=\"style-2\" data-id=\"956d14_8769\" data-layout=\"metro\" data-fancy-option='{\"loop\":false,\"thumb\":\"no\",\"infobar\":true,\"arrows\":true,\"transitionEffect\":\"slide\",\"button\":[\"close\"]}' data-splide='\"\"' data-metroAttr= '{\"metro_col\":3,\"tab_metro_col\":3,\"mobile_metro_col\":3,\"metro_style\":\"style-1\",\"tab_metro_style\":\"style-1\",\"mobile_metro_style\":\"style-1\"}' ><div class=\"tpgb-row post-loop-inner \"><div class=\"grid-item metro-item-0    tpgb-metro-1  tpgb-tab-metro-1  tpgb-mobile-metro-1 \"><a href=\"https:\/\/www.musical-today.de\/wp-content\/uploads\/2024\/11\/1_Phantom-of-the-Opera_Photo-Credit-Giulia-Marangoni.jpg\" class=\"tpgb-gallery-list-content tpgb-trans-easeinout\" data-fancybox=\"956d14_8769\" data-caption=\"Foto: Phantom of the Opera\" aria-label=\"Foto: Phantom of the Opera\"><div class=\"post-content-image\"><div class=\"tpgb-metro-gallery-image\" style=\"background: url(https:\/\/www.musical-today.de\/wp-content\/uploads\/2024\/11\/1_Phantom-of-the-Opera_Photo-Credit-Giulia-Marangoni.jpg);\"><\/div><\/div><div class=\"post-content-center\"><div class=\"post-zoom-icon\"><div class=\"meta-search-icon\"><span><img decoding=\"async\" class=\"fancy-img\" src=\"https:\/\/www.musical-today.de\/wp-content\/uploads\/2024\/11\/1_Phantom-of-the-Opera_Photo-Credit-Giulia-Marangoni.jpg\" alt=\"Media Image1\" title=\"\"><i class=\"fas fa-search-plus pop-icon\"><\/i><\/span><\/div><\/div><div class=\"post-content-bottom\"><p class=\"post-title tpgb-trans-easeinout\">Foto: Phantom of the Opera<\/p><\/div><\/div><\/a><\/div><div class=\"grid-item metro-item-1    tpgb-metro-2  tpgb-tab-metro-2  tpgb-mobile-metro-2 \"><a href=\"https:\/\/www.musical-today.de\/wp-content\/uploads\/2024\/11\/3_Phantom-of-the-Opera.jpg\" class=\"tpgb-gallery-list-content tpgb-trans-easeinout\" data-fancybox=\"956d14_8769\" data-caption=\"Foto: Phantom of the Opera\" aria-label=\"Foto: Phantom of the Opera\"><div class=\"post-content-image\"><div class=\"tpgb-metro-gallery-image\" style=\"background: url(https:\/\/www.musical-today.de\/wp-content\/uploads\/2024\/11\/3_Phantom-of-the-Opera.jpg);\"><\/div><\/div><div class=\"post-content-center\"><div class=\"post-zoom-icon\"><div class=\"meta-search-icon\"><span><img decoding=\"async\" class=\"fancy-img\" src=\"https:\/\/www.musical-today.de\/wp-content\/uploads\/2024\/11\/3_Phantom-of-the-Opera.jpg\" alt=\"Media Image2\" title=\"\"><i class=\"fas fa-search-plus pop-icon\"><\/i><\/span><\/div><\/div><div class=\"post-content-bottom\"><p class=\"post-title tpgb-trans-easeinout\">Foto: Phantom of the Opera<\/p><\/div><\/div><\/a><\/div><div class=\"grid-item metro-item-2    tpgb-metro-3  tpgb-tab-metro-3  tpgb-mobile-metro-3 \"><a href=\"https:\/\/www.musical-today.de\/wp-content\/uploads\/2024\/11\/7_Phantom-of-the-Opera.jpg\" class=\"tpgb-gallery-list-content tpgb-trans-easeinout\" data-fancybox=\"956d14_8769\" data-caption=\"Foto: Phantom of the Opera\" aria-label=\"Foto: Phantom of the Opera\"><div class=\"post-content-image\"><div class=\"tpgb-metro-gallery-image\" style=\"background: url(https:\/\/www.musical-today.de\/wp-content\/uploads\/2024\/11\/7_Phantom-of-the-Opera.jpg);\"><\/div><\/div><div class=\"post-content-center\"><div class=\"post-zoom-icon\"><div class=\"meta-search-icon\"><span><img decoding=\"async\" class=\"fancy-img\" src=\"https:\/\/www.musical-today.de\/wp-content\/uploads\/2024\/11\/7_Phantom-of-the-Opera.jpg\" alt=\"Media Image3\" title=\"\"><i class=\"fas fa-search-plus pop-icon\"><\/i><\/span><\/div><\/div><div class=\"post-content-bottom\"><p class=\"post-title tpgb-trans-easeinout\">Foto: Phantom of the Opera<\/p><\/div><\/div><\/a><\/div><\/div><\/div><\/div>\n\n\n<p>Stephen Barlows Regiearbeit besticht durch flie\u00dfende \u00dcberg\u00e4nge und eine dynamische Erz\u00e4hlweise. Die opulenten B\u00fchnenbilder und Spezialeffekte von Andrew Riley entf\u00fchren das Publikum in die Pariser Oper der 1930er Jahre. Ein gewaltiger Kronleuchter thront majest\u00e4tisch \u00fcber den K\u00f6pfen des Publikums und scheint nur darauf zu warten, seine gro\u00dfe Rolle in der dramatischen Geschichte zu spielen. Zu beiden Seiten der B\u00fchne gl\u00e4nzen die prachtvollen Logen und dahinter der prunkvolle Szenenvorhang, hinter dem jeweils die Umbauten vonstattengehen, w\u00e4hrend die Geschichte vor dem Vorhang weiterl\u00e4uft.&nbsp;&nbsp;<\/p>\n\n\n\n<p>Das Zentrum der Inszenierung bildet eine Drehb\u00fchne mit riesigem Aufbau. Dieser zeigt auf der einen Seite die Treppe in die Katakomben der Oper, auf der anderen die Dachkuppel oder \u2013 je nach Szene \u2013 das unterirdische Versteck des Phantoms mit einer gro\u00dfen Orgel. Andrew Riley und Lars Carlsson haben pr\u00e4chtige Kost\u00fcme sowie raffinierte Per\u00fccken und Masken entworfen, die die Atmosph\u00e4re der Epoche authentisch wiedergeben. Besonders auserlesen sieht zu Beginn des zweiten Akts die \u201eMasquerade\u201c aus. Ewan Jones\u2019 Choreografien f\u00fcgen sich nahtlos ein und beschr\u00e4nken sich weitgehend auf die Ballettst\u00fccke, die meist begleitend zur Handlung eingesetzt werden. Howard Hudsons Lichtdesign unterst\u00fctzt subtil die emotionalen Nuancen der Geschichte und spielt eine tragende Rolle in den dramatischen Momenten.&nbsp;<\/p>\n\n\n\n<p>Trotz aller Pracht bleibt ein Hauch von Distanz zwischen B\u00fchne und Publikum. Die Inszenierung ist wie ein wertvolles Gem\u00e4lde in einem Museum: beeindruckend und sch\u00f6n, aber irgendwie unnahbar. Sie bleibt der Operntradition treu, w\u00e4hrend andere Musicals darauf abzielen, den Graben zwischen B\u00fchne und Zuschauerraum zunehmend zu \u00fcberbr\u00fccken und das Publikum n\u00e4her an die Handlung zu bringen. Und so ist der Schlussapplaus \u2013 trotz Standing Ovations \u2013 zwar respektvoll, aber doch leicht zur\u00fcckhaltend. Die gesanglichen Leistungen waren \u00fcberragend, trotzdem wollte der Funke nicht ganz \u00fcberspringen.&nbsp;<\/p>\n\n\n\n<hr class=\"wp-block-separator has-alpha-channel-opacity is-style-dots\"\/>\n\n\n\n<p class=\"has-small-font-size\">Musikalische Leitung: Ben Mark Turner \u2022 Choreografie: Ewan Jones \u2022 Ausstattung: Andrew Riley \u2022 Licht: Howard Hudson \u2022 Sounddesign: Adam Fisher \u2022 Mit: Nadim Naaman (The Phantom), Georgia Wilkinson (Christine Daa\u00e9), Dougie Carter (Raoul), Lara Martins (Carlotta Giudicelli), Nicholas Garrett (Monsieur Richard Firmin), Arvid Larsen (Monsieur Gilles Andr\u00e9), Valerie Cutko (Madame Giry), Matthew McDonald (Ubaldo Piangi), Anna Mullan (Meg Giry) u.a. \u2022 The Ballet Chorus of the Opera Populaire\u00a0<\/p>\n\n\n\n<p class=\"has-small-font-size\">Aufmacherfoto: Giulia Marangoni<\/p>\n","protected":false},"excerpt":{"rendered":"<p>Webbers \u201ePhantom of the Opera\u201c hochkar\u00e4tig besetzt und opulent ausgestattet Andrew Lloyd Webbers Meisterwerk \u201eThe Phantom of the Opera\u201c kehrt zum 30-j\u00e4hrigen Jubil\u00e4um des Musical Theaters Basel in einer \u00fcberarbeiteten Inszenierung in die Schweiz zur\u00fcck. Die gro\u00dfe Tournee-Produktion pr\u00e4sentiert sich mit einer beeindruckenden Besetzung von \u00fcber 100 Mitwirkenden. Das Musical Theater Basel ist neben dem Theater 11 in Z\u00fcrich einer von nur zwei Schweizer Spielorten, die technisch f\u00fcr solch gro\u00dfe Produktionen ausgelegt sind.&nbsp; Unter der musikalischen Leitung von Ben Mark [&hellip;]<\/p>\n","protected":false},"author":13,"featured_media":8776,"comment_status":"closed","ping_status":"closed","sticky":false,"template":"","format":"standard","meta":{"tpgb_global_settings":"","footnotes":""},"categories":[200],"tags":[],"class_list":["post-8769","post","type-post","status-publish","format-standard","has-post-thumbnail","hentry","category-basel"],"tpgb_featured_images":{"full":["https:\/\/www.musical-today.de\/wp-content\/uploads\/2024\/11\/2_Phantom-of-the-Opera_Christine-and-Raoul_Photo-Credit-Giulia-Marangoni.jpg",1920,1280,false],"tp-image-grid":["https:\/\/www.musical-today.de\/wp-content\/uploads\/2024\/11\/2_Phantom-of-the-Opera_Christine-and-Raoul_Photo-Credit-Giulia-Marangoni-700x700.jpg",700,700,true],"thumbnail":["https:\/\/www.musical-today.de\/wp-content\/uploads\/2024\/11\/2_Phantom-of-the-Opera_Christine-and-Raoul_Photo-Credit-Giulia-Marangoni-600x400.jpg",600,400,true],"medium":["https:\/\/www.musical-today.de\/wp-content\/uploads\/2024\/11\/2_Phantom-of-the-Opera_Christine-and-Raoul_Photo-Credit-Giulia-Marangoni-1200x800.jpg",1200,800,true],"medium_large":["https:\/\/www.musical-today.de\/wp-content\/uploads\/2024\/11\/2_Phantom-of-the-Opera_Christine-and-Raoul_Photo-Credit-Giulia-Marangoni-949x633.jpg",770,514,true],"large":["https:\/\/www.musical-today.de\/wp-content\/uploads\/2024\/11\/2_Phantom-of-the-Opera_Christine-and-Raoul_Photo-Credit-Giulia-Marangoni.jpg",1139,759,false],"default":"https:\/\/www.musical-today.de\/wp-content\/plugins\/the-plus-addons-for-block-editor\/assets\/images\/tpgb-placeholder.jpg"},"tpgb_post_meta_info":{"get_date":"11.11.2024","get_modified_date":"15.04.2025","category_list":{"category":[{"term_id":200,"name":"Basel","slug":"basel","term_group":0,"term_taxonomy_id":200,"taxonomy":"category","description":"","parent":115,"count":3,"filter":"raw","term_order":"1"}],"post_tag":false,"post_format":false},"author_name":"Susanne Weber","author_url":"https:\/\/www.musical-today.de\/en\/autor\/susanneweber\/","author_email":"online55@musical-today.de","author_website":"","author_description":"entdeckte bei einem Opernbesuch mit ihrer Gro\u00dfmutter und sp\u00e4ter als Geigerin in einer Schulmusicalproduktion schon als Jugendliche ihre Liebe zum Musiktheater. Seitdem hat sie diese Faszination nicht mehr losgelassen. Urspr\u00fcnglich studierte sie Sprachen, aktuell arbeitet sie als Chief of Staff am Schweizer Hauptsitz eines amerikanischen IT-Unternehmens.","author_facebook":"","author_twitter":"","author_instagram":"","author_role":["author"],"author_firstname":"Susanne","author_lastname":"Weber","user_login":"susanneweber","author_avatar":"<img src=\"https:\/\/www.musical-today.de\/wp-content\/uploads\/2024\/03\/Susanne-Weber1-293x293.jpg\" width=\"200\" height=\"200\" alt=\"Susanne Weber\" class=\"avatar avatar-200 wp-user-avatar wp-user-avatar-200 alignnone photo\" \/>","author_avatar_url":"https:\/\/www.musical-today.de\/wp-content\/uploads\/2024\/03\/Susanne-Weber1.jpg","comment_count":0,"post_likes":0,"post_views":0},"tpgb_post_category":{"category":"<a href=\"https:\/\/www.musical-today.de\/en\/schweiz\/basel\/\" alt=\"Basel\"  class=\"category-basel\">Basel<\/a> "},"_links":{"self":[{"href":"https:\/\/www.musical-today.de\/en\/wp-json\/wp\/v2\/posts\/8769","targetHints":{"allow":["GET"]}}],"collection":[{"href":"https:\/\/www.musical-today.de\/en\/wp-json\/wp\/v2\/posts"}],"about":[{"href":"https:\/\/www.musical-today.de\/en\/wp-json\/wp\/v2\/types\/post"}],"author":[{"embeddable":true,"href":"https:\/\/www.musical-today.de\/en\/wp-json\/wp\/v2\/users\/13"}],"replies":[{"embeddable":true,"href":"https:\/\/www.musical-today.de\/en\/wp-json\/wp\/v2\/comments?post=8769"}],"version-history":[{"count":0,"href":"https:\/\/www.musical-today.de\/en\/wp-json\/wp\/v2\/posts\/8769\/revisions"}],"wp:featuredmedia":[{"embeddable":true,"href":"https:\/\/www.musical-today.de\/en\/wp-json\/wp\/v2\/media\/8776"}],"wp:attachment":[{"href":"https:\/\/www.musical-today.de\/en\/wp-json\/wp\/v2\/media?parent=8769"}],"wp:term":[{"taxonomy":"category","embeddable":true,"href":"https:\/\/www.musical-today.de\/en\/wp-json\/wp\/v2\/categories?post=8769"},{"taxonomy":"post_tag","embeddable":true,"href":"https:\/\/www.musical-today.de\/en\/wp-json\/wp\/v2\/tags?post=8769"}],"curies":[{"name":"wp","href":"https:\/\/api.w.org\/{rel}","templated":true}]}}