{"id":8799,"date":"2024-11-13T15:54:46","date_gmt":"2024-11-13T14:54:46","guid":{"rendered":"https:\/\/www.musical-today.de\/?p=8799"},"modified":"2025-04-15T14:28:19","modified_gmt":"2025-04-15T12:28:19","slug":"dresden-show-boat","status":"publish","type":"post","link":"https:\/\/www.musical-today.de\/en\/dresden-show-boat\/","title":{"rendered":"Show Boat"},"content":{"rendered":"<div class=\"lets-info-up-wrap  lets-info-up--right lets-info-up--m-1 lets-info-up-skin-3 lets-info-up--side lets-info-up-14022\" style=\"background:#fafafa; color: #616161\">\t\t\t<div class=\"lets-info-up\">\r\n\t\t\t<div class=\"lets-info-up-fi\"><img decoding=\"async\" width=\"500\" height=\"333\" src=\"https:\/\/www.musical-today.de\/wp-content\/uploads\/2024\/01\/qi-addons-for-elementor-placeholder-500x333.png\" class=\"attachment-lets-info-up-d1 size-lets-info-up-d1\" alt=\"|\" srcset=\"https:\/\/www.musical-today.de\/wp-content\/uploads\/2024\/01\/qi-addons-for-elementor-placeholder-500x333.png 500w, https:\/\/www.musical-today.de\/wp-content\/uploads\/2024\/01\/qi-addons-for-elementor-placeholder-300x200.png 300w, https:\/\/www.musical-today.de\/wp-content\/uploads\/2024\/01\/qi-addons-for-elementor-placeholder-1024x683.png 1024w, https:\/\/www.musical-today.de\/wp-content\/uploads\/2024\/01\/qi-addons-for-elementor-placeholder-883x589.png 883w, https:\/\/www.musical-today.de\/wp-content\/uploads\/2024\/01\/qi-addons-for-elementor-placeholder-18x12.png 18w, https:\/\/www.musical-today.de\/wp-content\/uploads\/2024\/01\/qi-addons-for-elementor-placeholder-360x240.png 360w, https:\/\/www.musical-today.de\/wp-content\/uploads\/2024\/01\/qi-addons-for-elementor-placeholder-1155x770.png 1155w, https:\/\/www.musical-today.de\/wp-content\/uploads\/2024\/01\/qi-addons-for-elementor-placeholder-370x247.png 370w, https:\/\/www.musical-today.de\/wp-content\/uploads\/2024\/01\/qi-addons-for-elementor-placeholder-770x513.png 770w, https:\/\/www.musical-today.de\/wp-content\/uploads\/2024\/01\/qi-addons-for-elementor-placeholder-293x195.png 293w, https:\/\/www.musical-today.de\/wp-content\/uploads\/2024\/01\/qi-addons-for-elementor-placeholder-120x80.png 120w, https:\/\/www.musical-today.de\/wp-content\/uploads\/2024\/01\/qi-addons-for-elementor-placeholder-240x160.png 240w, https:\/\/www.musical-today.de\/wp-content\/uploads\/2024\/01\/qi-addons-for-elementor-placeholder-390x260.png 390w, https:\/\/www.musical-today.de\/wp-content\/uploads\/2024\/01\/qi-addons-for-elementor-placeholder.png 1200w\" sizes=\"(max-width: 500px) 100vw, 500px\" title=\"\"><\/div>\t\t\t<div class=\"lets-info-up-block-wrap\">\r\n\t\t\t\t<div class=\"lets-info-up-block lets-info-up-meta-block\"><div class=\"lets-info-up-meta-title lets-info-up-pretitle font-h\" style=\"color: #8c6d18;\">oRT<\/div><div class=\"lets-info-up-meta-content lets-info-up-title font-b\">Staatsoperette Dresden<\/div><\/div><div class=\"lets-info-up-block lets-info-up-meta-block\"><div class=\"lets-info-up-meta-title lets-info-up-pretitle font-h\" style=\"color: #8c6d18;\">von<\/div><div class=\"lets-info-up-meta-content lets-info-up-title font-b\">Jerome Kern (Musik)<br>Oscar Hammerstein II (Buch und Gesangstexte)<\/div><\/div><div class=\"lets-info-up-block lets-info-up-meta-block\"><div class=\"lets-info-up-meta-title lets-info-up-pretitle font-h\" style=\"color: #8c6d18;\">Regie<\/div><div class=\"lets-info-up-meta-content lets-info-up-title font-b\">Pascale-Sabine Chevroton<\/div><\/div><div class=\"lets-info-up-block lets-info-up-meta-block\"><div class=\"lets-info-up-meta-title lets-info-up-pretitle font-h\" style=\"color: #8c6d18;\">Urauff\u00fchrunG<\/div><div class=\"lets-info-up-meta-content lets-info-up-title font-b\">1927<\/div><\/div><div class=\"lets-info-up-block lets-info-up-meta-block\"><div class=\"lets-info-up-meta-title lets-info-up-pretitle font-h\" style=\"color: #8c6d18;\">INFOS<\/div><div class=\"lets-info-up-meta-content lets-info-up-title font-b\"><a href=\"https:\/\/www.staatsoperette.de\/spielplan\/a-z\/show-boat\/\" data-type=\"link\" target=\"_blank\" rel=\"noopener noreferrer nofollow\">www.staatsoperette.de<\/a><\/div><\/div>\t\t\t<\/div>\r\n\t\t\t<\/div>\r\n\t\t<\/div>\r\n\t\t\n\n\n<p><strong>Der Drahtseilakt \u201eShow Boat\u201c<\/strong><\/p>\n\n\n\n<p>Generell wirkt die Atmosph\u00e4re im Zuschauerraum des Kraftwerks Mitte etwas k\u00fchl. Die optimale Temperierung f\u00e4llt vor allem der Sensibilit\u00e4tsbew\u00e4hrung durch das Dirigat und das Ensemble der Staatsoperette Dresden zu. Im Fall des bald 100 Jahre alten \u201eShow Boat\u201c, dem theatergeschichtlichen Meilenstein und Durchbruchswerk f\u00fcr das Handlungsmusical anstelle kom\u00f6diantischer Revuen, erweist sich diese als schwierig. Hier gibt es einerseits brillante, von Harold Prince in seiner Broadway-Fassung von 1994 stark fokussierte Show-Szenen und ber\u00fcckende Songs, aber neben der Bejahung des Showbiz und gl\u00fccklichen Familienepisoden auch jede Menge Paar-Desillusionierung. Die Autoren zeigten deutliche Skepsis an der Realit\u00e4t eines dauerhaften Gl\u00fccks zu zweit f\u00fcr alle. \u00dcber allem steht die Kritik an der Rassenungleichheit in den Jahrzehnten nach dem Amerikanischen B\u00fcrgerkrieg \u2013 und sp\u00e4ter.<\/p>\n\n\n\n<p>Der schwarze Arbeiter Joe singt davon, dass das Leben ein langer ruhiger Fluss sei und dieser Fluss vom Leben weitaus mehr wisse als die Menschen. Als V. Savoy McIlwain den legend\u00e4ren Evergreen \u201eOl\u2019 Man River\u201c anstimmt, muss er zu viel Druck geben. Unter dem neuen Chefdirigenten Michael Ellis Ingram sind Orchester und B\u00fchne in den ersten 45 Minuten zwar h\u00f6chst pr\u00e4zise zusammen, aber noch nicht im Emphase- und Swing-Modus. Das \u00e4ndert sich, wenn es auf dem Show Boat \u201eCotton Blossom\u201c zunehmend menschelt, der etwas unsolide Gaylord Ravenal seine Frau Magnolia verl\u00e4sst und in beider Tochter Kim die n\u00e4chste Show-Generation heranw\u00e4chst. Gero Wendorff modelliert den Filou Ravenal weich und por\u00f6s, Charlotte Watzlawik ist dagegen als S\u00e4ngerin und im Leben die Starke.<\/p>\n\n\n<div  class=\"tpgb-wrap-956d14_8799  tpgb-wrap-fw \"  ><div id=\"956d14_8799\" class=\"tpgb-block-956d14_8799 tpgb-relative-block tpgb-gallery-list tpgb-metro gallery-style-2 hover-image-style-1   \" data-style=\"style-2\" data-id=\"956d14_8799\" data-layout=\"metro\" data-fancy-option='{\"loop\":false,\"thumb\":\"no\",\"infobar\":true,\"arrows\":true,\"transitionEffect\":\"slide\",\"button\":[\"close\"]}' data-splide='\"\"' data-metroAttr= '{\"metro_col\":3,\"tab_metro_col\":3,\"mobile_metro_col\":3,\"metro_style\":\"style-1\",\"tab_metro_style\":\"style-1\",\"mobile_metro_style\":\"style-1\"}' ><div class=\"tpgb-row post-loop-inner \"><div class=\"grid-item metro-item-0    tpgb-metro-1  tpgb-tab-metro-1  tpgb-mobile-metro-1 \"><a href=\"https:\/\/www.musical-today.de\/wp-content\/uploads\/2024\/11\/8578_2024_10_23_sos_785674-scaled-e1731509405228.jpg\" class=\"tpgb-gallery-list-content tpgb-trans-easeinout\" data-fancybox=\"956d14_8799\" data-caption=\"Foto: Pawel Sosnowski\" aria-label=\"Foto: Pawel Sosnowski\"><div class=\"post-content-image\"><div class=\"tpgb-metro-gallery-image\" style=\"background: url(https:\/\/www.musical-today.de\/wp-content\/uploads\/2024\/11\/8578_2024_10_23_sos_785674-scaled-e1731509405228.jpg);\"><\/div><\/div><div class=\"post-content-center\"><div class=\"post-zoom-icon\"><div class=\"meta-search-icon\"><span><img decoding=\"async\" class=\"fancy-img\" src=\"https:\/\/www.musical-today.de\/wp-content\/uploads\/2024\/11\/8578_2024_10_23_sos_785674-scaled-e1731509405228.jpg\" alt=\"Media Image1\" title=\"\"><i class=\"fas fa-search-plus pop-icon\"><\/i><\/span><\/div><\/div><div class=\"post-content-bottom\"><p class=\"post-title tpgb-trans-easeinout\">Foto: Pawel Sosnowski<\/p><\/div><\/div><\/a><\/div><div class=\"grid-item metro-item-1    tpgb-metro-2  tpgb-tab-metro-2  tpgb-mobile-metro-2 \"><a href=\"https:\/\/www.musical-today.de\/wp-content\/uploads\/2024\/11\/8583_2024_11_01_sos_797970-scaled-e1731509577373.jpg\" class=\"tpgb-gallery-list-content tpgb-trans-easeinout\" data-fancybox=\"956d14_8799\" data-caption=\"Foto: Pawel Sosnowski\" aria-label=\"Foto: Pawel Sosnowski\"><div class=\"post-content-image\"><div class=\"tpgb-metro-gallery-image\" style=\"background: url(https:\/\/www.musical-today.de\/wp-content\/uploads\/2024\/11\/8583_2024_11_01_sos_797970-scaled-e1731509577373.jpg);\"><\/div><\/div><div class=\"post-content-center\"><div class=\"post-zoom-icon\"><div class=\"meta-search-icon\"><span><img decoding=\"async\" class=\"fancy-img\" src=\"https:\/\/www.musical-today.de\/wp-content\/uploads\/2024\/11\/8583_2024_11_01_sos_797970-scaled-e1731509577373.jpg\" alt=\"Media Image2\" title=\"\"><i class=\"fas fa-search-plus pop-icon\"><\/i><\/span><\/div><\/div><div class=\"post-content-bottom\"><p class=\"post-title tpgb-trans-easeinout\">Foto: Pawel Sosnowski<\/p><\/div><\/div><\/a><\/div><div class=\"grid-item metro-item-2    tpgb-metro-3  tpgb-tab-metro-3  tpgb-mobile-metro-3 \"><a href=\"https:\/\/www.musical-today.de\/wp-content\/uploads\/2024\/11\/8586_2024_11_01_sos_797459-scaled-e1731509525409.jpg\" class=\"tpgb-gallery-list-content tpgb-trans-easeinout\" data-fancybox=\"956d14_8799\" data-caption=\"Foto: Pawel Sosnowski\" aria-label=\"Foto: Pawel Sosnowski\"><div class=\"post-content-image\"><div class=\"tpgb-metro-gallery-image\" style=\"background: url(https:\/\/www.musical-today.de\/wp-content\/uploads\/2024\/11\/8586_2024_11_01_sos_797459-scaled-e1731509525409.jpg);\"><\/div><\/div><div class=\"post-content-center\"><div class=\"post-zoom-icon\"><div class=\"meta-search-icon\"><span><img decoding=\"async\" class=\"fancy-img\" src=\"https:\/\/www.musical-today.de\/wp-content\/uploads\/2024\/11\/8586_2024_11_01_sos_797459-scaled-e1731509525409.jpg\" alt=\"Media Image3\" title=\"\"><i class=\"fas fa-search-plus pop-icon\"><\/i><\/span><\/div><\/div><div class=\"post-content-bottom\"><p class=\"post-title tpgb-trans-easeinout\">Foto: Pawel Sosnowski<\/p><\/div><\/div><\/a><\/div><\/div><\/div><\/div>\n\n\n<p>Pascale-Sabine Chevrotons Personenregie zeigt zun\u00e4chst eine glatte Seite. Sie setzt mit den Solistinnen und Solisten sinnf\u00e4llige Arrangements, gibt dem Ballett angenehmes, keineswegs sensationelles Material und f\u00fcgt den B\u00fcrger*innenchor mit dem Hauskollektiv in ausbalancierenden Bewegungen ein. Nach der Pause ger\u00e4t alles tiefer und dichter, weil das Ensemble da endlich auf den emotionalen Hochs und Tiefs der Handlung schwebt. Die Zeitlinie mit Fotodokumenten bis Kamala Harris w\u00e4re nicht n\u00f6tig gewesen, k\u00f6nnten V. Savoy McIlwain als Joe und Catherine Daniel als seine Frau Queenie neben Resignation mehr inneren Zorn zeigen. Ein f\u00fcrs Musical sehr filigranes Spiel bietet Aswintha Vermeulen: Die von ihr dargestellte Julie La Verne verliert als \u201eversteckte Afroamerikanerin\u201c ihren Status als Wei\u00dfe. Faszinierend, wie Vermeulen in einem Song die Stimme eindunkelt und Rhythmusgef\u00fchl herausbrechen l\u00e4sst. Beide Stimmattribute sind Zuschreibungen, welche bis gegen Ende des 20. Jahrhunderts Ausgrenzungsmerkmale und Erfolgsmittel schwarzer K\u00fcnstler waren. Den Identit\u00e4tswandel Julies gestaltet Vermeulen mit minimalen Details und deshalb au\u00dferordentlich subtil.<\/p>\n\n\n\n<p>In der besuchten Vorstellung springt Benjamin Pauquet kurzfristig und sicher f\u00fcr den erkrankten Markus Liske in die textlastige Rolle des Kapit\u00e4ns Andy Hawks. Bryan Rothfuss \u00fcbernimmt f\u00fcr Pauquet die Rolle von Julies Partner Steve Baker. Ein minimales Handicap des St\u00fccks sind einige tugendt\u00fcmelnde Dialoge \u00fcber \u201esollte man\u201c, \u201em\u00fcsste man\u201c, \u201ek\u00f6nnte man\u201c. Ingeborg Sch\u00f6pf als Show-Boat-Prinzipalin Parthy schrammt daran gut, weil knapp vorbei. Sybille Lambrich als Julies Tochter Kim wirkt wie die Zeitgenossin eines fortgeschrittenen Feminismus. Die Episodenpartien sind allesamt trefflich besetzt, die Ballettkompanie k\u00f6nnte etwas profilierter zum Einsatz kommen und der B\u00fcrger*innenchor ist \u00e4u\u00dferst engagiert. Monika Biegler findet f\u00fcr die B\u00fchne, Projektionen und Kost\u00fcme am Mississippi, in der Trocadero-Hall und hinter den Kulissen das sinnf\u00e4llige Kolorit. Am Ende gro\u00dfer zustimmender Applaus.<\/p>\n\n\n\n<hr class=\"wp-block-separator has-alpha-channel-opacity is-style-dots\"\/>\n\n\n\n<p class=\"has-small-font-size\">Musikalische Leitung: Michael Ellis Ingram \u2022 Regie und Choreografie: Pascale-Sabine Chevroton \u2022 Ausstattung: Monika Biegler \u2022 Ch\u00f6re: Thomas Runge und Carola R\u00fchle-Keil \u2022 Mit: Charlotte Watzlawik (Magnolia Hawks), Gero Wendorff (Gaylord Ravenal), Aswintha Vermeulen (Julie La Verne), Catherine Daniel (Queenie), V. Savoy McIlwain (Joe), Dimitra Kalaitzi (Ellie May Chipley), Andreas Sauerzapf (Frank Schultz), Benjamin Pauquet (Kapit\u00e4n Andy Hawks), Ingeborg Sch\u00f6pf (Parthy Ann Hawks), Bryan Rothfuss (Steve Baker), Sybille Lambrich (Kim), Dietrich Seydlitz (Pete), Elmar Andree (Sheriff Vallon), Jeannette Oswald (Mrs. O\u2019Brien) u.a. \u2022 Ballett, Chor, Kinderchor, B\u00fcrger*innenchor und Orchester der Staatsoperette Dresden<\/p>\n\n\n\n<p class=\"has-small-font-size\">Aufmacherfoto: Pawel Sosnowski<\/p>\n","protected":false},"excerpt":{"rendered":"<p>Der Drahtseilakt \u201eShow Boat\u201c Generell wirkt die Atmosph\u00e4re im Zuschauerraum des Kraftwerks Mitte etwas k\u00fchl. Die optimale Temperierung f\u00e4llt vor allem der Sensibilit\u00e4tsbew\u00e4hrung durch das Dirigat und das Ensemble der Staatsoperette Dresden zu. Im Fall des bald 100 Jahre alten \u201eShow Boat\u201c, dem theatergeschichtlichen Meilenstein und Durchbruchswerk f\u00fcr das Handlungsmusical anstelle kom\u00f6diantischer Revuen, erweist sich diese als schwierig. Hier gibt es einerseits brillante, von Harold Prince in seiner Broadway-Fassung von 1994 stark fokussierte Show-Szenen und ber\u00fcckende Songs, aber neben der [&hellip;]<\/p>\n","protected":false},"author":34,"featured_media":8794,"comment_status":"closed","ping_status":"closed","sticky":false,"template":"","format":"standard","meta":{"tpgb_global_settings":"","footnotes":""},"categories":[185],"tags":[],"class_list":["post-8799","post","type-post","status-publish","format-standard","has-post-thumbnail","hentry","category-dresden"],"tpgb_featured_images":{"full":["https:\/\/www.musical-today.de\/wp-content\/uploads\/2024\/11\/8585_2024_11_01_sos_796564-scaled-e1731509249664.jpg",1928,1280,false],"tp-image-grid":["https:\/\/www.musical-today.de\/wp-content\/uploads\/2024\/11\/8585_2024_11_01_sos_796564-scaled-e1731509249664-700x700.jpg",700,700,true],"thumbnail":["https:\/\/www.musical-today.de\/wp-content\/uploads\/2024\/11\/8585_2024_11_01_sos_796564-scaled-e1731509249664-600x398.jpg",600,398,true],"medium":["https:\/\/www.musical-today.de\/wp-content\/uploads\/2024\/11\/8585_2024_11_01_sos_796564-scaled-e1731509249664-1200x797.jpg",1200,797,true],"medium_large":["https:\/\/www.musical-today.de\/wp-content\/uploads\/2024\/11\/8585_2024_11_01_sos_796564-scaled-e1731509249664-949x630.jpg",770,511,true],"large":["https:\/\/www.musical-today.de\/wp-content\/uploads\/2024\/11\/8585_2024_11_01_sos_796564-scaled-e1731509249664-1920x1275.jpg",1139,756,true],"default":"https:\/\/www.musical-today.de\/wp-content\/plugins\/the-plus-addons-for-block-editor\/assets\/images\/tpgb-placeholder.jpg"},"tpgb_post_meta_info":{"get_date":"13.11.2024","get_modified_date":"15.04.2025","category_list":{"category":[{"term_id":185,"name":"Dresden","slug":"dresden","term_group":0,"term_taxonomy_id":185,"taxonomy":"category","description":"","parent":19,"count":5,"filter":"raw","term_order":"23"}],"post_tag":false,"post_format":false},"author_name":"Roland H. Dippel","author_url":"https:\/\/www.musical-today.de\/en\/autor\/rolandhdippel\/","author_email":"temporary-removeco4qisvj4L3F9dg@tmp.com","author_website":"","author_description":"ist als Autor, Dramaturg und Kulturvermittler dem Theater seit seinem Studium an der LMU M\u00fcnchen verbunden. Neben Festanstellungen in Augsburg, Hof, Osnabr\u00fcck, Rostock, St. Gallen und Zwickau war er, ausgehend von seinem Schwerpunkt Musiktheater, an vielen Projekten aller Sparten und Neuer Musik beteiligt. Wissenschaftliche Schwerpunkte sind Operette und Musical der DDR sowie das Volksschauspiel im Alpenraum.","author_facebook":"","author_twitter":"","author_instagram":"","author_role":["author"],"author_firstname":"Roland H.","author_lastname":"Dippel","user_login":"rolanddippel","author_avatar":"<img src=\"https:\/\/www.musical-today.de\/wp-content\/uploads\/2024\/03\/Autor_Dippel-200x200.jpg\" width=\"200\" height=\"200\" alt=\"Roland H. Dippel\" class=\"avatar avatar-200 wp-user-avatar wp-user-avatar-200 alignnone photo\" \/>","author_avatar_url":"https:\/\/www.musical-today.de\/wp-content\/uploads\/2024\/03\/Autor_Dippel.jpg","comment_count":0,"post_likes":0,"post_views":0},"tpgb_post_category":{"category":"<a href=\"https:\/\/www.musical-today.de\/en\/deutschland\/dresden\/\" alt=\"Dresden\"  class=\"category-dresden\">Dresden<\/a> "},"_links":{"self":[{"href":"https:\/\/www.musical-today.de\/en\/wp-json\/wp\/v2\/posts\/8799","targetHints":{"allow":["GET"]}}],"collection":[{"href":"https:\/\/www.musical-today.de\/en\/wp-json\/wp\/v2\/posts"}],"about":[{"href":"https:\/\/www.musical-today.de\/en\/wp-json\/wp\/v2\/types\/post"}],"author":[{"embeddable":true,"href":"https:\/\/www.musical-today.de\/en\/wp-json\/wp\/v2\/users\/34"}],"replies":[{"embeddable":true,"href":"https:\/\/www.musical-today.de\/en\/wp-json\/wp\/v2\/comments?post=8799"}],"version-history":[{"count":0,"href":"https:\/\/www.musical-today.de\/en\/wp-json\/wp\/v2\/posts\/8799\/revisions"}],"wp:featuredmedia":[{"embeddable":true,"href":"https:\/\/www.musical-today.de\/en\/wp-json\/wp\/v2\/media\/8794"}],"wp:attachment":[{"href":"https:\/\/www.musical-today.de\/en\/wp-json\/wp\/v2\/media?parent=8799"}],"wp:term":[{"taxonomy":"category","embeddable":true,"href":"https:\/\/www.musical-today.de\/en\/wp-json\/wp\/v2\/categories?post=8799"},{"taxonomy":"post_tag","embeddable":true,"href":"https:\/\/www.musical-today.de\/en\/wp-json\/wp\/v2\/tags?post=8799"}],"curies":[{"name":"wp","href":"https:\/\/api.w.org\/{rel}","templated":true}]}}