{"id":9091,"date":"2024-11-18T18:05:54","date_gmt":"2024-11-18T17:05:54","guid":{"rendered":"https:\/\/www.musical-today.de\/?p=9091"},"modified":"2025-04-15T14:28:19","modified_gmt":"2025-04-15T12:28:19","slug":"basel-into-the-woods","status":"publish","type":"post","link":"https:\/\/www.musical-today.de\/en\/basel-into-the-woods\/","title":{"rendered":"Into the Woods"},"content":{"rendered":"<div class=\"lets-info-up-wrap  lets-info-up--right lets-info-up--m-1 lets-info-up-skin-3 lets-info-up--side lets-info-up-32205\" style=\"background:#fafafa; color: #616161\">\t\t\t<div class=\"lets-info-up\">\r\n\t\t\t<div class=\"lets-info-up-fi\"><img decoding=\"async\" width=\"500\" height=\"333\" src=\"https:\/\/www.musical-today.de\/wp-content\/uploads\/2024\/01\/qi-addons-for-elementor-placeholder-500x333.png\" class=\"attachment-lets-info-up-d1 size-lets-info-up-d1\" alt=\"|\" srcset=\"https:\/\/www.musical-today.de\/wp-content\/uploads\/2024\/01\/qi-addons-for-elementor-placeholder-500x333.png 500w, https:\/\/www.musical-today.de\/wp-content\/uploads\/2024\/01\/qi-addons-for-elementor-placeholder-300x200.png 300w, https:\/\/www.musical-today.de\/wp-content\/uploads\/2024\/01\/qi-addons-for-elementor-placeholder-1024x683.png 1024w, https:\/\/www.musical-today.de\/wp-content\/uploads\/2024\/01\/qi-addons-for-elementor-placeholder-883x589.png 883w, https:\/\/www.musical-today.de\/wp-content\/uploads\/2024\/01\/qi-addons-for-elementor-placeholder-18x12.png 18w, https:\/\/www.musical-today.de\/wp-content\/uploads\/2024\/01\/qi-addons-for-elementor-placeholder-360x240.png 360w, https:\/\/www.musical-today.de\/wp-content\/uploads\/2024\/01\/qi-addons-for-elementor-placeholder-1155x770.png 1155w, https:\/\/www.musical-today.de\/wp-content\/uploads\/2024\/01\/qi-addons-for-elementor-placeholder-370x247.png 370w, https:\/\/www.musical-today.de\/wp-content\/uploads\/2024\/01\/qi-addons-for-elementor-placeholder-770x513.png 770w, https:\/\/www.musical-today.de\/wp-content\/uploads\/2024\/01\/qi-addons-for-elementor-placeholder-293x195.png 293w, https:\/\/www.musical-today.de\/wp-content\/uploads\/2024\/01\/qi-addons-for-elementor-placeholder-120x80.png 120w, https:\/\/www.musical-today.de\/wp-content\/uploads\/2024\/01\/qi-addons-for-elementor-placeholder-240x160.png 240w, https:\/\/www.musical-today.de\/wp-content\/uploads\/2024\/01\/qi-addons-for-elementor-placeholder-390x260.png 390w, https:\/\/www.musical-today.de\/wp-content\/uploads\/2024\/01\/qi-addons-for-elementor-placeholder.png 1200w\" sizes=\"(max-width: 500px) 100vw, 500px\" title=\"\"><\/div>\t\t\t<div class=\"lets-info-up-block-wrap\">\r\n\t\t\t\t<div class=\"lets-info-up-block lets-info-up-meta-block\"><div class=\"lets-info-up-meta-title lets-info-up-pretitle font-h\" style=\"color: #8c6d18;\">oRT<\/div><div class=\"lets-info-up-meta-content lets-info-up-title font-b\">Theater Basel<\/div><\/div><div class=\"lets-info-up-block lets-info-up-meta-block\"><div class=\"lets-info-up-meta-title lets-info-up-pretitle font-h\" style=\"color: #8c6d18;\">von<\/div><div class=\"lets-info-up-meta-content lets-info-up-title font-b\">Stephen Sondheim (Musik und Gesangstexte)<br>James Lapine (Buch)<\/div><\/div><div class=\"lets-info-up-block lets-info-up-meta-block\"><div class=\"lets-info-up-meta-title lets-info-up-pretitle font-h\" style=\"color: #8c6d18;\">Regie<\/div><div class=\"lets-info-up-meta-content lets-info-up-title font-b\">Martin G. Berger<\/div><\/div><div class=\"lets-info-up-block lets-info-up-meta-block\"><div class=\"lets-info-up-meta-title lets-info-up-pretitle font-h\" style=\"color: #8c6d18;\">Urauff\u00fchrung<\/div><div class=\"lets-info-up-meta-content lets-info-up-title font-b\">1986<\/div><\/div><div class=\"lets-info-up-block lets-info-up-meta-block\"><div class=\"lets-info-up-meta-title lets-info-up-pretitle font-h\" style=\"color: #8c6d18;\">INFOS<\/div><div class=\"lets-info-up-meta-content lets-info-up-title font-b\"><a href=\"https:\/\/www.theater-basel.ch\/de\/intothewoods\" target=\"_blank\" rel=\"noopener noreferrer nofollow\">www.theater-basel.ch<\/a><\/div><\/div>\t\t\t<\/div>\r\n\t\t\t<\/div>\r\n\t\t<\/div>\r\n\t\t\n\n\n<p><strong>Sondheims lustig-tragischer Mix \u201eInto the Woods\u201c<\/strong><\/p>\n\n\n\n<p>Das M\u00e4rchen-Musical \u201eInto the Woods\u201c, das bei uns noch immer noch viel zu selten gespielt wird, hat fast immer den gleichen Effekt: Im ersten Akt am\u00fcsiert man sich k\u00f6niglich, wie Buchautor James Lapine f\u00fcnf bis sechs M\u00e4rchen raffiniert zusammenknotet, wie sich die Figuren gegenseitig st\u00f6ren und helfen, und wie eigentlich alles im Eiltempo bestens ausgeht. Im zweiten Akt kommt dann der Schock, die M\u00e4rchenfiguren werden zertrampelt, die Prinzen gehen fremd und die guten Menschen l\u00fcgen. In Basel liefert Regisseur Martin G. Berger in seiner durchdachten, vielschichtigen Inszenierung die Freud\u2019sche Deutung und Bruno Bettelheims Psychoanalyse der Grimm\u2019schen M\u00e4rchen gleich mit.<\/p>\n\n\n\n<p>Es beginnt h\u00fcbsch romantisch: Von Rotk\u00e4ppchen \u00fcber die Hexe bis zum B\u00e4ckerspaar, das sich ein Kind w\u00fcnscht, stecken alle in entsprechenden historischen Kost\u00fcmen. Im titelgebenden Wald aber, wohin sie nach und nach auf der Suche nach ihrem Gl\u00fcck verschwinden, ver\u00e4ndern sich die Menschen, denn B\u00fchnenbildnerin Sarah Katharina Karl hat auf die Drehb\u00fchne ein unheimliches, in Gr\u00fcn und Rot leuchtendes Spiegelkabinett gebaut. Dort tauchen hinter Glasw\u00e4nden W\u00f6lfe oder verlorene V\u00e4ter auf, dort werden die Figuren pl\u00f6tzlich (und immer an den perfekten Stellen) mit ihren eigenen Spiegelbildern konfrontiert. All die liebenswerten Klischeefiguren wandeln sich im Wald zu modernen Menschen \u2013 Rotk\u00e4ppchen etwa zur Punkerin, die vom Wolf Drogen zugesteckt bekommt, die zwei Prinzen mutieren mit ihrer Angeberei zu trashigen Prolls. Die Riesin, zu der Jack an der Bohnenrebe hochklettert, verf\u00fchrt ihn nackt im Bett, seine Reise wird zum Initiationsritus. Nat\u00fcrlich zeigt sich die Ver\u00e4nderung in der Kleidung, alle Figuren kommen optisch im Heute an.<\/p>\n\n\n<div  class=\"tpgb-wrap-956d14_9091  tpgb-wrap-fw \"  ><div id=\"956d14_9091\" class=\"tpgb-block-956d14_9091 tpgb-relative-block tpgb-gallery-list tpgb-metro gallery-style-2 hover-image-style-1   \" data-style=\"style-2\" data-id=\"956d14_9091\" data-layout=\"metro\" data-fancy-option='{\"loop\":false,\"thumb\":\"no\",\"infobar\":true,\"arrows\":true,\"transitionEffect\":\"slide\",\"button\":[\"close\"]}' data-splide='\"\"' data-metroAttr= '{\"metro_col\":3,\"tab_metro_col\":3,\"mobile_metro_col\":3,\"metro_style\":\"style-1\",\"tab_metro_style\":\"style-1\",\"mobile_metro_style\":\"style-1\"}' ><div class=\"tpgb-row post-loop-inner \"><div class=\"grid-item metro-item-0    tpgb-metro-1  tpgb-tab-metro-1  tpgb-mobile-metro-1 \"><a href=\"https:\/\/www.musical-today.de\/wp-content\/uploads\/2024\/11\/tb_in_the_woods_khpcingo_hoehn_50_2-scaled.jpg\" class=\"tpgb-gallery-list-content tpgb-trans-easeinout\" data-fancybox=\"956d14_9091\" data-caption=\"Foto: Ingo H\u00f6hn\" aria-label=\"Foto: Ingo H\u00f6hn\"><div class=\"post-content-image\"><div class=\"tpgb-metro-gallery-image\" style=\"background: url(https:\/\/www.musical-today.de\/wp-content\/uploads\/2024\/11\/tb_in_the_woods_khpcingo_hoehn_50_2-scaled.jpg);\"><\/div><\/div><div class=\"post-content-center\"><div class=\"post-zoom-icon\"><div class=\"meta-search-icon\"><span><img decoding=\"async\" class=\"fancy-img\" src=\"https:\/\/www.musical-today.de\/wp-content\/uploads\/2024\/11\/tb_in_the_woods_khpcingo_hoehn_50_2-scaled.jpg\" alt=\"Media Image1\" title=\"\"><i class=\"fas fa-search-plus pop-icon\"><\/i><\/span><\/div><\/div><div class=\"post-content-bottom\"><p class=\"post-title tpgb-trans-easeinout\">Foto: Ingo H\u00f6hn<\/p><\/div><\/div><\/a><\/div><div class=\"grid-item metro-item-1    tpgb-metro-2  tpgb-tab-metro-2  tpgb-mobile-metro-2 \"><a href=\"https:\/\/www.musical-today.de\/wp-content\/uploads\/2024\/11\/tb_in_the_woods_khpcingo_hoehn_103_2-scaled.jpg\" class=\"tpgb-gallery-list-content tpgb-trans-easeinout\" data-fancybox=\"956d14_9091\" data-caption=\"Foto: Ingo H\u00f6hn\" aria-label=\"Foto: Ingo H\u00f6hn\"><div class=\"post-content-image\"><div class=\"tpgb-metro-gallery-image\" style=\"background: url(https:\/\/www.musical-today.de\/wp-content\/uploads\/2024\/11\/tb_in_the_woods_khpcingo_hoehn_103_2-scaled.jpg);\"><\/div><\/div><div class=\"post-content-center\"><div class=\"post-zoom-icon\"><div class=\"meta-search-icon\"><span><img decoding=\"async\" class=\"fancy-img\" src=\"https:\/\/www.musical-today.de\/wp-content\/uploads\/2024\/11\/tb_in_the_woods_khpcingo_hoehn_103_2-scaled.jpg\" alt=\"Media Image2\" title=\"\"><i class=\"fas fa-search-plus pop-icon\"><\/i><\/span><\/div><\/div><div class=\"post-content-bottom\"><p class=\"post-title tpgb-trans-easeinout\">Foto: Ingo H\u00f6hn<\/p><\/div><\/div><\/a><\/div><div class=\"grid-item metro-item-2    tpgb-metro-3  tpgb-tab-metro-3  tpgb-mobile-metro-3 \"><a href=\"https:\/\/www.musical-today.de\/wp-content\/uploads\/2024\/11\/tb_in_the_woods_khpcingo_hoehn_125_2-scaled.jpg\" class=\"tpgb-gallery-list-content tpgb-trans-easeinout\" data-fancybox=\"956d14_9091\" data-caption=\"Foto: Ingo H\u00f6hn\" aria-label=\"Foto: Ingo H\u00f6hn\"><div class=\"post-content-image\"><div class=\"tpgb-metro-gallery-image\" style=\"background: url(https:\/\/www.musical-today.de\/wp-content\/uploads\/2024\/11\/tb_in_the_woods_khpcingo_hoehn_125_2-scaled.jpg);\"><\/div><\/div><div class=\"post-content-center\"><div class=\"post-zoom-icon\"><div class=\"meta-search-icon\"><span><img decoding=\"async\" class=\"fancy-img\" src=\"https:\/\/www.musical-today.de\/wp-content\/uploads\/2024\/11\/tb_in_the_woods_khpcingo_hoehn_125_2-scaled.jpg\" alt=\"Media Image3\" title=\"\"><i class=\"fas fa-search-plus pop-icon\"><\/i><\/span><\/div><\/div><div class=\"post-content-bottom\"><p class=\"post-title tpgb-trans-easeinout\">Foto: Ingo H\u00f6hn<\/p><\/div><\/div><\/a><\/div><\/div><\/div><\/div>\n\n\n<p>Neben den Spiegelbildern gibt es auch noch Comic-artige Projektionen von Vincent Stefan. Sie kommentieren immer wieder das Geschehen, etwa mit einer blutigen Nabelschnur \u2013 es geht ums Abnabeln, um die Herkunft, das Verstehen der eigenen Psyche. Zum Gl\u00fcck geh\u00f6rt hier zum Regietheater eine detaillierte, subtile Personenregie voll Situationskomik.<\/p>\n\n\n\n<p>Das Ensemble ist wunderbar ausgesucht, musikalisch \u00fcberzeugt der Abend unter der Leitung von Thomas Wise mit durchweg sch\u00f6nen Musical- und der ein oder anderen Opernstimme. Als B\u00e4ckerspaar sind Julia Klotz und Alen Hodzovic nicht nur ungemein sympathisch, beide zeigen deutlich das Sich-Bewusstwerden ihrer Charaktere als empathische, fehlerhafte Menschen. \u00c1lfhei\u00f0ur Erla Gu\u00f0mundsd\u00f3ttir bleibt als Aschenputtel ein wenig unzug\u00e4nglich und zu sehr mit sich selbst besch\u00e4ftigt. Daf\u00fcr zeigen Vanessa Heinz als cooles Rotk\u00e4ppchen und Oedo Kuipers als charmanter, arg begriffsstutziger Jack zwei herrlich trockene Youngsters, Kuipers singt seinen Song von den \u201eGiants in the Sky\u201c gro\u00dfartig. Stimmlich ebenso tadellos ist das eitle, sehr lustige Prinzenpaar aus Jan Rekeszus (als Aschenputtels Prinz st\u00e4ndig am Handy) und Ronan Caillet. Als \u00fcberaus h\u00e4ssliche Klischeehexe quietscht und flucht Delia Mayer nach allen Regeln der Kunst, das warnende Finale singt sie mit gro\u00dfer W\u00e4rme. Stefan Kurt, ebenfalls eine TV-Ber\u00fchmtheit, wirft als Erz\u00e4hler seine Kommentare pointiert ins Geschehen und tr\u00e4gt als \u201eMysteri\u00f6ser Mann\u201c, sprich: des B\u00e4ckers Vater, mit leisen T\u00f6nen zum halbwegs guten Ende bei; ein Kompliment an Alexander Djurkov Hotter f\u00fcr den fantasievollen Mantel voller kleiner Spiegelrahmen.<\/p>\n\n\n\n<p>Ein wenig bricht der Inszenierung im zweiten Akt das Timing weg, der Abend dauert dreieinviertel Stunden, zu lang f\u00fcr ein Musical. Statt die Riesin umzubringen, zerrei\u00dfen die \u00fcbrigen Figuren das M\u00e4rchenbuch, die Hexe z\u00fcndet sich h\u00f6chst gruselig an, und die Videoprojektionen erz\u00e4hlen weitere, surreale M\u00e4rchen. Hauptkritikpunkt: Es gibt eine ziemlich gute deutsche \u00dcbersetzung, warum dieses St\u00fcck in Englisch spielen? Nat\u00fcrlich freut sich der Musicalfan, aber die Normalsterblichen verstehen von rasanten Songs wie \u201eIt\u2019s your fault\u201c auf keinen Fall alle Nuancen, die Handlung ist kompliziert genug. Wie schade, wenn die Lacher bei den \u00dcbertiteln kommen, nicht bei den Pointen.<\/p>\n\n\n\n<hr class=\"wp-block-separator has-alpha-channel-opacity is-style-dots\"\/>\n\n\n\n<p class=\"has-small-font-size\">Musikalische Leitung: Thomas Wise \u2022 B\u00fchne: Sarah Katharina Karl \u2022 Kost\u00fcme: Alexander Djurkov Hotter \u2022 Video: Vincent Stefan \u2022 Licht: Cornelius Hunziker \u2022 Ton: Cornelius Bohn, Robert Hermann und Lejla Bajrami \u2022 Mit: Alen Hodzovic (B\u00e4cker), Julia Klotz (B\u00e4ckerin), Delia Mayer (Hexe), \u00c1lfhei\u00f0ur Erla Gu\u00f0mundsd\u00f3ttir (Aschenputtel), Jan Rekeszus (Aschenputtels Prinz\/Wolf), Oedo Kuipers (Jack), Vanessa Heinz (Rotk\u00e4ppchen), Stefan Kurt (Erz\u00e4hler\/Mysteri\u00f6ser Mann), Harpa \u00d3sk Bj\u00f6rnsd\u00f3ttir (Rapunzel), Ronan Caillet (Rapunzels Prinz), Frauke Willimczik (Jacks Mutter\/Aschenputtels Mutter), Sonja Koppelhuber (Aschenputtels Stiefmutter\/Gro\u00dfmutter), Vivian Zatta (Diener\/Aschenputtels Vater), Sarah Baxter (Florinda), Sophie Kidwell (Lucinda) \u2022 Sinfonieorchester Basel<\/p>\n\n\n\n<p class=\"has-small-font-size\">Aufmacherfoto: Ingo H\u00f6hn<\/p>\n","protected":false},"excerpt":{"rendered":"<p>Sondheims lustig-tragischer Mix \u201eInto the Woods\u201c Das M\u00e4rchen-Musical \u201eInto the Woods\u201c, das bei uns noch immer noch viel zu selten gespielt wird, hat fast immer den gleichen Effekt: Im ersten Akt am\u00fcsiert man sich k\u00f6niglich, wie Buchautor James Lapine f\u00fcnf bis sechs M\u00e4rchen raffiniert zusammenknotet, wie sich die Figuren gegenseitig st\u00f6ren und helfen, und wie eigentlich alles im Eiltempo bestens ausgeht. Im zweiten Akt kommt dann der Schock, die M\u00e4rchenfiguren werden zertrampelt, die Prinzen gehen fremd und die guten Menschen [&hellip;]<\/p>\n","protected":false},"author":19,"featured_media":9083,"comment_status":"closed","ping_status":"closed","sticky":false,"template":"","format":"standard","meta":{"tpgb_global_settings":"","footnotes":""},"categories":[200],"tags":[],"class_list":["post-9091","post","type-post","status-publish","format-standard","has-post-thumbnail","hentry","category-basel"],"tpgb_featured_images":{"full":["https:\/\/www.musical-today.de\/wp-content\/uploads\/2024\/11\/tb_in_the_woodscingo_hoehn_168_2-scaled.jpg",2560,1707,false],"tp-image-grid":["https:\/\/www.musical-today.de\/wp-content\/uploads\/2024\/11\/tb_in_the_woodscingo_hoehn_168_2-700x700.jpg",700,700,true],"thumbnail":["https:\/\/www.musical-today.de\/wp-content\/uploads\/2024\/11\/tb_in_the_woodscingo_hoehn_168_2-600x400.jpg",600,400,true],"medium":["https:\/\/www.musical-today.de\/wp-content\/uploads\/2024\/11\/tb_in_the_woodscingo_hoehn_168_2-1200x800.jpg",1200,800,true],"medium_large":["https:\/\/www.musical-today.de\/wp-content\/uploads\/2024\/11\/tb_in_the_woodscingo_hoehn_168_2-949x633.jpg",770,514,true],"large":["https:\/\/www.musical-today.de\/wp-content\/uploads\/2024\/11\/tb_in_the_woodscingo_hoehn_168_2-1920x1280.jpg",1139,759,true],"default":"https:\/\/www.musical-today.de\/wp-content\/plugins\/the-plus-addons-for-block-editor\/assets\/images\/tpgb-placeholder.jpg"},"tpgb_post_meta_info":{"get_date":"18.11.2024","get_modified_date":"15.04.2025","category_list":{"category":[{"term_id":200,"name":"Basel","slug":"basel","term_group":0,"term_taxonomy_id":200,"taxonomy":"category","description":"","parent":115,"count":3,"filter":"raw","term_order":"1"}],"post_tag":false,"post_format":false},"author_name":"Angela Reinhardt","author_url":"https:\/\/www.musical-today.de\/en\/autor\/angelareinhardt\/","author_email":"angelareinhardt@aol.com","author_website":"","author_description":"studierte in Stuttgart Germanistik und Romanistik und arbeitet seit 1990 als freie Kulturjournalistin. Sie schreibt vor allem \u00fcber Tanz und ist Mitautorin von B\u00fcchern \u00fcber die Choreografen John Cranko und Marco Goecke sowie \u00fcber den Stuttgarter Ballettintendanten Reid Anderson. Von 1991 bis 2023 war sie regelm\u00e4\u00dfig f\u00fcr die Zeitschrift \u201emusicals\u201c im s\u00fcddeutschen Raum unterwegs.","author_facebook":"","author_twitter":"","author_instagram":"","author_role":["author","editor","redakteur","redaktionsteam"],"author_firstname":"Angela","author_lastname":"Reinhardt","user_login":"angelareinhardt","author_avatar":"<img src=\"https:\/\/www.musical-today.de\/wp-content\/uploads\/2024\/03\/434034552_122093726612266069_5386620108228489486_n-293x293.jpg\" width=\"200\" height=\"200\" alt=\"Angela Reinhardt\" class=\"avatar avatar-200 wp-user-avatar wp-user-avatar-200 alignnone photo\" \/>","author_avatar_url":"https:\/\/www.musical-today.de\/wp-content\/uploads\/2024\/03\/434034552_122093726612266069_5386620108228489486_n.jpg","comment_count":0,"post_likes":0,"post_views":0},"tpgb_post_category":{"category":"<a href=\"https:\/\/www.musical-today.de\/en\/schweiz\/basel\/\" alt=\"Basel\"  class=\"category-basel\">Basel<\/a> "},"_links":{"self":[{"href":"https:\/\/www.musical-today.de\/en\/wp-json\/wp\/v2\/posts\/9091","targetHints":{"allow":["GET"]}}],"collection":[{"href":"https:\/\/www.musical-today.de\/en\/wp-json\/wp\/v2\/posts"}],"about":[{"href":"https:\/\/www.musical-today.de\/en\/wp-json\/wp\/v2\/types\/post"}],"author":[{"embeddable":true,"href":"https:\/\/www.musical-today.de\/en\/wp-json\/wp\/v2\/users\/19"}],"replies":[{"embeddable":true,"href":"https:\/\/www.musical-today.de\/en\/wp-json\/wp\/v2\/comments?post=9091"}],"version-history":[{"count":0,"href":"https:\/\/www.musical-today.de\/en\/wp-json\/wp\/v2\/posts\/9091\/revisions"}],"wp:featuredmedia":[{"embeddable":true,"href":"https:\/\/www.musical-today.de\/en\/wp-json\/wp\/v2\/media\/9083"}],"wp:attachment":[{"href":"https:\/\/www.musical-today.de\/en\/wp-json\/wp\/v2\/media?parent=9091"}],"wp:term":[{"taxonomy":"category","embeddable":true,"href":"https:\/\/www.musical-today.de\/en\/wp-json\/wp\/v2\/categories?post=9091"},{"taxonomy":"post_tag","embeddable":true,"href":"https:\/\/www.musical-today.de\/en\/wp-json\/wp\/v2\/tags?post=9091"}],"curies":[{"name":"wp","href":"https:\/\/api.w.org\/{rel}","templated":true}]}}