{"id":9095,"date":"2024-11-18T18:02:55","date_gmt":"2024-11-18T17:02:55","guid":{"rendered":"https:\/\/www.musical-today.de\/?p=9095"},"modified":"2025-04-15T14:28:19","modified_gmt":"2025-04-15T12:28:19","slug":"muenchen-mozart","status":"publish","type":"post","link":"https:\/\/www.musical-today.de\/en\/muenchen-mozart\/","title":{"rendered":"Mozart!"},"content":{"rendered":"<div class=\"lets-info-up-wrap  lets-info-up--right lets-info-up--m-1 lets-info-up-skin-3 lets-info-up--side lets-info-up-57688\" style=\"background:#fafafa; color: #616161\">\t\t\t<div class=\"lets-info-up\">\r\n\t\t\t<div class=\"lets-info-up-fi\"><img decoding=\"async\" width=\"500\" height=\"333\" src=\"https:\/\/www.musical-today.de\/wp-content\/uploads\/2024\/01\/qi-addons-for-elementor-placeholder-500x333.png\" class=\"attachment-lets-info-up-d1 size-lets-info-up-d1\" alt=\"|\" srcset=\"https:\/\/www.musical-today.de\/wp-content\/uploads\/2024\/01\/qi-addons-for-elementor-placeholder-500x333.png 500w, https:\/\/www.musical-today.de\/wp-content\/uploads\/2024\/01\/qi-addons-for-elementor-placeholder-300x200.png 300w, https:\/\/www.musical-today.de\/wp-content\/uploads\/2024\/01\/qi-addons-for-elementor-placeholder-1024x683.png 1024w, https:\/\/www.musical-today.de\/wp-content\/uploads\/2024\/01\/qi-addons-for-elementor-placeholder-883x589.png 883w, https:\/\/www.musical-today.de\/wp-content\/uploads\/2024\/01\/qi-addons-for-elementor-placeholder-18x12.png 18w, https:\/\/www.musical-today.de\/wp-content\/uploads\/2024\/01\/qi-addons-for-elementor-placeholder-360x240.png 360w, https:\/\/www.musical-today.de\/wp-content\/uploads\/2024\/01\/qi-addons-for-elementor-placeholder-1155x770.png 1155w, https:\/\/www.musical-today.de\/wp-content\/uploads\/2024\/01\/qi-addons-for-elementor-placeholder-370x247.png 370w, https:\/\/www.musical-today.de\/wp-content\/uploads\/2024\/01\/qi-addons-for-elementor-placeholder-770x513.png 770w, https:\/\/www.musical-today.de\/wp-content\/uploads\/2024\/01\/qi-addons-for-elementor-placeholder-293x195.png 293w, https:\/\/www.musical-today.de\/wp-content\/uploads\/2024\/01\/qi-addons-for-elementor-placeholder-120x80.png 120w, https:\/\/www.musical-today.de\/wp-content\/uploads\/2024\/01\/qi-addons-for-elementor-placeholder-240x160.png 240w, https:\/\/www.musical-today.de\/wp-content\/uploads\/2024\/01\/qi-addons-for-elementor-placeholder-390x260.png 390w, https:\/\/www.musical-today.de\/wp-content\/uploads\/2024\/01\/qi-addons-for-elementor-placeholder.png 1200w\" sizes=\"(max-width: 500px) 100vw, 500px\" title=\"\"><\/div>\t\t\t<div class=\"lets-info-up-block-wrap\">\r\n\t\t\t\t<div class=\"lets-info-up-block lets-info-up-meta-block\"><div class=\"lets-info-up-meta-title lets-info-up-pretitle font-h\" style=\"color: #8c6d18;\">oRT<\/div><div class=\"lets-info-up-meta-content lets-info-up-title font-b\">Bayerische Theaterakademie August Everding<\/div><\/div><div class=\"lets-info-up-block lets-info-up-meta-block\"><div class=\"lets-info-up-meta-title lets-info-up-pretitle font-h\" style=\"color: #8c6d18;\">von<\/div><div class=\"lets-info-up-meta-content lets-info-up-title font-b\">Michael Kunze (Buch und Gesangstexte)<br>Sylvester Levay (Musik und Orchestrierung)<\/div><\/div><div class=\"lets-info-up-block lets-info-up-meta-block\"><div class=\"lets-info-up-meta-title lets-info-up-pretitle font-h\" style=\"color: #8c6d18;\">Regie<\/div><div class=\"lets-info-up-meta-content lets-info-up-title font-b\">Andreas Gergen<\/div><\/div><div class=\"lets-info-up-block lets-info-up-meta-block\"><div class=\"lets-info-up-meta-title lets-info-up-pretitle font-h\" style=\"color: #8c6d18;\">Urauff\u00fchrung<\/div><div class=\"lets-info-up-meta-content lets-info-up-title font-b\">1999<\/div><\/div><div class=\"lets-info-up-block lets-info-up-meta-block\"><div class=\"lets-info-up-meta-title lets-info-up-pretitle font-h\" style=\"color: #8c6d18;\">INFOS<\/div><div class=\"lets-info-up-meta-content lets-info-up-title font-b\"><a href=\"https:\/\/www.theaterakademie.de\/theater-erleben\/stueckinfo\/mozart\" target=\"_blank\" rel=\"noopener noreferrer nofollow\">www.theaterakademie.de<\/a><\/div><\/div>\t\t\t<\/div>\r\n\t\t\t<\/div>\r\n\t\t<\/div>\r\n\t\t\n\n\n<p><strong>\u201eMozart!\u201c und sein ungest\u00fcmer Kampf um Anerkennung und Freiheit<\/strong><\/p>\n\n\n\n<p>1999 in Wien uraufgef\u00fchrt, kommt \u201eMozart!\u201c jetzt ins Prinzregententheater und wird dabei ausschlie\u00dflich von Studierenden der Bayerischen Theaterakademie August Everding zum Leben erweckt. Michael Kunze und Sylvester Levay sehen ihr Musical als perfektes St\u00fcck f\u00fcr junge K\u00fcnstlerinnen und K\u00fcnstler, die \u2013 wie der Protagonist \u2013 ihren Weg zur kreativen Selbstverwirklichung bestreiten.<\/p>\n\n\n\n<p>Bereits in jungen Jahren als angesehener Komponist und \u201eWunderkind\u201c gefeiert, muss sich der hochm\u00fctige Wolfgang Amadeus Mozart den Herausforderungen als erwachsenwerdender K\u00fcnstler stellen. Dabei f\u00fchlt er sich hin- und hergerissen von der strengen Hand seines Vaters und seines eigenen Genies \u201eAmad\u00e9\u201c. Sein ewiger Kampf mit den Schulden, dem Streben nach Anerkennung und dem Wunsch nach Freiheit wird von Regisseur Andreas Gergen auf eine v\u00f6llig neue Art inszeniert. Das B\u00fchnenbild, ein halbrundes, mehrst\u00f6ckiges Bauger\u00fcst, erinnert entfernt an das Kolosseum. Unter Verwendung einer Drehscheibe wird eine Art Kampfarena f\u00fcr Mozarts Leben geschaffen. Zwei riesige Anzeigetafeln fahren an dem Ger\u00fcst aus und ordnen durch digitales Bildmaterial Mozarts geraffte Lebensdarstellung zeitlich und r\u00e4umlich ein. Mit Choreografien von Alex Frei bleibt das Ensemble zu jeder Zeit auf der B\u00fchne, verfolgt das Geschehen oder nimmt aktiv teil.&nbsp;<\/p>\n\n\n<div  class=\"tpgb-wrap-956d14_9095  tpgb-wrap-fw \"  ><div id=\"956d14_9095\" class=\"tpgb-block-956d14_9095 tpgb-relative-block tpgb-gallery-list tpgb-metro gallery-style-2 hover-image-style-1   \" data-style=\"style-2\" data-id=\"956d14_9095\" data-layout=\"metro\" data-fancy-option='{\"loop\":false,\"thumb\":\"no\",\"infobar\":true,\"arrows\":true,\"transitionEffect\":\"slide\",\"button\":[\"close\"]}' data-splide='\"\"' data-metroAttr= '{\"metro_col\":3,\"tab_metro_col\":3,\"mobile_metro_col\":3,\"metro_style\":\"style-1\",\"tab_metro_style\":\"style-1\",\"mobile_metro_style\":\"style-1\"}' ><div class=\"tpgb-row post-loop-inner \"><div class=\"grid-item metro-item-0    tpgb-metro-1  tpgb-tab-metro-1  tpgb-mobile-metro-1 \"><a href=\"https:\/\/www.musical-today.de\/wp-content\/uploads\/2024\/11\/MOZART_cLioba-Schoeneck-6-scaled.jpg\" class=\"tpgb-gallery-list-content tpgb-trans-easeinout\" data-fancybox=\"956d14_9095\" data-caption=\"Foto: Lioba Sch\u00f6neck\" aria-label=\"Foto: Lioba Sch\u00f6neck\"><div class=\"post-content-image\"><div class=\"tpgb-metro-gallery-image\" style=\"background: url(https:\/\/www.musical-today.de\/wp-content\/uploads\/2024\/11\/MOZART_cLioba-Schoeneck-6-scaled.jpg);\"><\/div><\/div><div class=\"post-content-center\"><div class=\"post-zoom-icon\"><div class=\"meta-search-icon\"><span><img decoding=\"async\" class=\"fancy-img\" src=\"https:\/\/www.musical-today.de\/wp-content\/uploads\/2024\/11\/MOZART_cLioba-Schoeneck-6-scaled.jpg\" alt=\"Media Image1\" title=\"\"><i class=\"fas fa-search-plus pop-icon\"><\/i><\/span><\/div><\/div><div class=\"post-content-bottom\"><p class=\"post-title tpgb-trans-easeinout\">Foto: Lioba Sch\u00f6neck<\/p><\/div><\/div><\/a><\/div><div class=\"grid-item metro-item-1    tpgb-metro-2  tpgb-tab-metro-2  tpgb-mobile-metro-2 \"><a href=\"https:\/\/www.musical-today.de\/wp-content\/uploads\/2024\/11\/MOZART_c-Lioba-Schoeneck-21-scaled.jpg\" class=\"tpgb-gallery-list-content tpgb-trans-easeinout\" data-fancybox=\"956d14_9095\" data-caption=\"Foto: Lioba Sch\u00f6neck\" aria-label=\"Foto: Lioba Sch\u00f6neck\"><div class=\"post-content-image\"><div class=\"tpgb-metro-gallery-image\" style=\"background: url(https:\/\/www.musical-today.de\/wp-content\/uploads\/2024\/11\/MOZART_c-Lioba-Schoeneck-21-scaled.jpg);\"><\/div><\/div><div class=\"post-content-center\"><div class=\"post-zoom-icon\"><div class=\"meta-search-icon\"><span><img decoding=\"async\" class=\"fancy-img\" src=\"https:\/\/www.musical-today.de\/wp-content\/uploads\/2024\/11\/MOZART_c-Lioba-Schoeneck-21-scaled.jpg\" alt=\"Media Image2\" title=\"\"><i class=\"fas fa-search-plus pop-icon\"><\/i><\/span><\/div><\/div><div class=\"post-content-bottom\"><p class=\"post-title tpgb-trans-easeinout\">Foto: Lioba Sch\u00f6neck<\/p><\/div><\/div><\/a><\/div><div class=\"grid-item metro-item-2    tpgb-metro-3  tpgb-tab-metro-3  tpgb-mobile-metro-3 \"><a href=\"https:\/\/www.musical-today.de\/wp-content\/uploads\/2024\/11\/MOZART_c-Lioba-Schoeneck-18-scaled.jpg\" class=\"tpgb-gallery-list-content tpgb-trans-easeinout\" data-fancybox=\"956d14_9095\" data-caption=\"Foto: Lioba Sch\u00f6neck\" aria-label=\"Foto: Lioba Sch\u00f6neck\"><div class=\"post-content-image\"><div class=\"tpgb-metro-gallery-image\" style=\"background: url(https:\/\/www.musical-today.de\/wp-content\/uploads\/2024\/11\/MOZART_c-Lioba-Schoeneck-18-scaled.jpg);\"><\/div><\/div><div class=\"post-content-center\"><div class=\"post-zoom-icon\"><div class=\"meta-search-icon\"><span><img decoding=\"async\" class=\"fancy-img\" src=\"https:\/\/www.musical-today.de\/wp-content\/uploads\/2024\/11\/MOZART_c-Lioba-Schoeneck-18-scaled.jpg\" alt=\"Media Image3\" title=\"\"><i class=\"fas fa-search-plus pop-icon\"><\/i><\/span><\/div><\/div><div class=\"post-content-bottom\"><p class=\"post-title tpgb-trans-easeinout\">Foto: Lioba Sch\u00f6neck<\/p><\/div><\/div><\/a><\/div><\/div><\/div><\/div>\n\n\n<p>Nicht unpassend in dieser Neuinszenierung \u2013 wenn auch etwas befremdlich f\u00fcr den ein oder anderen, der sich eher eine klassische Szenerie gew\u00fcnscht h\u00e4tte \u2013 sind Conny L\u00fcders wei\u00dfe Sportkost\u00fcme, welche je nach Rolle entsprechend akzentuiert werden. Anschnallbare H\u00fcfthalter bewirken u.a. durch den \u00dcberwurf von verschiedenfarbigen T\u00fcchern charakteristische Unterscheidungen. Wie ein Staffelstab sorgt auch der pinke Glitzermantel f\u00fcr gleich drei Mozarts. Christian Sattler, Jens Emmert und Raphael Binde schl\u00fcpfen nacheinander in die Rolle und gliedern sich sofort in die emotionalen H\u00f6hepunkte seines Lebens, wie etwa den Tod seiner Mutter, ein. Dabei vers\u00e4umen sie es nicht, dem Charakter jeweils ihre eigene Note zu geben \u2013 und doch kauft man jedem gleicherma\u00dfen den ungest\u00fcmen Komponisten ab.<\/p>\n\n\n\n<p>Begleitet wird Mozart dabei von \u201eAmad\u00e9\u201c, der Personifikation seines Genies. Diese Rolle wurde urspr\u00fcnglich f\u00fcr ein Kind konzipiert. Da es sich in M\u00fcnchen um eine Produktion mit ausschlie\u00dflich studentischen Darstellern handelt, l\u00f6st der Regisseur das Problem durch eine glitzernde Puppe. Zun\u00e4chst etwas befremdlich wirkend, schafft das Zusammenspiel von Mozart und Puppe eine emotionale Tiefe, welche nicht zuletzt die Schattenseiten, zum Beispiel durch das W\u00fcrgen des Protagonisten, widerspiegeln.<\/p>\n\n\n\n<p>Die Darstellung \u00e4lterer Rollen erfordert ein gewisses Ma\u00df an Fantasie seitens des Publikums. Trotz der Tatsache, dass die jungen K\u00fcnstlerinnen und K\u00fcnstler ihre Rollen \u00fcberzeugend spielen, bleibt das Alter sichtbar. Teodor Pop als Colloredo tritt sehr kraftvoll auf. Highlight des sonst verbalen Showdowns zwischen Mozart und dem F\u00fcrsten ist ein dargestellter Boxkampf, in dem ersterer als Sieger hervorgeht und sich somit endg\u00fcltig vom F\u00fcrsten l\u00f6st. Besonders hervor tut sich die Baronin von Waldst\u00e4tten, gespielt von Madleen Dederding. Mit Anmut best\u00e4rkt sie Mozart, \u201ehinaus in die Gefahr\u201c zu gehen, ihr Lied \u201eGold von den Sternen\u201c interpretiert sie gekonnt als Mediatorin zwischen Vater und Sohn.<\/p>\n\n\n\n<p>Begleitet werden die Studierenden vom M\u00fcnchner Rundfunkorchester unter Leitung von Andreas Kowalewitz. Spielerisch leicht wechselt dieses von Klassik \u00fcber Pop bis hin zum Rock. Nur mit der Lautst\u00e4rke hat man es zu gut gemeint. Einzelne Textpassagen, besonders im ersten Akt, sind nicht mehr zu verstehen.<\/p>\n\n\n\n<p>Die Interpretation von Mozarts Leben als ewiger Kampf geht auf. Die Kombination aus modernem B\u00fchnenbild, engagierten Darstellern und einem vielseitigen Orchester schafft eine lebendige Atmosph\u00e4re, die sowohl H\u00f6hen als auch Tiefen beleuchtet.<\/p>\n\n\n\n<hr class=\"wp-block-separator has-alpha-channel-opacity is-style-dots\"\/>\n\n\n\n<p class=\"has-small-font-size\">Musikalische Leitung: Andreas Kowalewitz \u2022 B\u00fchne: Stephan Prattes \u2022 Kost\u00fcme: Conny L\u00fcders \u2022 Choreografie: Alex Frei \u2022 Puppendesign und -coaching: Richard Panzenb\u00f6ck \u2022 Figurenbau: Richard Panzenb\u00f6ck und Michaela Studeny \u2022 Video: Philipp Contag-Lada \u2022 Licht: Benjamin Schmidt \u2022 Ton: Georgios Maragkoudakis, Klemens Schulze, Christian Sp\u00e4th und Ememkut Zaotschnyj \u2022 Mit: Christian Sattler (Mozart 1), Jens Emmert (Mozart 2), Raphael Binde (Mozart 3), Ehab Eissa (Leopold Mozart), Alida Will (Nannerl Mozart), Teodor Pop (Hieronymus Colloredo), Bjarne Rentz (Karl Joseph Graf Arco), Melanie Maderegger (C\u00e4cilia Weber), Laura Oswald (Constanze Weber), Madleen Dederding (Baronin von Waldst\u00e4tten), Brandon Miller (Emanuel Schikaneder\/Joseph II.), Julia Bergen (Aloysia Weber), Amy Sellung (Josepha Weber\/Anna Maria), Svea Harder (Sophie Weber\/Stephanie), Tillmann Schmuhl (Fridolin Weber\/Dr. Mesmer), David Weinert (Johann Thorwart), Nico Burbes (Maria Theresia), Floyd Clemens (Salieri), Valentina Pohl (Kammerherr) u.a. \u2022 M\u00fcnchner Rundfunkorchester<\/p>\n\n\n\n<p class=\"has-small-font-size\">Aufmacherfoto: Lioba Sch\u00f6neck<\/p>\n","protected":false},"excerpt":{"rendered":"<p>\u201eMozart!\u201c und sein ungest\u00fcmer Kampf um Anerkennung und Freiheit 1999 in Wien uraufgef\u00fchrt, kommt \u201eMozart!\u201c jetzt ins Prinzregententheater und wird dabei ausschlie\u00dflich von Studierenden der Bayerischen Theaterakademie August Everding zum Leben erweckt. Michael Kunze und Sylvester Levay sehen ihr Musical als perfektes St\u00fcck f\u00fcr junge K\u00fcnstlerinnen und K\u00fcnstler, die \u2013 wie der Protagonist \u2013 ihren Weg zur kreativen Selbstverwirklichung bestreiten. Bereits in jungen Jahren als angesehener Komponist und \u201eWunderkind\u201c gefeiert, muss sich der hochm\u00fctige Wolfgang Amadeus Mozart den Herausforderungen als [&hellip;]<\/p>\n","protected":false},"author":57,"featured_media":9099,"comment_status":"closed","ping_status":"closed","sticky":false,"template":"","format":"standard","meta":{"tpgb_global_settings":"","footnotes":""},"categories":[98],"tags":[],"class_list":["post-9095","post","type-post","status-publish","format-standard","has-post-thumbnail","hentry","category-muenchen"],"tpgb_featured_images":{"full":["https:\/\/www.musical-today.de\/wp-content\/uploads\/2024\/11\/MOZART_c-Lioba-Schoeneck-16-scaled.jpg",2560,1703,false],"tp-image-grid":["https:\/\/www.musical-today.de\/wp-content\/uploads\/2024\/11\/MOZART_c-Lioba-Schoeneck-16-700x700.jpg",700,700,true],"thumbnail":["https:\/\/www.musical-today.de\/wp-content\/uploads\/2024\/11\/MOZART_c-Lioba-Schoeneck-16-600x399.jpg",600,399,true],"medium":["https:\/\/www.musical-today.de\/wp-content\/uploads\/2024\/11\/MOZART_c-Lioba-Schoeneck-16-1200x798.jpg",1200,798,true],"medium_large":["https:\/\/www.musical-today.de\/wp-content\/uploads\/2024\/11\/MOZART_c-Lioba-Schoeneck-16-949x631.jpg",770,512,true],"large":["https:\/\/www.musical-today.de\/wp-content\/uploads\/2024\/11\/MOZART_c-Lioba-Schoeneck-16-1920x1277.jpg",1139,758,true],"default":"https:\/\/www.musical-today.de\/wp-content\/plugins\/the-plus-addons-for-block-editor\/assets\/images\/tpgb-placeholder.jpg"},"tpgb_post_meta_info":{"get_date":"18.11.2024","get_modified_date":"15.04.2025","category_list":{"category":[{"term_id":98,"name":"M\u00fcnchen","slug":"muenchen","term_group":0,"term_taxonomy_id":98,"taxonomy":"category","description":"","parent":19,"count":15,"filter":"raw","term_order":"68"}],"post_tag":false,"post_format":false},"author_name":"Nadine Wei\u00df","author_url":"https:\/\/www.musical-today.de\/en\/autor\/nadineweiss\/","author_email":"online-nw@musical-toay.de","author_website":"","author_description":"","author_facebook":"","author_twitter":"","author_instagram":"","author_role":["author","editor","redakteur"],"author_firstname":"Nadine","author_lastname":"Wei\u00df","user_login":"nadineweiss","author_avatar":"<img src=\"https:\/\/www.musical-today.de\/wp-content\/uploads\/2024\/03\/434034552_122093726612266069_5386620108228489486_n-293x293.jpg\" width=\"200\" height=\"200\" alt=\"Nadine Wei\u00df\" class=\"avatar avatar-200 wp-user-avatar wp-user-avatar-200 alignnone photo\" \/>","author_avatar_url":"https:\/\/www.musical-today.de\/wp-content\/uploads\/2024\/03\/434034552_122093726612266069_5386620108228489486_n.jpg","comment_count":0,"post_likes":0,"post_views":0},"tpgb_post_category":{"category":"<a href=\"https:\/\/www.musical-today.de\/en\/deutschland\/muenchen\/\" alt=\"M\u00fcnchen\"  class=\"category-muenchen\">M\u00fcnchen<\/a> "},"_links":{"self":[{"href":"https:\/\/www.musical-today.de\/en\/wp-json\/wp\/v2\/posts\/9095","targetHints":{"allow":["GET"]}}],"collection":[{"href":"https:\/\/www.musical-today.de\/en\/wp-json\/wp\/v2\/posts"}],"about":[{"href":"https:\/\/www.musical-today.de\/en\/wp-json\/wp\/v2\/types\/post"}],"author":[{"embeddable":true,"href":"https:\/\/www.musical-today.de\/en\/wp-json\/wp\/v2\/users\/57"}],"replies":[{"embeddable":true,"href":"https:\/\/www.musical-today.de\/en\/wp-json\/wp\/v2\/comments?post=9095"}],"version-history":[{"count":0,"href":"https:\/\/www.musical-today.de\/en\/wp-json\/wp\/v2\/posts\/9095\/revisions"}],"wp:featuredmedia":[{"embeddable":true,"href":"https:\/\/www.musical-today.de\/en\/wp-json\/wp\/v2\/media\/9099"}],"wp:attachment":[{"href":"https:\/\/www.musical-today.de\/en\/wp-json\/wp\/v2\/media?parent=9095"}],"wp:term":[{"taxonomy":"category","embeddable":true,"href":"https:\/\/www.musical-today.de\/en\/wp-json\/wp\/v2\/categories?post=9095"},{"taxonomy":"post_tag","embeddable":true,"href":"https:\/\/www.musical-today.de\/en\/wp-json\/wp\/v2\/tags?post=9095"}],"curies":[{"name":"wp","href":"https:\/\/api.w.org\/{rel}","templated":true}]}}