{"id":9115,"date":"2024-11-19T18:17:45","date_gmt":"2024-11-19T17:17:45","guid":{"rendered":"https:\/\/www.musical-today.de\/?p=9115"},"modified":"2025-04-15T14:28:19","modified_gmt":"2025-04-15T12:28:19","slug":"hamburg-die-carmen-von-st-pauli","status":"publish","type":"post","link":"https:\/\/www.musical-today.de\/en\/hamburg-die-carmen-von-st-pauli\/","title":{"rendered":"Die Carmen von St. Pauli"},"content":{"rendered":"<div class=\"lets-info-up-wrap  lets-info-up--right lets-info-up--m-1 lets-info-up-skin-3 lets-info-up--side lets-info-up-84585\" style=\"background:#fafafa; color: #616161\">\t\t\t<div class=\"lets-info-up\">\r\n\t\t\t<div class=\"lets-info-up-fi\"><img decoding=\"async\" width=\"500\" height=\"333\" src=\"https:\/\/www.musical-today.de\/wp-content\/uploads\/2024\/01\/qi-addons-for-elementor-placeholder-500x333.png\" class=\"attachment-lets-info-up-d1 size-lets-info-up-d1\" alt=\"|\" srcset=\"https:\/\/www.musical-today.de\/wp-content\/uploads\/2024\/01\/qi-addons-for-elementor-placeholder-500x333.png 500w, https:\/\/www.musical-today.de\/wp-content\/uploads\/2024\/01\/qi-addons-for-elementor-placeholder-300x200.png 300w, https:\/\/www.musical-today.de\/wp-content\/uploads\/2024\/01\/qi-addons-for-elementor-placeholder-1024x683.png 1024w, https:\/\/www.musical-today.de\/wp-content\/uploads\/2024\/01\/qi-addons-for-elementor-placeholder-883x589.png 883w, https:\/\/www.musical-today.de\/wp-content\/uploads\/2024\/01\/qi-addons-for-elementor-placeholder-18x12.png 18w, https:\/\/www.musical-today.de\/wp-content\/uploads\/2024\/01\/qi-addons-for-elementor-placeholder-360x240.png 360w, https:\/\/www.musical-today.de\/wp-content\/uploads\/2024\/01\/qi-addons-for-elementor-placeholder-1155x770.png 1155w, https:\/\/www.musical-today.de\/wp-content\/uploads\/2024\/01\/qi-addons-for-elementor-placeholder-370x247.png 370w, https:\/\/www.musical-today.de\/wp-content\/uploads\/2024\/01\/qi-addons-for-elementor-placeholder-770x513.png 770w, https:\/\/www.musical-today.de\/wp-content\/uploads\/2024\/01\/qi-addons-for-elementor-placeholder-293x195.png 293w, https:\/\/www.musical-today.de\/wp-content\/uploads\/2024\/01\/qi-addons-for-elementor-placeholder-120x80.png 120w, https:\/\/www.musical-today.de\/wp-content\/uploads\/2024\/01\/qi-addons-for-elementor-placeholder-240x160.png 240w, https:\/\/www.musical-today.de\/wp-content\/uploads\/2024\/01\/qi-addons-for-elementor-placeholder-390x260.png 390w, https:\/\/www.musical-today.de\/wp-content\/uploads\/2024\/01\/qi-addons-for-elementor-placeholder.png 1200w\" sizes=\"(max-width: 500px) 100vw, 500px\" title=\"\"><\/div>\t\t\t<div class=\"lets-info-up-block-wrap\">\r\n\t\t\t\t<div class=\"lets-info-up-block lets-info-up-meta-block\"><div class=\"lets-info-up-meta-title lets-info-up-pretitle font-h\" style=\"color: #8c6d18;\">oRT<\/div><div class=\"lets-info-up-meta-content lets-info-up-title font-b\">St. Pauli Theater<\/div><\/div><div class=\"lets-info-up-block lets-info-up-meta-block\"><div class=\"lets-info-up-meta-title lets-info-up-pretitle font-h\" style=\"color: #8c6d18;\">von<\/div><div class=\"lets-info-up-meta-content lets-info-up-title font-b\">Revue von Peter Jordan und Leonhard Koppelmann<br>Georges Bizet (Musik)<\/div><\/div><div class=\"lets-info-up-block lets-info-up-meta-block\"><div class=\"lets-info-up-meta-title lets-info-up-pretitle font-h\" style=\"color: #8c6d18;\">Regie<\/div><div class=\"lets-info-up-meta-content lets-info-up-title font-b\">Peter Jordan und Leonhard Koppelmann <\/div><\/div><div class=\"lets-info-up-block lets-info-up-meta-block\"><div class=\"lets-info-up-meta-title lets-info-up-pretitle font-h\" style=\"color: #8c6d18;\">Urauff\u00fchrung<\/div><div class=\"lets-info-up-meta-content lets-info-up-title font-b\">2015<\/div><\/div><div class=\"lets-info-up-block lets-info-up-meta-block\"><div class=\"lets-info-up-meta-title lets-info-up-pretitle font-h\" style=\"color: #8c6d18;\">INFOS<\/div><div class=\"lets-info-up-meta-content lets-info-up-title font-b\"><a href=\"https:\/\/www.st-pauli-theater.de\/programm\/die-carmen-von-st-pauli\/\" target=\"_blank\" rel=\"noopener noreferrer nofollow\">www.st-pauli-theater.de<\/a><\/div><\/div>\t\t\t<\/div>\r\n\t\t\t<\/div>\r\n\t\t<\/div>\r\n\t\t\n\n\n<p><strong>Bizet als Vaudeville-K\u00fcnstler: \u201eDie Carmen von St. Pauli\u201c<\/strong><\/p>\n\n\n\n<p>Ein Gl\u00fccksfall, dieses kleine St. Pauli Theater. Vor zwei Jahrzehnten \u00fcbernahm dort auf der Hamburger Reeperbahn Ulrich Waller die k\u00fcnstlerische Leitung \u2013 er wollte herausfinden, wie intelligent Unterhaltung auf der Am\u00fcsiermeile sein kann. Sein Ziel: sich auf die \u201eSpurensuche nach den Wurzeln der deutschsprachigen Unterhaltungskultur\u201c zu begeben und statt des \u201ev\u00f6llig belanglosen, globalisierten Theaters\u201c bei der Frage anzusetzen, was ein Thema in der Stadt sein k\u00f6nnte. Um dann selbst St\u00fccke mit Musik zu produzieren, Stoffe speziell f\u00fcr die \u201es\u00fcndige Meile\u201c, Stoffe mit gro\u00dfen Gef\u00fchlen, die dem Zuschauer in dem kleinen Theater durch die unmittelbare N\u00e4he zur B\u00fchne \u201eKino-Feeling\u201c vermitteln sollen.<\/p>\n\n\n\n<p>Ein ambitioniertes Konzept, das aufgegangen ist: Ob \u201eDreigroschenoper\u201c, \u201eCabaret\u201c oder die St.-Pauli-Revue \u201eAuf der Reeperbahn\u201c \u2013 Publikum und Kritiker str\u00f6men seither in das einst profillose Haus, Schauspiel- und Regiegr\u00f6\u00dfen geben sich die Klinke zu dem wundersch\u00f6nen, pl\u00fcschig-roten Theaterraum in die Hand. Eben ein Gl\u00fccksfall f\u00fcr Hamburgs B\u00fchnenlandschaft, vor allem aber f\u00fcr das Theater als Kunstform, das sich hier immer wieder \u201eDie gro\u00dfe Freiheit\u201c zur\u00fcckerobert und dem Publikum zeigt, was Theater neben tiefsch\u00fcrfenden Botschaften noch alles vermitteln kann: Spiel- und Lebensfreude, Gesellschaftskritik und mitrei\u00dfende Musik, Melancholie und Poesie, ber\u00fchrende und wunderbar alberne Momente, Nachdenkliches und Selbstironisches. Vor allem aber die gro\u00dfe Freiheit f\u00fcr die Fantasie und zum Tr\u00e4umen.<\/p>\n\n\n<div  class=\"tpgb-wrap-956d14_9115  tpgb-wrap-fw \"  ><div id=\"956d14_9115\" class=\"tpgb-block-956d14_9115 tpgb-relative-block tpgb-gallery-list tpgb-metro gallery-style-2 hover-image-style-1   \" data-style=\"style-2\" data-id=\"956d14_9115\" data-layout=\"metro\" data-fancy-option='{\"loop\":false,\"thumb\":\"no\",\"infobar\":true,\"arrows\":true,\"transitionEffect\":\"slide\",\"button\":[\"close\"]}' data-splide='\"\"' data-metroAttr= '{\"metro_col\":3,\"tab_metro_col\":3,\"mobile_metro_col\":3,\"metro_style\":\"style-1\",\"tab_metro_style\":\"style-1\",\"mobile_metro_style\":\"style-1\"}' ><div class=\"tpgb-row post-loop-inner \"><div class=\"grid-item metro-item-0    tpgb-metro-1  tpgb-tab-metro-1  tpgb-mobile-metro-1 \"><a href=\"https:\/\/www.musical-today.de\/wp-content\/uploads\/2024\/11\/Carmen_Nadja-Petri_Anneke-Schwabe_Victoria-Fleer_Holger-Dexne_c_Kerstin-Schomburg_20241109-scaled.jpg\" class=\"tpgb-gallery-list-content tpgb-trans-easeinout\" data-fancybox=\"956d14_9115\" data-caption=\"Foto: Kerstin Schomburg\" aria-label=\"Foto: Kerstin Schomburg\"><div class=\"post-content-image\"><div class=\"tpgb-metro-gallery-image\" style=\"background: url(https:\/\/www.musical-today.de\/wp-content\/uploads\/2024\/11\/Carmen_Nadja-Petri_Anneke-Schwabe_Victoria-Fleer_Holger-Dexne_c_Kerstin-Schomburg_20241109-scaled.jpg);\"><\/div><\/div><div class=\"post-content-center\"><div class=\"post-zoom-icon\"><div class=\"meta-search-icon\"><span><img decoding=\"async\" class=\"fancy-img\" src=\"https:\/\/www.musical-today.de\/wp-content\/uploads\/2024\/11\/Carmen_Nadja-Petri_Anneke-Schwabe_Victoria-Fleer_Holger-Dexne_c_Kerstin-Schomburg_20241109-scaled.jpg\" alt=\"Media Image1\" title=\"\"><i class=\"fas fa-search-plus pop-icon\"><\/i><\/span><\/div><\/div><div class=\"post-content-bottom\"><p class=\"post-title tpgb-trans-easeinout\">Foto: Kerstin Schomburg<\/p><\/div><\/div><\/a><\/div><div class=\"grid-item metro-item-1    tpgb-metro-2  tpgb-tab-metro-2  tpgb-mobile-metro-2 \"><a href=\"https:\/\/www.musical-today.de\/wp-content\/uploads\/2024\/11\/Carmen_Goetz-Otto_Patrick-Heyn_c_Kerstin-Schomburg_20241109-scaled.jpg\" class=\"tpgb-gallery-list-content tpgb-trans-easeinout\" data-fancybox=\"956d14_9115\" data-caption=\"Foto: Kerstin Schomburg\" aria-label=\"Foto: Kerstin Schomburg\"><div class=\"post-content-image\"><div class=\"tpgb-metro-gallery-image\" style=\"background: url(https:\/\/www.musical-today.de\/wp-content\/uploads\/2024\/11\/Carmen_Goetz-Otto_Patrick-Heyn_c_Kerstin-Schomburg_20241109-scaled.jpg);\"><\/div><\/div><div class=\"post-content-center\"><div class=\"post-zoom-icon\"><div class=\"meta-search-icon\"><span><img decoding=\"async\" class=\"fancy-img\" src=\"https:\/\/www.musical-today.de\/wp-content\/uploads\/2024\/11\/Carmen_Goetz-Otto_Patrick-Heyn_c_Kerstin-Schomburg_20241109-scaled.jpg\" alt=\"Media Image2\" title=\"\"><i class=\"fas fa-search-plus pop-icon\"><\/i><\/span><\/div><\/div><div class=\"post-content-bottom\"><p class=\"post-title tpgb-trans-easeinout\">Foto: Kerstin Schomburg<\/p><\/div><\/div><\/a><\/div><div class=\"grid-item metro-item-2    tpgb-metro-3  tpgb-tab-metro-3  tpgb-mobile-metro-3 \"><a href=\"https:\/\/www.musical-today.de\/wp-content\/uploads\/2024\/11\/Carmen_A.Schwabe_V.Fleer_N.Petri_H.Dexne_c_Kerstin-Schomburg_20241109-scaled.jpg\" class=\"tpgb-gallery-list-content tpgb-trans-easeinout\" data-fancybox=\"956d14_9115\" data-caption=\"Foto: Kerstin Schomburg\" aria-label=\"Foto: Kerstin Schomburg\"><div class=\"post-content-image\"><div class=\"tpgb-metro-gallery-image\" style=\"background: url(https:\/\/www.musical-today.de\/wp-content\/uploads\/2024\/11\/Carmen_A.Schwabe_V.Fleer_N.Petri_H.Dexne_c_Kerstin-Schomburg_20241109-scaled.jpg);\"><\/div><\/div><div class=\"post-content-center\"><div class=\"post-zoom-icon\"><div class=\"meta-search-icon\"><span><img decoding=\"async\" class=\"fancy-img\" src=\"https:\/\/www.musical-today.de\/wp-content\/uploads\/2024\/11\/Carmen_A.Schwabe_V.Fleer_N.Petri_H.Dexne_c_Kerstin-Schomburg_20241109-scaled.jpg\" alt=\"Media Image3\" title=\"\"><i class=\"fas fa-search-plus pop-icon\"><\/i><\/span><\/div><\/div><div class=\"post-content-bottom\"><p class=\"post-title tpgb-trans-easeinout\">Foto: Kerstin Schomburg<\/p><\/div><\/div><\/a><\/div><\/div><\/div><\/div>\n\n\n<p>Ein gro\u00dfes Gl\u00fcck, f\u00fcr das es doch so wenig braucht \u2013 abgesehen von der Courage des k\u00fcnstlerischen Hausherrn Waller, den Autoren und Protagonisten der Musikrevuen ohne jegliche Vorgabe f\u00fcr ein paar Wochen das Theater zu \u00fcberlassen. So auch in der j\u00fcngsten Produktion \u201eDie Carmen von St. Pauli\u201c: Wo sonst w\u00fcrden sich Intendanten schon trauen, einen der bekanntesten Opernklassiker auf solch eine kleine B\u00fchne zu stellen \u2013 und obendrein Bizets ber\u00fchmte Musik f\u00fcr eine achtk\u00f6pfige Jazzband einrichten zu lassen im sch\u00f6nsten Vaudeville aus New-Orleans-Jazz, Kurt Weill und Chanson? Dramaturgisch wie b\u00fchnenbildnerisch schlichtweg genial ist auch der Schachzug, statt aufw\u00e4ndiger Dekorationen im Hintergrund ohne Pause Erich Waschnecks gleichnamigen Schwarz-Wei\u00df-Stummfilm aus dem Jahr 1928 flimmern zu lassen. Das sorgt nicht allein f\u00fcr das n\u00f6tige Hafen-Lokalkolorit, sondern beschert auch eine Vintage-\u00c4sthetik, in der die aufziehende D\u00fcsternis der NS-Zeit eine ganz andere Bedrohlichkeit entwickelt als die zwischenzeitlich aufmarschierenden SA-Schergen auf der B\u00fchne.<\/p>\n\n\n\n<p>Eine Filmstory, derer sich das Regieduo Peter Jordan und Leonhard Koppelmann angenommen und in ihrem Text pointiert zugespitzt hat. Ihre Carmen (Anneke Schwabe wickelt sich die Mannsbilder nicht zuletzt mit ihrer gurrenden Stimme um den Finger) hei\u00dft eigentlich Jenny Hummel und stammt aus Bramfeld. Doch als Kiez-Diva mischt sie nicht nur die M\u00e4nnerwelt auf, sondern mit ihrer Gang der \u201eHafenratten\u201c auch im zwielichtigen Schmuggler-Gewerbe mit. Schankwirt Pastia (herrlich \u00fcbertrieben: Stephan Schad) macht mit ihr beim Ausnehmen der Touristen in seiner Kneipe gemeinsame Sache, Hafenmeister Hansen (Patrick Heyn) ist ihr v\u00f6llig verfallen, und selbst der kreuzbrave Hafenarbeiter Brandt (Holger Dexne) wird bei ihr schwach. Allein beim skrupellosen Reeder Rasmussen (G\u00f6tz Otto mimt einmal mehr einen gro\u00dfartig grotesk \u00fcberzeichneten B\u00f6sewicht \u2013 daf\u00fcr nimmt man auch manch s\u00e4ngerische Schw\u00e4che hin) st\u00f6\u00dft sie an ihre Grenzen \u2026<\/p>\n\n\n\n<p>Doch zum einen ist da ja noch Rasmussens (stimm)starke Ehefrau (Nadja Petri), zum anderen Brandts Braut Maria als Heilsarmee-Chefin, der Victoria Fleer einen grandiosen Mix aus stimmlicher Strahlkraft, Show-Attit\u00fcde und selbstironischem Witz verpasst. Was ein v\u00f6llig \u00fcberdrehtes Finale beschert \u2013 und irgendwie doch zu St. Pauli und seinem Theater passt.<\/p>\n\n\n\n<hr class=\"wp-block-separator has-alpha-channel-opacity is-style-dots\"\/>\n\n\n\n<p class=\"has-small-font-size\">Musikalische Leitung: Uwe Granitza unter Mitwirkung von Matthias St\u00f6tzel \u2022 Regie: Peter Jordan und Leonhard Koppelmann \u2022 Filmische Realisation: Meike Fehre \u2022 Choreografie: Harald Kratochwil \u2022 Kost\u00fcme: Barbara Aigner \u2022 Licht: Dorle Reisse \u2022 Mit: Anneke Schwabe (Jenny Hummel, genannt Carmen), Holger Dexne (Klaus Brandt), Victoria Fleer (Maria, Brandts Braut), Glenn Goltz (Klaus Brandts Mutter\/Der scharfe Otto\/Hafenratte), G\u00f6tz Otto (Fritz Rasmussen, Reeder), Nadja Petri (Frau Elsa, seine Frau), Patrick Heyn (Hansen, Hafenmeister), Stephan Schad (Pastia, Schankwirt), Anna Winter (Lotsen-Karl\/ Hafenratte), Arvid Johansson (Stift\/Hafenratte), Fabian Broermann (Fuchs\/Hafenratte), Felicia Jackson (Die rasende Rita), Maya May Sian Oei (Wilma, der Wirbelwind), Ren\u00e9 Becker (Zylinderherr\/Heilsarmist\/Polizist) \u2022 Theater Orchester Hamburg<\/p>\n\n\n\n<p class=\"has-small-font-size\">Aufmacherfoto: Kerstin Schomburg<\/p>\n","protected":false},"excerpt":{"rendered":"<p>Bizet als Vaudeville-K\u00fcnstler: \u201eDie Carmen von St. Pauli\u201c Ein Gl\u00fccksfall, dieses kleine St. Pauli Theater. Vor zwei Jahrzehnten \u00fcbernahm dort auf der Hamburger Reeperbahn Ulrich Waller die k\u00fcnstlerische Leitung \u2013 er wollte herausfinden, wie intelligent Unterhaltung auf der Am\u00fcsiermeile sein kann. Sein Ziel: sich auf die \u201eSpurensuche nach den Wurzeln der deutschsprachigen Unterhaltungskultur\u201c zu begeben und statt des \u201ev\u00f6llig belanglosen, globalisierten Theaters\u201c bei der Frage anzusetzen, was ein Thema in der Stadt sein k\u00f6nnte. Um dann selbst St\u00fccke mit Musik [&hellip;]<\/p>\n","protected":false},"author":36,"featured_media":9107,"comment_status":"closed","ping_status":"closed","sticky":false,"template":"","format":"standard","meta":{"tpgb_global_settings":"","footnotes":""},"categories":[71],"tags":[],"class_list":["post-9115","post","type-post","status-publish","format-standard","has-post-thumbnail","hentry","category-hamburg"],"tpgb_featured_images":{"full":["https:\/\/www.musical-today.de\/wp-content\/uploads\/2024\/11\/Carmen_Ensemble2_c_Kerstin-Schomburg_20241109-141246-ksc-scaled.jpg",2560,1707,false],"tp-image-grid":["https:\/\/www.musical-today.de\/wp-content\/uploads\/2024\/11\/Carmen_Ensemble2_c_Kerstin-Schomburg_20241109-141246-ksc-700x700.jpg",700,700,true],"thumbnail":["https:\/\/www.musical-today.de\/wp-content\/uploads\/2024\/11\/Carmen_Ensemble2_c_Kerstin-Schomburg_20241109-141246-ksc-600x400.jpg",600,400,true],"medium":["https:\/\/www.musical-today.de\/wp-content\/uploads\/2024\/11\/Carmen_Ensemble2_c_Kerstin-Schomburg_20241109-141246-ksc-1200x800.jpg",1200,800,true],"medium_large":["https:\/\/www.musical-today.de\/wp-content\/uploads\/2024\/11\/Carmen_Ensemble2_c_Kerstin-Schomburg_20241109-141246-ksc-949x633.jpg",770,514,true],"large":["https:\/\/www.musical-today.de\/wp-content\/uploads\/2024\/11\/Carmen_Ensemble2_c_Kerstin-Schomburg_20241109-141246-ksc-1920x1280.jpg",1139,759,true],"default":"https:\/\/www.musical-today.de\/wp-content\/plugins\/the-plus-addons-for-block-editor\/assets\/images\/tpgb-placeholder.jpg"},"tpgb_post_meta_info":{"get_date":"19.11.2024","get_modified_date":"15.04.2025","category_list":{"category":[{"term_id":71,"name":"Hamburg","slug":"hamburg","term_group":0,"term_taxonomy_id":71,"taxonomy":"category","description":"","parent":19,"count":12,"filter":"raw","term_order":"45"}],"post_tag":false,"post_format":false},"author_name":"Christoph Forsthoff","author_url":"https:\/\/www.musical-today.de\/en\/autor\/christophforsthoff\/","author_email":"temporary-removeFM60NosPo3lWRXT@tmp.com","author_website":"","author_description":"war Ressortleiter, Textchef und Blattmacher, u.a. bei der Financial Times Deutschland. Seit 2001 betreibt der Cello-Liebhaber sein netzwerk Redaktionsb\u00fcro und arbeitet als Kulturjournalist f\u00fcr Medien in Deutschland, \u00d6sterreich, Luxemburg und der Schweiz. Seine Liebe zu Mecklenburg-Vorpommern und den dortigen Festspielen m\u00fcndete 2010 in der Gr\u00fcndung des Forsthoff-Cellofonds.","author_facebook":"","author_twitter":"","author_instagram":"","author_role":["author"],"author_firstname":"Christoph","author_lastname":"Forsthoff","user_login":"christophforsthoff","author_avatar":"<img src=\"https:\/\/www.musical-today.de\/wp-content\/uploads\/2024\/03\/Autor_Forsthoff-293x293.jpg\" width=\"200\" height=\"200\" alt=\"Christoph Forsthoff\" class=\"avatar avatar-200 wp-user-avatar wp-user-avatar-200 alignnone photo\" \/>","author_avatar_url":"https:\/\/www.musical-today.de\/wp-content\/uploads\/2024\/03\/Autor_Forsthoff.jpg","comment_count":0,"post_likes":0,"post_views":0},"tpgb_post_category":{"category":"<a href=\"https:\/\/www.musical-today.de\/en\/deutschland\/hamburg\/\" alt=\"Hamburg\"  class=\"category-hamburg\">Hamburg<\/a> "},"_links":{"self":[{"href":"https:\/\/www.musical-today.de\/en\/wp-json\/wp\/v2\/posts\/9115","targetHints":{"allow":["GET"]}}],"collection":[{"href":"https:\/\/www.musical-today.de\/en\/wp-json\/wp\/v2\/posts"}],"about":[{"href":"https:\/\/www.musical-today.de\/en\/wp-json\/wp\/v2\/types\/post"}],"author":[{"embeddable":true,"href":"https:\/\/www.musical-today.de\/en\/wp-json\/wp\/v2\/users\/36"}],"replies":[{"embeddable":true,"href":"https:\/\/www.musical-today.de\/en\/wp-json\/wp\/v2\/comments?post=9115"}],"version-history":[{"count":0,"href":"https:\/\/www.musical-today.de\/en\/wp-json\/wp\/v2\/posts\/9115\/revisions"}],"wp:featuredmedia":[{"embeddable":true,"href":"https:\/\/www.musical-today.de\/en\/wp-json\/wp\/v2\/media\/9107"}],"wp:attachment":[{"href":"https:\/\/www.musical-today.de\/en\/wp-json\/wp\/v2\/media?parent=9115"}],"wp:term":[{"taxonomy":"category","embeddable":true,"href":"https:\/\/www.musical-today.de\/en\/wp-json\/wp\/v2\/categories?post=9115"},{"taxonomy":"post_tag","embeddable":true,"href":"https:\/\/www.musical-today.de\/en\/wp-json\/wp\/v2\/tags?post=9115"}],"curies":[{"name":"wp","href":"https:\/\/api.w.org\/{rel}","templated":true}]}}