{"id":9117,"date":"2024-11-19T18:24:18","date_gmt":"2024-11-19T17:24:18","guid":{"rendered":"https:\/\/www.musical-today.de\/?p=9117"},"modified":"2025-04-15T14:28:19","modified_gmt":"2025-04-15T12:28:19","slug":"berlin-sweeney-todd","status":"publish","type":"post","link":"https:\/\/www.musical-today.de\/en\/berlin-sweeney-todd\/","title":{"rendered":"Sweeney Todd"},"content":{"rendered":"<div class=\"lets-info-up-wrap  lets-info-up--right lets-info-up--m-1 lets-info-up-skin-3 lets-info-up--side lets-info-up-10547\" style=\"background:#fafafa; color: #616161\">\t\t\t<div class=\"lets-info-up\">\r\n\t\t\t<div class=\"lets-info-up-fi\"><img decoding=\"async\" width=\"500\" height=\"333\" src=\"https:\/\/www.musical-today.de\/wp-content\/uploads\/2024\/01\/qi-addons-for-elementor-placeholder-500x333.png\" class=\"attachment-lets-info-up-d1 size-lets-info-up-d1\" alt=\"|\" srcset=\"https:\/\/www.musical-today.de\/wp-content\/uploads\/2024\/01\/qi-addons-for-elementor-placeholder-500x333.png 500w, https:\/\/www.musical-today.de\/wp-content\/uploads\/2024\/01\/qi-addons-for-elementor-placeholder-300x200.png 300w, https:\/\/www.musical-today.de\/wp-content\/uploads\/2024\/01\/qi-addons-for-elementor-placeholder-1024x683.png 1024w, https:\/\/www.musical-today.de\/wp-content\/uploads\/2024\/01\/qi-addons-for-elementor-placeholder-883x589.png 883w, https:\/\/www.musical-today.de\/wp-content\/uploads\/2024\/01\/qi-addons-for-elementor-placeholder-18x12.png 18w, https:\/\/www.musical-today.de\/wp-content\/uploads\/2024\/01\/qi-addons-for-elementor-placeholder-360x240.png 360w, https:\/\/www.musical-today.de\/wp-content\/uploads\/2024\/01\/qi-addons-for-elementor-placeholder-1155x770.png 1155w, https:\/\/www.musical-today.de\/wp-content\/uploads\/2024\/01\/qi-addons-for-elementor-placeholder-370x247.png 370w, https:\/\/www.musical-today.de\/wp-content\/uploads\/2024\/01\/qi-addons-for-elementor-placeholder-770x513.png 770w, https:\/\/www.musical-today.de\/wp-content\/uploads\/2024\/01\/qi-addons-for-elementor-placeholder-293x195.png 293w, https:\/\/www.musical-today.de\/wp-content\/uploads\/2024\/01\/qi-addons-for-elementor-placeholder-120x80.png 120w, https:\/\/www.musical-today.de\/wp-content\/uploads\/2024\/01\/qi-addons-for-elementor-placeholder-240x160.png 240w, https:\/\/www.musical-today.de\/wp-content\/uploads\/2024\/01\/qi-addons-for-elementor-placeholder-390x260.png 390w, https:\/\/www.musical-today.de\/wp-content\/uploads\/2024\/01\/qi-addons-for-elementor-placeholder.png 1200w\" sizes=\"(max-width: 500px) 100vw, 500px\" title=\"\"><\/div>\t\t\t<div class=\"lets-info-up-block-wrap\">\r\n\t\t\t\t<div class=\"lets-info-up-block lets-info-up-meta-block\"><div class=\"lets-info-up-meta-title lets-info-up-pretitle font-h\" style=\"color: #8c6d18;\">oRT<\/div><div class=\"lets-info-up-meta-content lets-info-up-title font-b\">Komische Oper Berlin<\/div><\/div><div class=\"lets-info-up-block lets-info-up-meta-block\"><div class=\"lets-info-up-meta-title lets-info-up-pretitle font-h\" style=\"color: #8c6d18;\">von<\/div><div class=\"lets-info-up-meta-content lets-info-up-title font-b\">Stephen Sondheim (Musik und Gesangstexte)<br>Hugh Wheeler (Buch)<\/div><\/div><div class=\"lets-info-up-block lets-info-up-meta-block\"><div class=\"lets-info-up-meta-title lets-info-up-pretitle font-h\" style=\"color: #8c6d18;\">Regie<\/div><div class=\"lets-info-up-meta-content lets-info-up-title font-b\">Barrie Kosky <\/div><\/div><div class=\"lets-info-up-block lets-info-up-meta-block\"><div class=\"lets-info-up-meta-title lets-info-up-pretitle font-h\" style=\"color: #8c6d18;\">Urauff\u00fchrung<\/div><div class=\"lets-info-up-meta-content lets-info-up-title font-b\">1979<\/div><\/div><div class=\"lets-info-up-block lets-info-up-meta-block\"><div class=\"lets-info-up-meta-title lets-info-up-pretitle font-h\" style=\"color: #8c6d18;\">INFOS<\/div><div class=\"lets-info-up-meta-content lets-info-up-title font-b\"><a href=\"https:\/\/www.komische-oper-berlin.de\/spielplan\/a-z\/sweeney-todd\/\" target=\"_blank\" rel=\"noopener noreferrer nofollow\">www.komische-oper-berlin.de<\/a><\/div><\/div>\t\t\t<\/div>\r\n\t\t\t<\/div>\r\n\t\t<\/div>\r\n\t\t\n\n\n<p><strong>Seelenschau auf \u201eSweeney Todd\u201c<\/strong><\/p>\n\n\n\n<p>Top oder Flop: Letztlich bleibt jede Urauff\u00fchrung ein Roulette-Spiel mit unklarem Ausgang. \u201eSweeney Todd\u201c von Stephen Sondheim (Musik und Gesangstexte) und Buch-Autor Hugh Wheeler ist daf\u00fcr ein interessantes Beispiel. Die New Yorker Premiere bescherte dem Kreativteam immerhin einen mittelpr\u00e4chtigen Erfolg. Viele Jahre d\u00fcmpelte das St\u00fcck auf deutschen B\u00fchnen dann aber in einer Repertoire-Nische zwischen Oper und Musical mit raren Auff\u00fchrungszahlen. Erst j\u00fcngst startet die blutgetr\u00e4nkte M\u00e4r vom Barbier aus der Londoner Fleet Street hierzulande durch und entwickelt sich momentan fast zum Quotenhit. In relativ kurzer Zeit platziert die Komische Oper Berlin das St\u00fcck nun erneut auf den Spielplan, dieses Mal in der Regie von Ex-Intendant Barrie Kosky, der entgegen sonstiger Praxis s\u00e4mtliche Show-Effekte einspart und sich deutlich mehr auf Thriller und ausgefeiltes Psychogramm konzentriert.<\/p>\n\n\n\n<p>Die Neuproduktion d\u00fcrfte ein Kassenschlager werden. Das liegt schon an der Cast. Dagmar Manzel als berserkernde, gesch\u00e4ftss\u00fcchtige, einsame, vom Bankrott bedrohte Mrs. Lovett erweist sich als Traumbesetzung. Sie dreht die Leichen durch den Fleischwolf und zaubert aus den Zutaten k\u00f6stliche Pasteten, die prompt rei\u00dfenden Absatz finden. Ein erfolgreicher Business-Plan, aus Not und skrupelloser Raffinesse geboren. Die Kunden fordern st\u00e4ndig Nachschub. F\u00fcr den sorgt Barbier Sweeney mit geschliffenem Messer, kriminellem Instinkt und brachialen Rachegef\u00fchlen. Ein pathologischer, albtraumhafter Cocktail, der jeden Psychiater in Wallung bringen w\u00fcrde. Christopher Purves gibt der Hauptfigur ein klares Profil aus Bindungsunf\u00e4higkeit, Obsession und Ohnmacht vor den eigenen Gef\u00fchlen. Hier sind zwei ausgemachte Soziopathen am Werk, die trotzdem etwas Liebensw\u00fcrdiges haben.<\/p>\n\n\n<div  class=\"tpgb-wrap-956d14_9117  tpgb-wrap-fw \"  ><div id=\"956d14_9117\" class=\"tpgb-block-956d14_9117 tpgb-relative-block tpgb-gallery-list tpgb-metro gallery-style-2 hover-image-style-1   \" data-style=\"style-2\" data-id=\"956d14_9117\" data-layout=\"metro\" data-fancy-option='{\"loop\":false,\"thumb\":\"no\",\"infobar\":true,\"arrows\":true,\"transitionEffect\":\"slide\",\"button\":[\"close\"]}' data-splide='\"\"' data-metroAttr= '{\"metro_col\":3,\"tab_metro_col\":3,\"mobile_metro_col\":3,\"metro_style\":\"style-1\",\"tab_metro_style\":\"style-1\",\"mobile_metro_style\":\"style-1\"}' ><div class=\"tpgb-row post-loop-inner \"><div class=\"grid-item metro-item-0    tpgb-metro-1  tpgb-tab-metro-1  tpgb-mobile-metro-1 \"><a href=\"https:\/\/www.musical-today.de\/wp-content\/uploads\/2024\/11\/7453_0286_kob_swto_jan_windszus_11132024_verbessert_nr-scaled-e1732036720533.jpg\" class=\"tpgb-gallery-list-content tpgb-trans-easeinout\" data-fancybox=\"956d14_9117\" data-caption=\"Foto: Jan Windszus Photography\" aria-label=\"Foto: Jan Windszus Photography\"><div class=\"post-content-image\"><div class=\"tpgb-metro-gallery-image\" style=\"background: url(https:\/\/www.musical-today.de\/wp-content\/uploads\/2024\/11\/7453_0286_kob_swto_jan_windszus_11132024_verbessert_nr-scaled-e1732036720533.jpg);\"><\/div><\/div><div class=\"post-content-center\"><div class=\"post-zoom-icon\"><div class=\"meta-search-icon\"><span><img decoding=\"async\" class=\"fancy-img\" src=\"https:\/\/www.musical-today.de\/wp-content\/uploads\/2024\/11\/7453_0286_kob_swto_jan_windszus_11132024_verbessert_nr-scaled-e1732036720533.jpg\" alt=\"Media Image1\" title=\"\"><i class=\"fas fa-search-plus pop-icon\"><\/i><\/span><\/div><\/div><div class=\"post-content-bottom\"><p class=\"post-title tpgb-trans-easeinout\">Foto: Jan Windszus Photography<\/p><\/div><\/div><\/a><\/div><div class=\"grid-item metro-item-1    tpgb-metro-2  tpgb-tab-metro-2  tpgb-mobile-metro-2 \"><a href=\"https:\/\/www.musical-today.de\/wp-content\/uploads\/2024\/11\/7458_1294_kob_swto_jan_windszus_11132024_verbessert_nr-scaled-e1732036800336.jpg\" class=\"tpgb-gallery-list-content tpgb-trans-easeinout\" data-fancybox=\"956d14_9117\" data-caption=\"Foto: Jan Windszus Photography\" aria-label=\"Foto: Jan Windszus Photography\"><div class=\"post-content-image\"><div class=\"tpgb-metro-gallery-image\" style=\"background: url(https:\/\/www.musical-today.de\/wp-content\/uploads\/2024\/11\/7458_1294_kob_swto_jan_windszus_11132024_verbessert_nr-scaled-e1732036800336.jpg);\"><\/div><\/div><div class=\"post-content-center\"><div class=\"post-zoom-icon\"><div class=\"meta-search-icon\"><span><img decoding=\"async\" class=\"fancy-img\" src=\"https:\/\/www.musical-today.de\/wp-content\/uploads\/2024\/11\/7458_1294_kob_swto_jan_windszus_11132024_verbessert_nr-scaled-e1732036800336.jpg\" alt=\"Media Image2\" title=\"\"><i class=\"fas fa-search-plus pop-icon\"><\/i><\/span><\/div><\/div><div class=\"post-content-bottom\"><p class=\"post-title tpgb-trans-easeinout\">Foto: Jan Windszus Photography<\/p><\/div><\/div><\/a><\/div><div class=\"grid-item metro-item-2    tpgb-metro-3  tpgb-tab-metro-3  tpgb-mobile-metro-3 \"><a href=\"https:\/\/www.musical-today.de\/wp-content\/uploads\/2024\/11\/7459_0917_kob_swto_jan_windszus_11132024_verbessert_nr-scaled-e1732036840459.jpg\" class=\"tpgb-gallery-list-content tpgb-trans-easeinout\" data-fancybox=\"956d14_9117\" data-caption=\"Foto: Jan Windszus Photography\" aria-label=\"Foto: Jan Windszus Photography\"><div class=\"post-content-image\"><div class=\"tpgb-metro-gallery-image\" style=\"background: url(https:\/\/www.musical-today.de\/wp-content\/uploads\/2024\/11\/7459_0917_kob_swto_jan_windszus_11132024_verbessert_nr-scaled-e1732036840459.jpg);\"><\/div><\/div><div class=\"post-content-center\"><div class=\"post-zoom-icon\"><div class=\"meta-search-icon\"><span><img decoding=\"async\" class=\"fancy-img\" src=\"https:\/\/www.musical-today.de\/wp-content\/uploads\/2024\/11\/7459_0917_kob_swto_jan_windszus_11132024_verbessert_nr-scaled-e1732036840459.jpg\" alt=\"Media Image3\" title=\"\"><i class=\"fas fa-search-plus pop-icon\"><\/i><\/span><\/div><\/div><div class=\"post-content-bottom\"><p class=\"post-title tpgb-trans-easeinout\">Foto: Jan Windszus Photography<\/p><\/div><\/div><\/a><\/div><\/div><\/div><\/div>\n\n\n<p>Barrie Kosky konzentriert sich auf die Seelen der Protagonisten, schaut mit Argusaugen nach innen und dr\u00e4ngt die gesellschaftskritischen Aspekte an den Rand. Das \u00c4u\u00dfere ger\u00e4t zur Fassade: Ein paar Kulissen gen\u00fcgen, um heruntergekommene Metropolen-D\u00fcsternis zu assoziieren, mittendrin Mrs. Lovetts Pasteten-Shop, dar\u00fcber der Friseursalon von Sweeney Todd. Die Ausstattung von Katrin Lea Tag zeigt den Wandel der Figuren an. Ist zu Beginn alles schmuddelig, leistet sich vor allem Nellie Lovett mit wachsendem Wohlstand schickere Outfits. Die pr\u00e4gnanten Charakterstudien \u00fcberzeugen, auch bei Hubert Zapi\u00f3r (Anthony Hope), Alma Sad\u00e9 (Johanna), Tom Schimon (Tobias), Jens Larsen (Richter Turpin), James Kryshak (Bamford) und dem barock-exaltierten Pirelli von Ivan Tur\u0161i\u0107.<\/p>\n\n\n\n<p>Gespielt und gesungen wird die englischsprachige Originalfassung. Das funktioniert. Sondheims h\u00f6chst komplexe, mit zahlreichen Motiven angereicherte und beinahe durchg\u00e4ngige Partitur zieht Dirigent James Gaffigan mit dem Orchester der Komischen Oper stringent in Richtung Oper, dabei bleibt er stets sehr transparent und nimmt das Ensemble subtil mit. Der Chor wirkt analog zum griechischen Theater als kommentierende Masse. Das f\u00fcgt sich in dieser geschlossenen, auf jeden \u00fcberfl\u00fcssigen Effekt verzichtenden Inszenierung aufs Feinste. Da stolpern zwar schwarzer Humor und der Spa\u00df etwas aus der Balance, aber immer blitzt Ironie auf. Daf\u00fcr sorgt besonders Dagmar Manzel in unvergleichlicher Weise. Das Publikum reagiert zustimmend und herzlich. Von der Komischen Oper zieht die Produktion weiter nach Helsinki und Strasbourg.<\/p>\n\n\n\n<hr class=\"wp-block-separator has-alpha-channel-opacity is-style-dots\"\/>\n\n\n\n<p class=\"has-small-font-size\">Musikalische Leitung: James Gaffigan \u2022 Ausstattung: Katrin Lea Tag \u2022 Licht: Olaf Freese \u2022 Chor: David Cavelius \u2022 Mit: Christopher Purves (Sweeney Todd), Dagmar Manzel (Mrs. Lovett), Hubert Zapi\u00f3r (Anthony Hope), Alma Sad\u00e9 (Johanna Barker), Tom Schimon (Tobias Ragg), Jens Larsen (Richter Turpin), James Kryshak (Beadle Bamford), Sigalit Feig (Bettlerin), Ivan Tur\u0161i\u0107 (Adolfo Pirelli) \u2022 Chorsolisten und Orchester der Komischen Oper Berlin<\/p>\n\n\n\n<p class=\"has-small-font-size\">Aufmacherfoto: Jan Windszus Photography<\/p>\n","protected":false},"excerpt":{"rendered":"<p>Seelenschau auf \u201eSweeney Todd\u201c Top oder Flop: Letztlich bleibt jede Urauff\u00fchrung ein Roulette-Spiel mit unklarem Ausgang. \u201eSweeney Todd\u201c von Stephen Sondheim (Musik und Gesangstexte) und Buch-Autor Hugh Wheeler ist daf\u00fcr ein interessantes Beispiel. Die New Yorker Premiere bescherte dem Kreativteam immerhin einen mittelpr\u00e4chtigen Erfolg. Viele Jahre d\u00fcmpelte das St\u00fcck auf deutschen B\u00fchnen dann aber in einer Repertoire-Nische zwischen Oper und Musical mit raren Auff\u00fchrungszahlen. Erst j\u00fcngst startet die blutgetr\u00e4nkte M\u00e4r vom Barbier aus der Londoner Fleet Street hierzulande durch und [&hellip;]<\/p>\n","protected":false},"author":4,"featured_media":9112,"comment_status":"closed","ping_status":"closed","sticky":false,"template":"","format":"standard","meta":{"tpgb_global_settings":"","footnotes":""},"categories":[130],"tags":[],"class_list":["post-9117","post","type-post","status-publish","format-standard","has-post-thumbnail","hentry","category-berlin"],"tpgb_featured_images":{"full":["https:\/\/www.musical-today.de\/wp-content\/uploads\/2024\/11\/7456_1782_kob_swto_jan_windszus_11132024_verbessert_nr-scaled-e1732036762416.jpg",1860,1242,false],"tp-image-grid":["https:\/\/www.musical-today.de\/wp-content\/uploads\/2024\/11\/7456_1782_kob_swto_jan_windszus_11132024_verbessert_nr-scaled-e1732036762416-700x700.jpg",700,700,true],"thumbnail":["https:\/\/www.musical-today.de\/wp-content\/uploads\/2024\/11\/7456_1782_kob_swto_jan_windszus_11132024_verbessert_nr-scaled-e1732036762416-600x401.jpg",600,401,true],"medium":["https:\/\/www.musical-today.de\/wp-content\/uploads\/2024\/11\/7456_1782_kob_swto_jan_windszus_11132024_verbessert_nr-scaled-e1732036762416-1200x801.jpg",1200,801,true],"medium_large":["https:\/\/www.musical-today.de\/wp-content\/uploads\/2024\/11\/7456_1782_kob_swto_jan_windszus_11132024_verbessert_nr-scaled-e1732036762416-949x634.jpg",770,514,true],"large":["https:\/\/www.musical-today.de\/wp-content\/uploads\/2024\/11\/7456_1782_kob_swto_jan_windszus_11132024_verbessert_nr-1920x2643.jpg",1139,1568,true],"default":"https:\/\/www.musical-today.de\/wp-content\/plugins\/the-plus-addons-for-block-editor\/assets\/images\/tpgb-placeholder.jpg"},"tpgb_post_meta_info":{"get_date":"19.11.2024","get_modified_date":"15.04.2025","category_list":{"category":[{"term_id":130,"name":"Berlin","slug":"berlin","term_group":0,"term_taxonomy_id":130,"taxonomy":"category","description":"","parent":19,"count":27,"filter":"raw","term_order":"9"}],"post_tag":false,"post_format":false},"author_name":"J\u00fcrgen Rickert","author_url":"https:\/\/www.musical-today.de\/en\/autor\/juergenrickert\/","author_email":"maail@valentinboesing.de","author_website":"","author_description":"Redakteur, Journalist, PR-Manager, P\u00e4dagoge. Arbeit in s\u00e4mtlichen Medien, mit Schwerpunkt Musiktheater-Rezensionen. Mitinitiator verschiedener internationaler Formate der UNESCO wie Euro-Arabischer Dialog, Deutsch-Afrikanische Jugendakademie, Climate Action Network. Dramaturgie und Produktionsleitung, z. B. \"Wohin gehst Du\" (Tanzprojekt), \"Gelbe Ohrfeigen\" (ARTE), Entwicklung des mehrfach interkontinental durchgef\u00fchrten Konzepts \"From Head to Heart\" mit szenischen Installationen.","author_facebook":"","author_twitter":"","author_instagram":"","author_role":["redakteur","author","editor","redaktionsteam"],"author_firstname":"J\u00fcrgen","author_lastname":"Rickert","user_login":"hjr","author_avatar":"<img src=\"https:\/\/www.musical-today.de\/wp-content\/uploads\/2024\/01\/cropped-Bildschirmfoto-2024-01-21-um-09.35.54-293x293.jpeg\" width=\"200\" height=\"200\" alt=\"J\u00fcrgen Rickert\" class=\"avatar avatar-200 wp-user-avatar wp-user-avatar-200 alignnone photo\" \/>","author_avatar_url":"https:\/\/www.musical-today.de\/wp-content\/uploads\/2024\/01\/cropped-Bildschirmfoto-2024-01-21-um-09.35.54.jpeg","comment_count":0,"post_likes":0,"post_views":0},"tpgb_post_category":{"category":"<a href=\"https:\/\/www.musical-today.de\/en\/deutschland\/berlin\/\" alt=\"Berlin\"  class=\"category-berlin\">Berlin<\/a> "},"_links":{"self":[{"href":"https:\/\/www.musical-today.de\/en\/wp-json\/wp\/v2\/posts\/9117","targetHints":{"allow":["GET"]}}],"collection":[{"href":"https:\/\/www.musical-today.de\/en\/wp-json\/wp\/v2\/posts"}],"about":[{"href":"https:\/\/www.musical-today.de\/en\/wp-json\/wp\/v2\/types\/post"}],"author":[{"embeddable":true,"href":"https:\/\/www.musical-today.de\/en\/wp-json\/wp\/v2\/users\/4"}],"replies":[{"embeddable":true,"href":"https:\/\/www.musical-today.de\/en\/wp-json\/wp\/v2\/comments?post=9117"}],"version-history":[{"count":0,"href":"https:\/\/www.musical-today.de\/en\/wp-json\/wp\/v2\/posts\/9117\/revisions"}],"wp:featuredmedia":[{"embeddable":true,"href":"https:\/\/www.musical-today.de\/en\/wp-json\/wp\/v2\/media\/9112"}],"wp:attachment":[{"href":"https:\/\/www.musical-today.de\/en\/wp-json\/wp\/v2\/media?parent=9117"}],"wp:term":[{"taxonomy":"category","embeddable":true,"href":"https:\/\/www.musical-today.de\/en\/wp-json\/wp\/v2\/categories?post=9117"},{"taxonomy":"post_tag","embeddable":true,"href":"https:\/\/www.musical-today.de\/en\/wp-json\/wp\/v2\/tags?post=9117"}],"curies":[{"name":"wp","href":"https:\/\/api.w.org\/{rel}","templated":true}]}}