{"id":9181,"date":"2024-11-30T13:36:09","date_gmt":"2024-11-30T12:36:09","guid":{"rendered":"https:\/\/www.musical-today.de\/?p=9181"},"modified":"2025-04-15T14:28:19","modified_gmt":"2025-04-15T12:28:19","slug":"muenchen-eine-weihnachtsgeschichte","status":"publish","type":"post","link":"https:\/\/www.musical-today.de\/en\/muenchen-eine-weihnachtsgeschichte\/","title":{"rendered":"Eine Weihnachtsgeschichte"},"content":{"rendered":"<div class=\"lets-info-up-wrap  lets-info-up--right lets-info-up--m-1 lets-info-up-skin-3 lets-info-up--side lets-info-up-37395\" style=\"background:#fafafa; color: #616161\">\t\t\t<div class=\"lets-info-up\">\r\n\t\t\t<div class=\"lets-info-up-fi\"><img decoding=\"async\" width=\"500\" height=\"375\" src=\"https:\/\/www.musical-today.de\/wp-content\/uploads\/visual-portfolio\/placeholder-500x375.png\" class=\"attachment-lets-info-up-d1 size-lets-info-up-d1\" alt=\"|\" srcset=\"https:\/\/www.musical-today.de\/wp-content\/uploads\/visual-portfolio\/placeholder-500x375.png 500w, https:\/\/www.musical-today.de\/wp-content\/uploads\/visual-portfolio\/placeholder-300x225.png 300w, https:\/\/www.musical-today.de\/wp-content\/uploads\/visual-portfolio\/placeholder-1024x767.png 1024w, https:\/\/www.musical-today.de\/wp-content\/uploads\/visual-portfolio\/placeholder-883x662.png 883w, https:\/\/www.musical-today.de\/wp-content\/uploads\/visual-portfolio\/placeholder-16x12.png 16w, https:\/\/www.musical-today.de\/wp-content\/uploads\/visual-portfolio\/placeholder-800x600.png 800w, https:\/\/www.musical-today.de\/wp-content\/uploads\/visual-portfolio\/placeholder.png 1201w\" sizes=\"(max-width: 500px) 100vw, 500px\" title=\"\"><\/div>\t\t\t<div class=\"lets-info-up-block-wrap\">\r\n\t\t\t\t<div class=\"lets-info-up-block lets-info-up-meta-block\"><div class=\"lets-info-up-meta-title lets-info-up-pretitle font-h\" style=\"color: #8c6d18;\">Ort<\/div><div class=\"lets-info-up-meta-content lets-info-up-title font-b\">Deutsches Theater M\u00fcnchen<\/div><\/div><div class=\"lets-info-up-block lets-info-up-meta-block\"><div class=\"lets-info-up-meta-title lets-info-up-pretitle font-h\" style=\"color: #8c6d18;\">VON<\/div><div class=\"lets-info-up-meta-content lets-info-up-title font-b\">Michael Schanze (Musik)<br>Christian Berg (Buch)<br>Christian Berg und Michael Schanze (Gesangstexte)<\/div><\/div><div class=\"lets-info-up-block lets-info-up-meta-block\"><div class=\"lets-info-up-meta-title lets-info-up-pretitle font-h\" style=\"color: #8c6d18;\">Regie<\/div><div class=\"lets-info-up-meta-content lets-info-up-title font-b\">Christoph Weyers<\/div><\/div><div class=\"lets-info-up-block lets-info-up-meta-block\"><div class=\"lets-info-up-meta-title lets-info-up-pretitle font-h\" style=\"color: #8c6d18;\">Urauff\u00fchrung<\/div><div class=\"lets-info-up-meta-content lets-info-up-title font-b\">2014<\/div><\/div><div class=\"lets-info-up-block lets-info-up-meta-block\"><div class=\"lets-info-up-meta-title lets-info-up-pretitle font-h\" style=\"color: #8c6d18;\">INFOS<\/div><div class=\"lets-info-up-meta-content lets-info-up-title font-b\"><a href=\"https:\/\/showslot.com\/weihnachtsgeschichte\/\" target=\"_blank\" rel=\"noopener noreferrer nofollow\">www.showslot.com\/weihnachtsgeschichte\/<\/a><\/div><\/div>\t\t\t<\/div>\r\n\t\t\t<\/div>\r\n\t\t<\/div>\r\n\t\t\n\n\n<p><strong>Charles Dickens\u2019 \u201eWeihnachtsgeschichte\u201c sorgt auf Tour f\u00fcr Advents-Stimmung<\/strong><\/p>\n\n\n\n<p>\u201eDie vielleicht ber\u00fchmteste Weihnachtsgeschichte neben der Bibel\u201c \u2013 so l\u00e4sst sich Charles Dickens \u201eA Christmas Carol\u201c wohl ohne \u00dcbertreibung bezeichnen. In zahlreichen Verfilmungen schl\u00fcpften Schauspielgr\u00f6\u00dfen wie Patrick Stewart, Michael Caine oder Jim Carey ins Kost\u00fcm des griesgr\u00e4migen Ebenezer Scrooge, f\u00fcr den Weihnacht einfach nur Humbug ist. Und auch auf der Musicalb\u00fchne erfreut sich der Stoff anhaltender Beliebtheit. 2014 machten sich Christian Berg und Michael Schanze daran, \u201eEine Weihnachtsgeschichte\u201c als unterhaltsames Familienmusical neu aufzubereiten. Ihre Version tourt nun in einer leicht \u00fcberarbeiteten Fassung wieder durch die Republik.<\/p>\n\n\n\n<p>Dass zur Adventszeit ein bisschen Kitsch und Nostalgie dazugeh\u00f6ren, wei\u00df nat\u00fcrlich auch Regisseur Christoph Weyers. Als sein eigener B\u00fchnenbildner hat er einen detailverliebten Londoner Stra\u00dfenzug des 19. Jahrhunderts nachgebaut und l\u00e4sst davor die Schneemaschine ordentlich rieseln. Schon beim Betreten des Theaters h\u00f6rt man Schlittengl\u00f6ckchen aus der Ferne und Markschreier, die ihren Punsch oder hei\u00dfe Maronen anpreisen. Das sorgt bereits vor Showbeginn f\u00fcr die n\u00f6tige Vorfreude. Immun gegen die selige Adventsstimmung ist lediglich Ebenezer Scrooge: ein alter Miesepeter, dem in der Weihnachtsnacht drei Geister erscheinen, um ihn schnell wieder auf den rechten Weg zu f\u00fchren.<\/p>\n\n\n<div  class=\"tpgb-wrap-956d14_9181  tpgb-wrap-fw \"  ><div id=\"956d14_9181\" class=\"tpgb-block-956d14_9181 tpgb-relative-block tpgb-gallery-list tpgb-metro gallery-style-2 hover-image-style-1   \" data-style=\"style-2\" data-id=\"956d14_9181\" data-layout=\"metro\" data-fancy-option='{\"loop\":false,\"thumb\":\"no\",\"infobar\":true,\"arrows\":true,\"transitionEffect\":\"slide\",\"button\":[\"close\"]}' data-splide='\"\"' data-metroAttr= '{\"metro_col\":3,\"tab_metro_col\":3,\"mobile_metro_col\":3,\"metro_style\":\"style-1\",\"tab_metro_style\":\"style-1\",\"mobile_metro_style\":\"style-1\"}' ><div class=\"tpgb-row post-loop-inner \"><div class=\"grid-item metro-item-0    tpgb-metro-1  tpgb-tab-metro-1  tpgb-mobile-metro-1 \"><a href=\"https:\/\/www.musical-today.de\/wp-content\/uploads\/2024\/11\/Eine-Weihnachtsgeschichte-2024-Credit-Jens-Ochmann_Foto-4-scaled.jpg\" class=\"tpgb-gallery-list-content tpgb-trans-easeinout\" data-fancybox=\"956d14_9181\" data-caption=\"Foto: Jens Ochmann\" aria-label=\"Foto: Jens Ochmann\"><div class=\"post-content-image\"><div class=\"tpgb-metro-gallery-image\" style=\"background: url(https:\/\/www.musical-today.de\/wp-content\/uploads\/2024\/11\/Eine-Weihnachtsgeschichte-2024-Credit-Jens-Ochmann_Foto-4-scaled.jpg);\"><\/div><\/div><div class=\"post-content-center\"><div class=\"post-zoom-icon\"><div class=\"meta-search-icon\"><span><img decoding=\"async\" class=\"fancy-img\" src=\"https:\/\/www.musical-today.de\/wp-content\/uploads\/2024\/11\/Eine-Weihnachtsgeschichte-2024-Credit-Jens-Ochmann_Foto-4-scaled.jpg\" alt=\"Media Image1\" title=\"\"><i class=\"fas fa-search-plus pop-icon\"><\/i><\/span><\/div><\/div><div class=\"post-content-bottom\"><p class=\"post-title tpgb-trans-easeinout\">Foto: Jens Ochmann<\/p><\/div><\/div><\/a><\/div><div class=\"grid-item metro-item-1    tpgb-metro-2  tpgb-tab-metro-2  tpgb-mobile-metro-2 \"><a href=\"https:\/\/www.musical-today.de\/wp-content\/uploads\/2024\/11\/Eine-Weihnachtsgeschichte-2024-Credit-Jens-Ochmann_Foto-3-scaled.jpg\" class=\"tpgb-gallery-list-content tpgb-trans-easeinout\" data-fancybox=\"956d14_9181\" data-caption=\"Foto: Jens Ochmann\" aria-label=\"Foto: Jens Ochmann\"><div class=\"post-content-image\"><div class=\"tpgb-metro-gallery-image\" style=\"background: url(https:\/\/www.musical-today.de\/wp-content\/uploads\/2024\/11\/Eine-Weihnachtsgeschichte-2024-Credit-Jens-Ochmann_Foto-3-scaled.jpg);\"><\/div><\/div><div class=\"post-content-center\"><div class=\"post-zoom-icon\"><div class=\"meta-search-icon\"><span><img decoding=\"async\" class=\"fancy-img\" src=\"https:\/\/www.musical-today.de\/wp-content\/uploads\/2024\/11\/Eine-Weihnachtsgeschichte-2024-Credit-Jens-Ochmann_Foto-3-scaled.jpg\" alt=\"Media Image2\" title=\"\"><i class=\"fas fa-search-plus pop-icon\"><\/i><\/span><\/div><\/div><div class=\"post-content-bottom\"><p class=\"post-title tpgb-trans-easeinout\">Foto: Jens Ochmann<\/p><\/div><\/div><\/a><\/div><div class=\"grid-item metro-item-2    tpgb-metro-3  tpgb-tab-metro-3  tpgb-mobile-metro-3 \"><a href=\"https:\/\/www.musical-today.de\/wp-content\/uploads\/2024\/11\/Eine-Weihnachtsgeschichte-2024-Credit-Jens-Ochmann_Foto-1-scaled.jpg\" class=\"tpgb-gallery-list-content tpgb-trans-easeinout\" data-fancybox=\"956d14_9181\" data-caption=\"Foto: Jens Ochmann\" aria-label=\"Foto: Jens Ochmann\"><div class=\"post-content-image\"><div class=\"tpgb-metro-gallery-image\" style=\"background: url(https:\/\/www.musical-today.de\/wp-content\/uploads\/2024\/11\/Eine-Weihnachtsgeschichte-2024-Credit-Jens-Ochmann_Foto-1-scaled.jpg);\"><\/div><\/div><div class=\"post-content-center\"><div class=\"post-zoom-icon\"><div class=\"meta-search-icon\"><span><img decoding=\"async\" class=\"fancy-img\" src=\"https:\/\/www.musical-today.de\/wp-content\/uploads\/2024\/11\/Eine-Weihnachtsgeschichte-2024-Credit-Jens-Ochmann_Foto-1-scaled.jpg\" alt=\"Media Image3\" title=\"\"><i class=\"fas fa-search-plus pop-icon\"><\/i><\/span><\/div><\/div><div class=\"post-content-bottom\"><p class=\"post-title tpgb-trans-easeinout\">Foto: Jens Ochmann<\/p><\/div><\/div><\/a><\/div><\/div><\/div><\/div>\n\n\n<p>Diese Paraderolle teilen sich in der aktuellen Tour Holger Hauer und Uwe Kr\u00f6ger, der in der besuchten Vorstellung im Deutschen Theater M\u00fcnchen mit gro\u00dfer Spielfreude die muffige Spa\u00dfbremse herauskehrt. Vor allem das junge Publikum hat seine Freude an den mit gro\u00dfer Geste ausgestellten Gags. Kr\u00f6ger spielt und singt oft f\u00fcr die Pl\u00e4tze im oberen Rang, doch wei\u00df er sich wenn n\u00f6tig auch von seiner gef\u00fchlvollen Seite zu zeigen. Etwa dann, wenn der Geist der vergangenen Weihnacht ihn noch einmal den Verlust seiner gro\u00dfen Liebe Bella durchleiden l\u00e4sst und Scrooge als gebrochener Mann zur\u00fcckbleibt. Eine Szene, die umso mehr in Herz trifft, weil zuvor Nadine K\u00fchn als durchgeknallter Weihnachtsgeist eine temporeiche Revuenummer anf\u00fchrt, f\u00fcr die Michael Schanze seine Zutaten in der Goldenen \u00c4ra des Broadway fand und das ganze anschlie\u00dfend noch mit ordentlich Zuckerguss und bunten Streuseln verzierte.<\/p>\n\n\n\n<p>Andere musikalische Einfl\u00fcsse finden sich u.a. bei den gro\u00dfen Disney-Klassikern wie \u201eDie Sch\u00f6ne und das Biest\u201c \u2013 wenn etwa pl\u00f6tzlich eine Stra\u00dfenlaterne und eine T\u00fcr unvermittelt zum Leben erwachen und dann ebenso schnell wieder aus der Handlung verschwinden. Obwohl das alles \u00e4u\u00dferst kurzweilig vorbeirauscht, findet sich da schon auch einiges an F\u00fcllmaterial. Wobei man dem 14-k\u00f6pfigen Ensemble unbedingt ein Kompliment aussprechen muss. Denn fast alle sind hier gleich in zwei oder mehr Rollen zu erleben, was neben raschen Kost\u00fcmwechseln auch gro\u00dfe Wandlungsf\u00e4higkeit abverlangt. Hervorheben muss man vor allem Esther Konzett, die als Tiny Tim die Herzen des Publikums erweicht, und Tim Al-Windawe, der als Bob Cratchit das warmherzige Gegengewicht zum gef\u00fchlskalten Scrooge bildet.<\/p>\n\n\n\n<p>Ein Wermutstropfen bleibt dagegen wie so oft bei ShowSlot-Produktionen wieder einmal die Beschallung. Denn die aus der Konserve zugespielte Band knallt an vielen Stellen wenig besinnlich aus den Lautsprecherboxen und deckt den Gesang mehr als einmal zu. Und das hat sich dieses hoch motivierte Ensemble gerade zum Frohen Fest nun wirklich nicht verdient.<\/p>\n\n\n\n<p>\u00a0 \u00a0<\/p>\n\n\n\n<hr class=\"wp-block-separator has-alpha-channel-opacity is-style-dots\"\/>\n\n\n\n<p class=\"has-small-font-size\">Regie und B\u00fchne: Christoph Weyers \u2022 Choreografie: Natalie Holtom \u2022 Kost\u00fcme: Thomas Dohm \u2022 Musical Supervisor: Pascal Kierdorf \u2022 Mit: Uwe Kr\u00f6ger (Ebenezer Scrooge), Nadine K\u00fchn (1.Geist\/Mrs. Quitt u.a.), Robert Schmelcher (Jacob Marley\/Mr. Fezziwig u.a.), Tim Al-Windawe (Bob Cratchit u.a.), Esther Konzett (Tiny Tim u.a.), Eva Sch\u00fctz (Newsgirl u.a.), Simon Staiger (Alfred Miller\/T\u00fcr u.a.), Torben Bach (2. Geist\/Junger Scrooge u.a.), Julia Werbick (Mrs. Cratchit\/Mrs. Fezziwig u.a.), Anna Lucia Faradi (Stra\u00dfenlaterne u.a.), Katharina Schmitz (Bella u.a.), Merline Kramer (3. Geist\/Mrs. Quatt u.a.) u.a.<\/p>\n\n\n\n<p class=\"has-small-font-size\">Aufmacherfoto: Jens Ochmann<\/p>\n","protected":false},"excerpt":{"rendered":"<p>Charles Dickens\u2019 \u201eWeihnachtsgeschichte\u201c sorgt auf Tour f\u00fcr Advents-Stimmung \u201eDie vielleicht ber\u00fchmteste Weihnachtsgeschichte neben der Bibel\u201c \u2013 so l\u00e4sst sich Charles Dickens \u201eA Christmas Carol\u201c wohl ohne \u00dcbertreibung bezeichnen. In zahlreichen Verfilmungen schl\u00fcpften Schauspielgr\u00f6\u00dfen wie Patrick Stewart, Michael Caine oder Jim Carey ins Kost\u00fcm des griesgr\u00e4migen Ebenezer Scrooge, f\u00fcr den Weihnacht einfach nur Humbug ist. Und auch auf der Musicalb\u00fchne erfreut sich der Stoff anhaltender Beliebtheit. 2014 machten sich Christian Berg und Michael Schanze daran, \u201eEine Weihnachtsgeschichte\u201c als unterhaltsames Familienmusical neu [&hellip;]<\/p>\n","protected":false},"author":38,"featured_media":9178,"comment_status":"closed","ping_status":"closed","sticky":false,"template":"","format":"standard","meta":{"tpgb_global_settings":"","footnotes":""},"categories":[98],"tags":[],"class_list":["post-9181","post","type-post","status-publish","format-standard","has-post-thumbnail","hentry","category-muenchen"],"tpgb_featured_images":{"full":["https:\/\/www.musical-today.de\/wp-content\/uploads\/2024\/11\/Eine-Weihnachtsgeschichte-2024-Credit-Jens-Ochmann_Foto-2-scaled.jpg",2560,1707,false],"tp-image-grid":["https:\/\/www.musical-today.de\/wp-content\/uploads\/2024\/11\/Eine-Weihnachtsgeschichte-2024-Credit-Jens-Ochmann_Foto-2-700x700.jpg",700,700,true],"thumbnail":["https:\/\/www.musical-today.de\/wp-content\/uploads\/2024\/11\/Eine-Weihnachtsgeschichte-2024-Credit-Jens-Ochmann_Foto-2-600x400.jpg",600,400,true],"medium":["https:\/\/www.musical-today.de\/wp-content\/uploads\/2024\/11\/Eine-Weihnachtsgeschichte-2024-Credit-Jens-Ochmann_Foto-2-1200x800.jpg",1200,800,true],"medium_large":["https:\/\/www.musical-today.de\/wp-content\/uploads\/2024\/11\/Eine-Weihnachtsgeschichte-2024-Credit-Jens-Ochmann_Foto-2-949x633.jpg",770,514,true],"large":["https:\/\/www.musical-today.de\/wp-content\/uploads\/2024\/11\/Eine-Weihnachtsgeschichte-2024-Credit-Jens-Ochmann_Foto-2-1920x1280.jpg",1139,759,true],"default":"https:\/\/www.musical-today.de\/wp-content\/plugins\/the-plus-addons-for-block-editor\/assets\/images\/tpgb-placeholder.jpg"},"tpgb_post_meta_info":{"get_date":"30.11.2024","get_modified_date":"15.04.2025","category_list":{"category":[{"term_id":98,"name":"M\u00fcnchen","slug":"muenchen","term_group":0,"term_taxonomy_id":98,"taxonomy":"category","description":"","parent":19,"count":15,"filter":"raw","term_order":"68"}],"post_tag":false,"post_format":false},"author_name":"Tobias Hell","author_url":"https:\/\/www.musical-today.de\/en\/autor\/tobiashell\/","author_email":"temporary-remove0bz1HII6jAFYMA3@tmp.com","author_website":"","author_description":"hatte sein erstes Theatererlebnis im Alter von 15 Jahren mit dem \u201ePhantom der Oper\u201c in Wien, seine erste Oper folgte ein Jahr darauf mit Mozarts \u201eEntf\u00fchrung aus dem Serail\u201c in M\u00fcnchen. Nach dem Studium war er zun\u00e4chst als Dramaturg t\u00e4tig. Inzwischen unterrichtet er am Institut f\u00fcr Theaterwissenschaft der LMU und schreibt f\u00fcr verschiedene Tageszeitungen und Musikmagazine. Den Sommer verbringt er am liebsten in Bayreuth.\r\n(Foto: Jean-Marc Turmes)","author_facebook":"","author_twitter":"","author_instagram":"","author_role":["author"],"author_firstname":"Tobias","author_lastname":"Hell","user_login":"tobiashell","author_avatar":"<img src=\"https:\/\/www.musical-today.de\/wp-content\/uploads\/2024\/03\/Autor_Hell-293x293.jpg\" width=\"200\" height=\"200\" alt=\"Tobias Hell\" class=\"avatar avatar-200 wp-user-avatar wp-user-avatar-200 alignnone photo\" \/>","author_avatar_url":"https:\/\/www.musical-today.de\/wp-content\/uploads\/2024\/03\/Autor_Hell.jpg","comment_count":0,"post_likes":0,"post_views":0},"tpgb_post_category":{"category":"<a href=\"https:\/\/www.musical-today.de\/en\/deutschland\/muenchen\/\" alt=\"M\u00fcnchen\"  class=\"category-muenchen\">M\u00fcnchen<\/a> "},"_links":{"self":[{"href":"https:\/\/www.musical-today.de\/en\/wp-json\/wp\/v2\/posts\/9181","targetHints":{"allow":["GET"]}}],"collection":[{"href":"https:\/\/www.musical-today.de\/en\/wp-json\/wp\/v2\/posts"}],"about":[{"href":"https:\/\/www.musical-today.de\/en\/wp-json\/wp\/v2\/types\/post"}],"author":[{"embeddable":true,"href":"https:\/\/www.musical-today.de\/en\/wp-json\/wp\/v2\/users\/38"}],"replies":[{"embeddable":true,"href":"https:\/\/www.musical-today.de\/en\/wp-json\/wp\/v2\/comments?post=9181"}],"version-history":[{"count":0,"href":"https:\/\/www.musical-today.de\/en\/wp-json\/wp\/v2\/posts\/9181\/revisions"}],"wp:featuredmedia":[{"embeddable":true,"href":"https:\/\/www.musical-today.de\/en\/wp-json\/wp\/v2\/media\/9178"}],"wp:attachment":[{"href":"https:\/\/www.musical-today.de\/en\/wp-json\/wp\/v2\/media?parent=9181"}],"wp:term":[{"taxonomy":"category","embeddable":true,"href":"https:\/\/www.musical-today.de\/en\/wp-json\/wp\/v2\/categories?post=9181"},{"taxonomy":"post_tag","embeddable":true,"href":"https:\/\/www.musical-today.de\/en\/wp-json\/wp\/v2\/tags?post=9181"}],"curies":[{"name":"wp","href":"https:\/\/api.w.org\/{rel}","templated":true}]}}