{"id":9280,"date":"2024-12-18T05:36:32","date_gmt":"2024-12-18T04:36:32","guid":{"rendered":"https:\/\/www.musical-today.de\/?p=9280"},"modified":"2025-04-15T14:28:19","modified_gmt":"2025-04-15T12:28:19","slug":"esslingen-once","status":"publish","type":"post","link":"https:\/\/www.musical-today.de\/en\/esslingen-once\/","title":{"rendered":"Once"},"content":{"rendered":"<div class=\"lets-info-up-wrap  lets-info-up--right lets-info-up--m-1 lets-info-up-skin-3 lets-info-up--side lets-info-up-32406\" style=\"background:#fafafa; color: #616161\">\t\t\t<div class=\"lets-info-up\">\r\n\t\t\t<div class=\"lets-info-up-fi\"><img decoding=\"async\" width=\"500\" height=\"333\" src=\"https:\/\/www.musical-today.de\/wp-content\/uploads\/2024\/01\/qi-addons-for-elementor-placeholder-500x333.png\" class=\"attachment-lets-info-up-d1 size-lets-info-up-d1\" alt=\"|\" srcset=\"https:\/\/www.musical-today.de\/wp-content\/uploads\/2024\/01\/qi-addons-for-elementor-placeholder-500x333.png 500w, https:\/\/www.musical-today.de\/wp-content\/uploads\/2024\/01\/qi-addons-for-elementor-placeholder-300x200.png 300w, https:\/\/www.musical-today.de\/wp-content\/uploads\/2024\/01\/qi-addons-for-elementor-placeholder-1024x683.png 1024w, https:\/\/www.musical-today.de\/wp-content\/uploads\/2024\/01\/qi-addons-for-elementor-placeholder-883x589.png 883w, https:\/\/www.musical-today.de\/wp-content\/uploads\/2024\/01\/qi-addons-for-elementor-placeholder-18x12.png 18w, https:\/\/www.musical-today.de\/wp-content\/uploads\/2024\/01\/qi-addons-for-elementor-placeholder-360x240.png 360w, https:\/\/www.musical-today.de\/wp-content\/uploads\/2024\/01\/qi-addons-for-elementor-placeholder-1155x770.png 1155w, https:\/\/www.musical-today.de\/wp-content\/uploads\/2024\/01\/qi-addons-for-elementor-placeholder-370x247.png 370w, https:\/\/www.musical-today.de\/wp-content\/uploads\/2024\/01\/qi-addons-for-elementor-placeholder-770x513.png 770w, https:\/\/www.musical-today.de\/wp-content\/uploads\/2024\/01\/qi-addons-for-elementor-placeholder-293x195.png 293w, https:\/\/www.musical-today.de\/wp-content\/uploads\/2024\/01\/qi-addons-for-elementor-placeholder-120x80.png 120w, https:\/\/www.musical-today.de\/wp-content\/uploads\/2024\/01\/qi-addons-for-elementor-placeholder-240x160.png 240w, https:\/\/www.musical-today.de\/wp-content\/uploads\/2024\/01\/qi-addons-for-elementor-placeholder-390x260.png 390w, https:\/\/www.musical-today.de\/wp-content\/uploads\/2024\/01\/qi-addons-for-elementor-placeholder.png 1200w\" sizes=\"(max-width: 500px) 100vw, 500px\" title=\"\"><\/div>\t\t\t<div class=\"lets-info-up-block-wrap\">\r\n\t\t\t\t<div class=\"lets-info-up-block lets-info-up-meta-block\"><div class=\"lets-info-up-meta-title lets-info-up-pretitle font-h\" style=\"color: #8c6d18;\">oRT<\/div><div class=\"lets-info-up-meta-content lets-info-up-title font-b\">W\u00fcrttembergische Landesb\u00fchne Esslingen<\/div><\/div><div class=\"lets-info-up-block lets-info-up-meta-block\"><div class=\"lets-info-up-meta-title lets-info-up-pretitle font-h\" style=\"color: #8c6d18;\">von<\/div><div class=\"lets-info-up-meta-content lets-info-up-title font-b\">Glen Hansard und Mark\u00e9ta Irglov\u00e1 (Musik und Gesangstexte)<br>Enda Walsh (Buch)<\/div><\/div><div class=\"lets-info-up-block lets-info-up-meta-block\"><div class=\"lets-info-up-meta-title lets-info-up-pretitle font-h\" style=\"color: #8c6d18;\">Regie<\/div><div class=\"lets-info-up-meta-content lets-info-up-title font-b\">Andreas Kloos<\/div><\/div><div class=\"lets-info-up-block lets-info-up-meta-block\"><div class=\"lets-info-up-meta-title lets-info-up-pretitle font-h\" style=\"color: #8c6d18;\">Urauff\u00fchrung<\/div><div class=\"lets-info-up-meta-content lets-info-up-title font-b\">2011<\/div><\/div><div class=\"lets-info-up-block lets-info-up-meta-block\"><div class=\"lets-info-up-meta-title lets-info-up-pretitle font-h\" style=\"color: #8c6d18;\">INFOS<\/div><div class=\"lets-info-up-meta-content lets-info-up-title font-b\"><a href=\"https:\/\/wlb-esslingen.de\/once\" target=\"_blank\" rel=\"noopener noreferrer nofollow\">www.wlb-esslingen.de<\/a><\/div><\/div>\t\t\t<\/div>\r\n\t\t\t<\/div>\r\n\t\t<\/div>\r\n\t\t\n\n\n<p><strong>Irischer Folk-Rock und sympathische Underdogs in \u201eOnce\u201c<\/strong><\/p>\n\n\n\n<p>Nach der deutschen Erstauff\u00fchrung 2021 in Hamburg scheint die Esslinger Produktion von \u201eOnce\u201c tats\u00e4chlich erst die zweite Inszenierung des mehrfach Tony-gekr\u00f6nten \u201eBest Musical\u201c aus dem Jahr 2012 hierzulande zu sein. Warum es so lange gedauert hat, bis es die bitters\u00fc\u00dfe Liebesgeschichte um einen desillusionierten Stra\u00dfenmusiker und eine Klavierspielerin \u00fcberhaupt auf unsere B\u00fchnen geschafft hat, bleibt ein R\u00e4tsel. Schlie\u00dflich war der gleichnamige Independent-Film auch bei uns ein gro\u00dfer Erfolg, das Lied \u201eFalling Slowly\u201c gewann sogar den Oscar als bester Filmsong. Vielleicht ist die Besetzung f\u00fcr das deutsche Theatersystem noch zu ungew\u00f6hnlich, denn wie in London oder am Broadway schon \u00f6fter praktiziert, spielen hier die Darstellerinnen und Darsteller auch s\u00e4mtliche Instrumente. Die furchtlosen Multitalente der Esslinger Landesb\u00fchne nehmen diese Herausforderung locker an, s\u00e4mtliche Mitwirkende \u00fcbernehmen eines oder mehrere Instrumente.<\/p>\n\n\n\n<p>Die zwei Hauptfiguren von \u201eOnce\u201c haben nicht einmal Namen \u2013 \u201eTyp\u201c und \u201eM\u00e4dchen\u201c hei\u00dfen sie auf der Besetzungsliste. Er wurde von seiner Freundin und vom Karrieregl\u00fcck verlassen, wohnt wieder beim Vater und repariert Staubsauger; sie lebt beengt mit Mutter und kleiner Tochter, verdient ihr Geld mit Gelegenheitsjobs. Sie sammelt ihn auf der Stra\u00dfe auf, als er sich gerade umbringen will, nervt ihn mit Fragen zu seiner Musik und ermuntert ihn schlie\u00dflich, die Songs aufzunehmen und es noch einmal zu versuchen \u2013 mit der Freundin und mit der Musik. Dass beide sich ineinander verlieben, gestehen sie sich kaum ein, ein Happy End gibt es nur f\u00fcr die Musik.<\/p>\n\n\n<div  class=\"tpgb-wrap-956d14_9280  tpgb-wrap-fw \"  ><div id=\"956d14_9280\" class=\"tpgb-block-956d14_9280 tpgb-relative-block tpgb-gallery-list tpgb-metro gallery-style-2 hover-image-style-1   \" data-style=\"style-2\" data-id=\"956d14_9280\" data-layout=\"metro\" data-fancy-option='{\"loop\":false,\"thumb\":\"no\",\"infobar\":true,\"arrows\":true,\"transitionEffect\":\"slide\",\"button\":[\"close\"]}' data-splide='\"\"' data-metroAttr= '{\"metro_col\":3,\"tab_metro_col\":3,\"mobile_metro_col\":3,\"metro_style\":\"style-1\",\"tab_metro_style\":\"style-1\",\"mobile_metro_style\":\"style-1\"}' ><div class=\"tpgb-row post-loop-inner \"><div class=\"grid-item metro-item-0    tpgb-metro-1  tpgb-tab-metro-1  tpgb-mobile-metro-1 \"><a href=\"https:\/\/www.musical-today.de\/wp-content\/uploads\/2024\/12\/once_7136-scaled-e1734706088606.jpg\" class=\"tpgb-gallery-list-content tpgb-trans-easeinout\" data-fancybox=\"956d14_9280\" data-caption=\"Foto: Patrick Pfeiffer f\u00fcr WLB\" aria-label=\"Foto: Patrick Pfeiffer f\u00fcr WLB\"><div class=\"post-content-image\"><div class=\"tpgb-metro-gallery-image\" style=\"background: url(https:\/\/www.musical-today.de\/wp-content\/uploads\/2024\/12\/once_7136-scaled-e1734706088606.jpg);\"><\/div><\/div><div class=\"post-content-center\"><div class=\"post-zoom-icon\"><div class=\"meta-search-icon\"><span><img decoding=\"async\" class=\"fancy-img\" src=\"https:\/\/www.musical-today.de\/wp-content\/uploads\/2024\/12\/once_7136-scaled-e1734706088606.jpg\" alt=\"Media Image1\" title=\"\"><i class=\"fas fa-search-plus pop-icon\"><\/i><\/span><\/div><\/div><div class=\"post-content-bottom\"><p class=\"post-title tpgb-trans-easeinout\">Foto: Patrick Pfeiffer f\u00fcr WLB<\/p><\/div><\/div><\/a><\/div><div class=\"grid-item metro-item-1    tpgb-metro-2  tpgb-tab-metro-2  tpgb-mobile-metro-2 \"><a href=\"https:\/\/www.musical-today.de\/wp-content\/uploads\/2024\/12\/once_6716-scaled-e1734706144269.jpg\" class=\"tpgb-gallery-list-content tpgb-trans-easeinout\" data-fancybox=\"956d14_9280\" data-caption=\"Foto: Patrick Pfeiffer f\u00fcr WLB\" aria-label=\"Foto: Patrick Pfeiffer f\u00fcr WLB\"><div class=\"post-content-image\"><div class=\"tpgb-metro-gallery-image\" style=\"background: url(https:\/\/www.musical-today.de\/wp-content\/uploads\/2024\/12\/once_6716-scaled-e1734706144269.jpg);\"><\/div><\/div><div class=\"post-content-center\"><div class=\"post-zoom-icon\"><div class=\"meta-search-icon\"><span><img decoding=\"async\" class=\"fancy-img\" src=\"https:\/\/www.musical-today.de\/wp-content\/uploads\/2024\/12\/once_6716-scaled-e1734706144269.jpg\" alt=\"Media Image2\" title=\"\"><i class=\"fas fa-search-plus pop-icon\"><\/i><\/span><\/div><\/div><div class=\"post-content-bottom\"><p class=\"post-title tpgb-trans-easeinout\">Foto: Patrick Pfeiffer f\u00fcr WLB<\/p><\/div><\/div><\/a><\/div><div class=\"grid-item metro-item-2    tpgb-metro-3  tpgb-tab-metro-3  tpgb-mobile-metro-3 \"><a href=\"https:\/\/www.musical-today.de\/wp-content\/uploads\/2024\/12\/once_6695-scaled-e1734706188725.jpg\" class=\"tpgb-gallery-list-content tpgb-trans-easeinout\" data-fancybox=\"956d14_9280\" data-caption=\"Foto: Patrick Pfeiffer f\u00fcr WLB\" aria-label=\"Foto: Patrick Pfeiffer f\u00fcr WLB\"><div class=\"post-content-image\"><div class=\"tpgb-metro-gallery-image\" style=\"background: url(https:\/\/www.musical-today.de\/wp-content\/uploads\/2024\/12\/once_6695-scaled-e1734706188725.jpg);\"><\/div><\/div><div class=\"post-content-center\"><div class=\"post-zoom-icon\"><div class=\"meta-search-icon\"><span><img decoding=\"async\" class=\"fancy-img\" src=\"https:\/\/www.musical-today.de\/wp-content\/uploads\/2024\/12\/once_6695-scaled-e1734706188725.jpg\" alt=\"Media Image3\" title=\"\"><i class=\"fas fa-search-plus pop-icon\"><\/i><\/span><\/div><\/div><div class=\"post-content-bottom\"><p class=\"post-title tpgb-trans-easeinout\">Foto: Patrick Pfeiffer f\u00fcr WLB<\/p><\/div><\/div><\/a><\/div><\/div><\/div><\/div>\n\n\n<p>Der irische Dramatiker Enda Walsh hat das Drehbuch auf Musical-L\u00e4nge erweitert, indem er vor allem die Nebenfiguren weiter ausbaute: die schr\u00e4gen tschechischen Mitbewohner des M\u00e4dchens, den Besitzer des Instrumentenladens oder den sehr lustigen Banker, von dem sich der Typ einen Kredit f\u00fcr die Miete des Aufnahmestudios ersingt. Manche Szenen h\u00e4tten nicht sein m\u00fcssen, aber die kurzen, manchmal recht exzentrischen Auftritte bilden einen sch\u00f6nen Kontrast zum melancholischen Zauber der ungewissen Beziehung zwischen den beiden Protagonisten.<\/p>\n\n\n\n<p>Die Songs stammen von Glen Hansard und Mark\u00e9ta Irglov\u00e1, den Hauptdarstellern des Films, f\u00fcr das Musical schrieben sie noch einige neue. Es ist Songwriter-Musik, meist im irischen Folkrock-Stil, manchmal auch mit tschechischen Folklore-Kl\u00e4ngen: w\u00fctende oder flehende Love-Songs, sprudelnde Instrumental-Nummern oder leise, in sich gekehrte Klavierballaden des M\u00e4dchens. \u00dcbersetzt wurden sie von Sabine Ruflair und immer wieder staunt man, wie perfekt die Lieder, obwohl sie nie aus der Handlung heraus, sondern quasi immer als \u201eAuftritte\u201c gesungen werden, in die Dialoge passen. Nicht nur der Hit \u201eFalling Slowly\u201c bleibt im Ohr.<\/p>\n\n\n\n<p>Der musikalische Leiter Leander Mangelsdorf hat die Songs f\u00fcr die Esslinger Besetzung aus u.a. Akustikgitarren, Klavier, Streichern, Querfl\u00f6te, E-Bass, Mandoline, Melodica und Percussion arrangiert. Alle zehn Darstellerinnen und Darsteller st\u00fcrzen sich mit Hingabe und Rhythmusgef\u00fchl in die Musik. Wer nicht auftritt oder Musik macht, sitzt am Rand, das B\u00fchnenbild von Esther B\u00e4tschmann funktioniert mit verschiebbaren Paneelen. Regisseur Andreas Kloos, Leiter der Norddeutschen Musicalakademie, setzt die Liebe subtil und die Nebenfiguren eher lustig und laut in Szene, das Timing des Abends stimmt perfekt.<\/p>\n\n\n\n<p>Felix Jeiter ist trotz der beachtlich gro\u00dfen Stimme als Stra\u00dfenmusiker kein strahlender Leading Man, sondern anfangs ein echter Loser, mutlos und resigniert. Feline Zimmermann kommt ihm einerseits streng, andererseits erfrischend nat\u00fcrlich entgegen, ihre Pers\u00f6nlichkeit verunsichert ihn und \u00fcberw\u00e4ltigt ihn dann. Die Spannung zwischen beiden steht sp\u00fcrbar im Raum, auch die Traurigkeit des Abschieds. Das gro\u00dfartige Ensemble macht dieses ungew\u00f6hnliche Musical zu einem so geerdeten wie voller Poesie l\u00e4chelnden Musical.\u00a0<\/p>\n\n\n\n<hr class=\"wp-block-separator has-alpha-channel-opacity is-style-dots\"\/>\n\n\n\n<p class=\"has-small-font-size\">Musikalische Leitung: Leander Mangelsdorf \u2022 Choreografie: Harald Kratochwil \u2022 Ausstattung: Esther B\u00e4tschmann \u2022 Mit: Felix Jeiter (Typ\/Gitarre, Sologesang), Feline Zimmermann (M\u00e4dchen\/Klavier, Sologesang), Markus Michalik (Billy\/Gitarre, Sologesang), Oliver Moumouris (Banker\/Pa\/Bratsche, Sologesang), Gesine Hannemann (Baruska\/Violine), Franziska Theiner (Ex-Girlfriend\/Reza\/Fl\u00f6te, Sologesang), Daniel Gro\u00dfk\u00e4mper (Andrej\/Bass), Leander Mangelsdorf (Svec\/Gitarre, Mandoline, Banjo, Melodica, Klavier), Florian Anger (Tonmeister\/Schlagzeug), Anna-Lena Stephan (MC\/Violine)<\/p>\n\n\n\n<p class=\"has-small-font-size\">Aufmacherfoto: Patrick Pfeiffer f\u00fcr WLB<\/p>\n","protected":false},"excerpt":{"rendered":"<p>Irischer Folk-Rock und sympathische Underdogs in \u201eOnce\u201c Nach der deutschen Erstauff\u00fchrung 2021 in Hamburg scheint die Esslinger Produktion von \u201eOnce\u201c tats\u00e4chlich erst die zweite Inszenierung des mehrfach Tony-gekr\u00f6nten \u201eBest Musical\u201c aus dem Jahr 2012 hierzulande zu sein. Warum es so lange gedauert hat, bis es die bitters\u00fc\u00dfe Liebesgeschichte um einen desillusionierten Stra\u00dfenmusiker und eine Klavierspielerin \u00fcberhaupt auf unsere B\u00fchnen geschafft hat, bleibt ein R\u00e4tsel. Schlie\u00dflich war der gleichnamige Independent-Film auch bei uns ein gro\u00dfer Erfolg, das Lied \u201eFalling Slowly\u201c gewann [&hellip;]<\/p>\n","protected":false},"author":19,"featured_media":9284,"comment_status":"closed","ping_status":"closed","sticky":false,"template":"","format":"standard","meta":{"tpgb_global_settings":"","footnotes":""},"categories":[205],"tags":[],"class_list":["post-9280","post","type-post","status-publish","format-standard","has-post-thumbnail","hentry","category-esslingen"],"tpgb_featured_images":{"full":["https:\/\/www.musical-today.de\/wp-content\/uploads\/2024\/12\/once_7641-scaled-e1734706040635.jpg",2560,1702,false],"tp-image-grid":["https:\/\/www.musical-today.de\/wp-content\/uploads\/2024\/12\/once_7641-scaled-e1734706040635-700x700.jpg",700,700,true],"thumbnail":["https:\/\/www.musical-today.de\/wp-content\/uploads\/2024\/12\/once_7641-scaled-e1734706040635-600x399.jpg",600,399,true],"medium":["https:\/\/www.musical-today.de\/wp-content\/uploads\/2024\/12\/once_7641-scaled-e1734706040635-1200x798.jpg",1200,798,true],"medium_large":["https:\/\/www.musical-today.de\/wp-content\/uploads\/2024\/12\/once_7641-scaled-e1734706040635-949x631.jpg",770,512,true],"large":["https:\/\/www.musical-today.de\/wp-content\/uploads\/2024\/12\/once_7641-scaled-e1734706040635-1920x1277.jpg",1139,758,true],"default":"https:\/\/www.musical-today.de\/wp-content\/plugins\/the-plus-addons-for-block-editor\/assets\/images\/tpgb-placeholder.jpg"},"tpgb_post_meta_info":{"get_date":"18.12.2024","get_modified_date":"15.04.2025","category_list":{"category":[{"term_id":205,"name":"Esslingen","slug":"esslingen","term_group":0,"term_taxonomy_id":205,"taxonomy":"category","description":"","parent":19,"count":1,"filter":"raw","term_order":"29"}],"post_tag":false,"post_format":false},"author_name":"Angela Reinhardt","author_url":"https:\/\/www.musical-today.de\/en\/autor\/angelareinhardt\/","author_email":"angelareinhardt@aol.com","author_website":"","author_description":"studierte in Stuttgart Germanistik und Romanistik und arbeitet seit 1990 als freie Kulturjournalistin. Sie schreibt vor allem \u00fcber Tanz und ist Mitautorin von B\u00fcchern \u00fcber die Choreografen John Cranko und Marco Goecke sowie \u00fcber den Stuttgarter Ballettintendanten Reid Anderson. Von 1991 bis 2023 war sie regelm\u00e4\u00dfig f\u00fcr die Zeitschrift \u201emusicals\u201c im s\u00fcddeutschen Raum unterwegs.","author_facebook":"","author_twitter":"","author_instagram":"","author_role":["author","editor","redakteur","redaktionsteam"],"author_firstname":"Angela","author_lastname":"Reinhardt","user_login":"angelareinhardt","author_avatar":"<img src=\"https:\/\/www.musical-today.de\/wp-content\/uploads\/2024\/03\/434034552_122093726612266069_5386620108228489486_n-293x293.jpg\" width=\"200\" height=\"200\" alt=\"Angela Reinhardt\" class=\"avatar avatar-200 wp-user-avatar wp-user-avatar-200 alignnone photo\" \/>","author_avatar_url":"https:\/\/www.musical-today.de\/wp-content\/uploads\/2024\/03\/434034552_122093726612266069_5386620108228489486_n.jpg","comment_count":0,"post_likes":0,"post_views":0},"tpgb_post_category":{"category":"<a href=\"https:\/\/www.musical-today.de\/en\/deutschland\/esslingen\/\" alt=\"Esslingen\"  class=\"category-esslingen\">Esslingen<\/a> "},"_links":{"self":[{"href":"https:\/\/www.musical-today.de\/en\/wp-json\/wp\/v2\/posts\/9280","targetHints":{"allow":["GET"]}}],"collection":[{"href":"https:\/\/www.musical-today.de\/en\/wp-json\/wp\/v2\/posts"}],"about":[{"href":"https:\/\/www.musical-today.de\/en\/wp-json\/wp\/v2\/types\/post"}],"author":[{"embeddable":true,"href":"https:\/\/www.musical-today.de\/en\/wp-json\/wp\/v2\/users\/19"}],"replies":[{"embeddable":true,"href":"https:\/\/www.musical-today.de\/en\/wp-json\/wp\/v2\/comments?post=9280"}],"version-history":[{"count":0,"href":"https:\/\/www.musical-today.de\/en\/wp-json\/wp\/v2\/posts\/9280\/revisions"}],"wp:featuredmedia":[{"embeddable":true,"href":"https:\/\/www.musical-today.de\/en\/wp-json\/wp\/v2\/media\/9284"}],"wp:attachment":[{"href":"https:\/\/www.musical-today.de\/en\/wp-json\/wp\/v2\/media?parent=9280"}],"wp:term":[{"taxonomy":"category","embeddable":true,"href":"https:\/\/www.musical-today.de\/en\/wp-json\/wp\/v2\/categories?post=9280"},{"taxonomy":"post_tag","embeddable":true,"href":"https:\/\/www.musical-today.de\/en\/wp-json\/wp\/v2\/tags?post=9280"}],"curies":[{"name":"wp","href":"https:\/\/api.w.org\/{rel}","templated":true}]}}