{"id":9427,"date":"2025-01-08T20:57:15","date_gmt":"2025-01-08T19:57:15","guid":{"rendered":"https:\/\/www.musical-today.de\/?p=9427"},"modified":"2025-04-15T14:28:19","modified_gmt":"2025-04-15T12:28:19","slug":"dessau-divine-rhapsody","status":"publish","type":"post","link":"https:\/\/www.musical-today.de\/en\/dessau-divine-rhapsody\/","title":{"rendered":"Divine Rhapsody"},"content":{"rendered":"<div class=\"lets-info-up-wrap  lets-info-up--right lets-info-up--m-1 lets-info-up-skin-3 lets-info-up--side lets-info-up-29526\" style=\"background:#fafafa; color: #616161\">\t\t\t<div class=\"lets-info-up\">\r\n\t\t\t<div class=\"lets-info-up-fi\"><img decoding=\"async\" width=\"500\" height=\"333\" src=\"https:\/\/www.musical-today.de\/wp-content\/uploads\/2024\/01\/qi-addons-for-elementor-placeholder-500x333.png\" class=\"attachment-lets-info-up-d1 size-lets-info-up-d1\" alt=\"|\" srcset=\"https:\/\/www.musical-today.de\/wp-content\/uploads\/2024\/01\/qi-addons-for-elementor-placeholder-500x333.png 500w, https:\/\/www.musical-today.de\/wp-content\/uploads\/2024\/01\/qi-addons-for-elementor-placeholder-300x200.png 300w, https:\/\/www.musical-today.de\/wp-content\/uploads\/2024\/01\/qi-addons-for-elementor-placeholder-1024x683.png 1024w, https:\/\/www.musical-today.de\/wp-content\/uploads\/2024\/01\/qi-addons-for-elementor-placeholder-883x589.png 883w, https:\/\/www.musical-today.de\/wp-content\/uploads\/2024\/01\/qi-addons-for-elementor-placeholder-18x12.png 18w, https:\/\/www.musical-today.de\/wp-content\/uploads\/2024\/01\/qi-addons-for-elementor-placeholder-360x240.png 360w, https:\/\/www.musical-today.de\/wp-content\/uploads\/2024\/01\/qi-addons-for-elementor-placeholder-1155x770.png 1155w, https:\/\/www.musical-today.de\/wp-content\/uploads\/2024\/01\/qi-addons-for-elementor-placeholder-370x247.png 370w, https:\/\/www.musical-today.de\/wp-content\/uploads\/2024\/01\/qi-addons-for-elementor-placeholder-770x513.png 770w, https:\/\/www.musical-today.de\/wp-content\/uploads\/2024\/01\/qi-addons-for-elementor-placeholder-293x195.png 293w, https:\/\/www.musical-today.de\/wp-content\/uploads\/2024\/01\/qi-addons-for-elementor-placeholder-120x80.png 120w, https:\/\/www.musical-today.de\/wp-content\/uploads\/2024\/01\/qi-addons-for-elementor-placeholder-240x160.png 240w, https:\/\/www.musical-today.de\/wp-content\/uploads\/2024\/01\/qi-addons-for-elementor-placeholder-390x260.png 390w, https:\/\/www.musical-today.de\/wp-content\/uploads\/2024\/01\/qi-addons-for-elementor-placeholder.png 1200w\" sizes=\"(max-width: 500px) 100vw, 500px\" title=\"\"><\/div>\t\t\t<div class=\"lets-info-up-block-wrap\">\r\n\t\t\t\t<div class=\"lets-info-up-block lets-info-up-meta-block\"><div class=\"lets-info-up-meta-title lets-info-up-pretitle font-h\" style=\"color: #8c6d18;\">oRT<\/div><div class=\"lets-info-up-meta-content lets-info-up-title font-b\">Anhaltisches Theater Dessau<\/div><\/div><div class=\"lets-info-up-block lets-info-up-meta-block\"><div class=\"lets-info-up-meta-title lets-info-up-pretitle font-h\" style=\"color: #8c6d18;\">von<\/div><div class=\"lets-info-up-meta-content lets-info-up-title font-b\">Eine musikalische Reise durch Musical, Oper, Operette, Chansons und Rockhymnen \u2013 ein Spiel mit Zeiten, Stilen und Perspektiven<\/div><\/div><div class=\"lets-info-up-block lets-info-up-meta-block\"><div class=\"lets-info-up-meta-title lets-info-up-pretitle font-h\" style=\"color: #8c6d18;\">Regie<\/div><div class=\"lets-info-up-meta-content lets-info-up-title font-b\">Jana Eimer<\/div><\/div><div class=\"lets-info-up-block lets-info-up-meta-block\"><div class=\"lets-info-up-meta-title lets-info-up-pretitle font-h\" style=\"color: #8c6d18;\">Urauff\u00fchrung<\/div><div class=\"lets-info-up-meta-content lets-info-up-title font-b\">2024<\/div><\/div><div class=\"lets-info-up-block lets-info-up-meta-block\"><div class=\"lets-info-up-meta-title lets-info-up-pretitle font-h\" style=\"color: #8c6d18;\">INFOS<\/div><div class=\"lets-info-up-meta-content lets-info-up-title font-b\"><a href=\"https:\/\/anhaltisches-theater.de\/divine_rhapsody\" target=\"_blank\" rel=\"noopener noreferrer nofollow\">www.anhaltisches-theater.de<\/a><\/div><\/div>\t\t\t<\/div>\r\n\t\t\t<\/div>\r\n\t\t<\/div>\r\n\t\t\n\n\n<p><strong>\u201eDivine Rhapsody\u201c bietet Pracht, Parodie und viel Musik<\/strong><\/p>\n\n\n\n<p>Die Urauff\u00fchrung \u201eDivine Rhapsody\u201c ist weitaus mehr als ein festlicher Evergreen-Parcours mit opulenten Kost\u00fcmen, mehr als eine Kette unvergesslicher Highlights aus Oper, Operette und Musical mit Kurzweil- und Sophistication-Garantie. Nach einer Idee von Generalintendant Johannes Weigand hat Spielleiterin Jana Eimer das Ohrwurm-Defilee sinnf\u00e4llig, anr\u00fchrend und klug zu einer Handlung verdichtet.<\/p>\n\n\n\n<p>\u201eDivine Rhapsody\u201c zeigt Lehr- und Wanderjahre, Aufstieg und Fall einer Primadonna in hochdramatischer wie hochkar\u00e4tiger Pers\u00f6nlichkeitsspaltung: Die begl\u00fcckend nat\u00fcrlich wirkende Laetitia Hippe gibt den K\u00fcnstlerinnen-Backfisch Sylvia Arnaud beim entbehrungsreichen Sprung vom Kit-Kat-Club in den siebten Karriere-Himmel. Iordanka Derilova steckt klar und deutlich das Primadonnen-Revier im schier endlosen Zenit ab. Schauspielerin Christel Ortmann zelebriert einen leisen Abschied von der Jugend, der Weltspitze und den Illusionen. Verifiziert wird das alles mit Original-Zitaten von Ikonen wie Maria Callas, Rita Hayworth und C\u00e9line Dion. Auf dem Trapez zwischen Erfolg und Einsamkeit ger\u00e4t fast jede Musiknummer zu einem Tanz auf dem Vulkan. Musical-Prachtbursche Timothy Roller schl\u00fcpft in die Partie des d\u00e4monischen und merkantilen Verf\u00fchrers, Einpeitschers, Imagestrategen.<\/p>\n\n\n<div  class=\"tpgb-wrap-956d14_9427  tpgb-wrap-fw \"  ><div id=\"956d14_9427\" class=\"tpgb-block-956d14_9427 tpgb-relative-block tpgb-gallery-list tpgb-metro gallery-style-2 hover-image-style-1   \" data-style=\"style-2\" data-id=\"956d14_9427\" data-layout=\"metro\" data-fancy-option='{\"loop\":false,\"thumb\":\"no\",\"infobar\":true,\"arrows\":true,\"transitionEffect\":\"slide\",\"button\":[\"close\"]}' data-splide='\"\"' data-metroAttr= '{\"metro_col\":3,\"tab_metro_col\":3,\"mobile_metro_col\":3,\"metro_style\":\"style-1\",\"tab_metro_style\":\"style-1\",\"mobile_metro_style\":\"style-1\"}' ><div class=\"tpgb-row post-loop-inner \"><div class=\"grid-item metro-item-0    tpgb-metro-1  tpgb-tab-metro-1  tpgb-mobile-metro-1 \"><a href=\"https:\/\/www.musical-today.de\/wp-content\/uploads\/2025\/01\/IMG_2245-scaled.jpg\" class=\"tpgb-gallery-list-content tpgb-trans-easeinout\" data-fancybox=\"956d14_9427\" data-caption=\"Foto: Claudia Heysel\" aria-label=\"Foto: Claudia Heysel\"><div class=\"post-content-image\"><div class=\"tpgb-metro-gallery-image\" style=\"background: url(https:\/\/www.musical-today.de\/wp-content\/uploads\/2025\/01\/IMG_2245-scaled.jpg);\"><\/div><\/div><div class=\"post-content-center\"><div class=\"post-zoom-icon\"><div class=\"meta-search-icon\"><span><img decoding=\"async\" class=\"fancy-img\" src=\"https:\/\/www.musical-today.de\/wp-content\/uploads\/2025\/01\/IMG_2245-scaled.jpg\" alt=\"Media Image1\" title=\"\"><i class=\"fas fa-search-plus pop-icon\"><\/i><\/span><\/div><\/div><div class=\"post-content-bottom\"><p class=\"post-title tpgb-trans-easeinout\">Foto: Claudia Heysel<\/p><\/div><\/div><\/a><\/div><div class=\"grid-item metro-item-1    tpgb-metro-2  tpgb-tab-metro-2  tpgb-mobile-metro-2 \"><a href=\"https:\/\/www.musical-today.de\/wp-content\/uploads\/2025\/01\/IMG_3106-scaled.jpg\" class=\"tpgb-gallery-list-content tpgb-trans-easeinout\" data-fancybox=\"956d14_9427\" data-caption=\"Foto: Claudia Heysel\" aria-label=\"Foto: Claudia Heysel\"><div class=\"post-content-image\"><div class=\"tpgb-metro-gallery-image\" style=\"background: url(https:\/\/www.musical-today.de\/wp-content\/uploads\/2025\/01\/IMG_3106-scaled.jpg);\"><\/div><\/div><div class=\"post-content-center\"><div class=\"post-zoom-icon\"><div class=\"meta-search-icon\"><span><img decoding=\"async\" class=\"fancy-img\" src=\"https:\/\/www.musical-today.de\/wp-content\/uploads\/2025\/01\/IMG_3106-scaled.jpg\" alt=\"Media Image2\" title=\"\"><i class=\"fas fa-search-plus pop-icon\"><\/i><\/span><\/div><\/div><div class=\"post-content-bottom\"><p class=\"post-title tpgb-trans-easeinout\">Foto: Claudia Heysel<\/p><\/div><\/div><\/a><\/div><div class=\"grid-item metro-item-2    tpgb-metro-3  tpgb-tab-metro-3  tpgb-mobile-metro-3 \"><a href=\"https:\/\/www.musical-today.de\/wp-content\/uploads\/2025\/01\/IMG_1724-scaled.jpg\" class=\"tpgb-gallery-list-content tpgb-trans-easeinout\" data-fancybox=\"956d14_9427\" data-caption=\"Foto: Claudia Heysel\" aria-label=\"Foto: Claudia Heysel\"><div class=\"post-content-image\"><div class=\"tpgb-metro-gallery-image\" style=\"background: url(https:\/\/www.musical-today.de\/wp-content\/uploads\/2025\/01\/IMG_1724-scaled.jpg);\"><\/div><\/div><div class=\"post-content-center\"><div class=\"post-zoom-icon\"><div class=\"meta-search-icon\"><span><img decoding=\"async\" class=\"fancy-img\" src=\"https:\/\/www.musical-today.de\/wp-content\/uploads\/2025\/01\/IMG_1724-scaled.jpg\" alt=\"Media Image3\" title=\"\"><i class=\"fas fa-search-plus pop-icon\"><\/i><\/span><\/div><\/div><div class=\"post-content-bottom\"><p class=\"post-title tpgb-trans-easeinout\">Foto: Claudia Heysel<\/p><\/div><\/div><\/a><\/div><\/div><\/div><\/div>\n\n\n<p>Im Anhaltischen Theater prallen Gemeinpl\u00e4tze und elit\u00e4rer Einzelfall aufeinander, manchmal garniert mit Parodie. \u201eAlles andere w\u00e4re Sch&#8230;-Stadttheater\u201c raunzt der Regisseur die sympathische Anf\u00e4ngerin Sylvia Arnaud an, die es soeben aus dem Nachtclub auf die Bretter, die die Welt bedeuten, schafft. Sylvia wird zum Star der Pariser Oper und dann der ganzen Welt. Der Zenit ihrer Karriere ist eine Carmen, welche dann wirklich so aussieht wie eine Karikatur von \u201eSch&#8230;-Stadttheater\u201c: sich neckisch spreizende Zigarettenarbeiterinnen, eine sogar beim Balzen gelangweilte Wachmannschaft und eine (zu) rassige \u201eKaufhaus-Zigeunerin\u201c von vormodernem Schlag mit rosa Kleid, roten Haaren, Rose zwischen den Z\u00e4hnen, hei\u00dfen Blicken und brennenden K\u00fcssen.<\/p>\n\n\n\n<p>Die Anhaltische Philharmonie sitzt auf der Hinterb\u00fchne. So r\u00fccken die Dialogszenen auf die Vorb\u00fchne und recht nahe ans Publikum. Allerdings doch nicht so nah, als dass man mit den Diven in desillusionierende Ber\u00fchrungsn\u00e4he kommen k\u00f6nnte. Das fast ausverkaufte 1.000-Pl\u00e4tze-Haus jubelt und bl\u00e4ht sich zum Applausorkan.<\/p>\n\n\n\n<p>F\u00fcr den wegen der karrieristischen \u00dcberspannung verlorenen und von Costa Latsos bet\u00f6rend gesungenen Tenor-Liebhaber Giovanni gibt es Puccini und Donizetti. Der Diven-Weg f\u00fchrt von Catalanis ber\u00fchmter Arie aus \u201eLa Wally\u201c \u00fcber Nummern aus \u201eCabaret\u201c, der \u201eCs\u00e1rd\u00e1sf\u00fcrstin\u201c, \u201eCarmen\u201c zu \u201eBarcelona\u201c und \u201eTime to Say Goodbye\u201c.<\/p>\n\n\n\n<p>Christopher Melchings Kost\u00fcme erf\u00fcllen alle Erwartungen bis hin zum Parodistischen, Glamour\u00f6sen und zur Puszta-Folklore. Nancy Ungurean zaubert eine atmosph\u00e4rische Szenerie. Als Logendiener \u00fcbernimmt Philipp Feige eine pr\u00e4gnante Nebenrolle, er gibt den Dienstbeflissenen und intensiven Zuh\u00f6rer.<\/p>\n\n\n\n<p>In Jana Eimers mit fein ausbalancierter Spielfreude auf die B\u00fchne gebrachtem Konzept ist Iordanka Derilova gleicherma\u00dfen gl\u00fchend singendes Ideal, hochkar\u00e4tiges Vorbild, Studienobjekt, K\u00f6nnerin und physisches Manifest. Die von Sofia \u00fcber Prag bis M\u00fcnchen und \u00fcberall in Mitteldeutschland umtriebige Bulgarin genie\u00dft es sicht- und h\u00f6rbar, von ambitionierten Inszenierungen auf Klischee umzuschalten, sich mit gro\u00dfen und weichen T\u00f6nen in die Wohlklang-Ekstasen von Freddie Mercury und Montserrat Caball\u00e9, Andrea Bocelli und Sarah Brightman zu werfen. Nie wird die Diven-Studie so traurig, dass die Freude an der Musik darunter leidet.<\/p>\n\n\n\n<p>Das verhindert am Pult auch der versierte Wolfgang Kluge mit dem richtigen Swing. Das von Jason Sabrou und Emmanuelle Grizot choreografierte Ballett und der von Sebastian Kennerknecht einstudierte Opernchor vergr\u00f6\u00dfern die Bombenstimmung.<\/p>\n\n\n\n<hr class=\"wp-block-separator has-alpha-channel-opacity is-style-dots\"\/>\n\n\n\n<p class=\"has-small-font-size\">Musikalische Leitung: Wolfgang Kluge \u2022 Choreografie: Jason Sabrou und Emmanuelle Grizot \u2022 B\u00fchne: Nancy Ungurean \u2022 Kost\u00fcme: Christopher Melching \u2022 Chor: Sebastian Kennerknecht \u2022 Mit: Iordanka Derilova, Philipp Feige, Laetitia Hippe, Costa Latsos, Thorsten B\u00fcttner, Christel Ortmann, Timothy Roller \u2022 Opernchor und Ballett des Anhaltischen Theaters \u2022 Anhaltische Philharmonie Dessau<\/p>\n\n\n\n<p class=\"has-small-font-size\">Aufmacherfoto: Claudia Heysel<\/p>\n","protected":false},"excerpt":{"rendered":"<p>\u201eDivine Rhapsody\u201c bietet Pracht, Parodie und viel Musik Die Urauff\u00fchrung \u201eDivine Rhapsody\u201c ist weitaus mehr als ein festlicher Evergreen-Parcours mit opulenten Kost\u00fcmen, mehr als eine Kette unvergesslicher Highlights aus Oper, Operette und Musical mit Kurzweil- und Sophistication-Garantie. Nach einer Idee von Generalintendant Johannes Weigand hat Spielleiterin Jana Eimer das Ohrwurm-Defilee sinnf\u00e4llig, anr\u00fchrend und klug zu einer Handlung verdichtet. \u201eDivine Rhapsody\u201c zeigt Lehr- und Wanderjahre, Aufstieg und Fall einer Primadonna in hochdramatischer wie hochkar\u00e4tiger Pers\u00f6nlichkeitsspaltung: Die begl\u00fcckend nat\u00fcrlich wirkende Laetitia Hippe [&hellip;]<\/p>\n","protected":false},"author":34,"featured_media":9424,"comment_status":"closed","ping_status":"closed","sticky":false,"template":"","format":"standard","meta":{"tpgb_global_settings":"","footnotes":""},"categories":[208],"tags":[],"class_list":["post-9427","post","type-post","status-publish","format-standard","has-post-thumbnail","hentry","category-dessau"],"tpgb_featured_images":{"full":["https:\/\/www.musical-today.de\/wp-content\/uploads\/2025\/01\/IMG_1937-scaled.jpg",2560,1707,false],"tp-image-grid":["https:\/\/www.musical-today.de\/wp-content\/uploads\/2025\/01\/IMG_1937-700x700.jpg",700,700,true],"thumbnail":["https:\/\/www.musical-today.de\/wp-content\/uploads\/2025\/01\/IMG_1937-600x400.jpg",600,400,true],"medium":["https:\/\/www.musical-today.de\/wp-content\/uploads\/2025\/01\/IMG_1937-1200x800.jpg",1200,800,true],"medium_large":["https:\/\/www.musical-today.de\/wp-content\/uploads\/2025\/01\/IMG_1937-949x633.jpg",770,514,true],"large":["https:\/\/www.musical-today.de\/wp-content\/uploads\/2025\/01\/IMG_1937-1920x1280.jpg",1139,759,true],"default":"https:\/\/www.musical-today.de\/wp-content\/plugins\/the-plus-addons-for-block-editor\/assets\/images\/tpgb-placeholder.jpg"},"tpgb_post_meta_info":{"get_date":"08.01.2025","get_modified_date":"15.04.2025","category_list":{"category":[{"term_id":208,"name":"Dessau","slug":"dessau","term_group":0,"term_taxonomy_id":208,"taxonomy":"category","description":"","parent":19,"count":2,"filter":"raw","term_order":"20"}],"post_tag":false,"post_format":false},"author_name":"Roland H. Dippel","author_url":"https:\/\/www.musical-today.de\/en\/autor\/rolandhdippel\/","author_email":"temporary-removeco4qisvj4L3F9dg@tmp.com","author_website":"","author_description":"ist als Autor, Dramaturg und Kulturvermittler dem Theater seit seinem Studium an der LMU M\u00fcnchen verbunden. Neben Festanstellungen in Augsburg, Hof, Osnabr\u00fcck, Rostock, St. Gallen und Zwickau war er, ausgehend von seinem Schwerpunkt Musiktheater, an vielen Projekten aller Sparten und Neuer Musik beteiligt. Wissenschaftliche Schwerpunkte sind Operette und Musical der DDR sowie das Volksschauspiel im Alpenraum.","author_facebook":"","author_twitter":"","author_instagram":"","author_role":["author"],"author_firstname":"Roland H.","author_lastname":"Dippel","user_login":"rolanddippel","author_avatar":"<img src=\"https:\/\/www.musical-today.de\/wp-content\/uploads\/2024\/03\/Autor_Dippel-200x200.jpg\" width=\"200\" height=\"200\" alt=\"Roland H. Dippel\" class=\"avatar avatar-200 wp-user-avatar wp-user-avatar-200 alignnone photo\" \/>","author_avatar_url":"https:\/\/www.musical-today.de\/wp-content\/uploads\/2024\/03\/Autor_Dippel.jpg","comment_count":0,"post_likes":0,"post_views":0},"tpgb_post_category":{"category":"<a href=\"https:\/\/www.musical-today.de\/en\/deutschland\/dessau\/\" alt=\"Dessau\"  class=\"category-dessau\">Dessau<\/a> "},"_links":{"self":[{"href":"https:\/\/www.musical-today.de\/en\/wp-json\/wp\/v2\/posts\/9427","targetHints":{"allow":["GET"]}}],"collection":[{"href":"https:\/\/www.musical-today.de\/en\/wp-json\/wp\/v2\/posts"}],"about":[{"href":"https:\/\/www.musical-today.de\/en\/wp-json\/wp\/v2\/types\/post"}],"author":[{"embeddable":true,"href":"https:\/\/www.musical-today.de\/en\/wp-json\/wp\/v2\/users\/34"}],"replies":[{"embeddable":true,"href":"https:\/\/www.musical-today.de\/en\/wp-json\/wp\/v2\/comments?post=9427"}],"version-history":[{"count":0,"href":"https:\/\/www.musical-today.de\/en\/wp-json\/wp\/v2\/posts\/9427\/revisions"}],"wp:featuredmedia":[{"embeddable":true,"href":"https:\/\/www.musical-today.de\/en\/wp-json\/wp\/v2\/media\/9424"}],"wp:attachment":[{"href":"https:\/\/www.musical-today.de\/en\/wp-json\/wp\/v2\/media?parent=9427"}],"wp:term":[{"taxonomy":"category","embeddable":true,"href":"https:\/\/www.musical-today.de\/en\/wp-json\/wp\/v2\/categories?post=9427"},{"taxonomy":"post_tag","embeddable":true,"href":"https:\/\/www.musical-today.de\/en\/wp-json\/wp\/v2\/tags?post=9427"}],"curies":[{"name":"wp","href":"https:\/\/api.w.org\/{rel}","templated":true}]}}