{"id":9435,"date":"2025-01-10T22:38:38","date_gmt":"2025-01-10T21:38:38","guid":{"rendered":"https:\/\/www.musical-today.de\/?p=9435"},"modified":"2025-04-15T14:28:19","modified_gmt":"2025-04-15T12:28:19","slug":"muenchen-elisabeth","status":"publish","type":"post","link":"https:\/\/www.musical-today.de\/en\/muenchen-elisabeth\/","title":{"rendered":"Elisabeth"},"content":{"rendered":"<div class=\"lets-info-up-wrap  lets-info-up--right lets-info-up--m-1 lets-info-up-skin-3 lets-info-up--side lets-info-up-75908\" style=\"background:#fafafa; color: #616161\">\t\t\t<div class=\"lets-info-up\">\r\n\t\t\t<div class=\"lets-info-up-fi\"><img decoding=\"async\" width=\"500\" height=\"333\" src=\"https:\/\/www.musical-today.de\/wp-content\/uploads\/2024\/01\/qi-addons-for-elementor-placeholder-500x333.png\" class=\"attachment-lets-info-up-d1 size-lets-info-up-d1\" alt=\"|\" srcset=\"https:\/\/www.musical-today.de\/wp-content\/uploads\/2024\/01\/qi-addons-for-elementor-placeholder-500x333.png 500w, https:\/\/www.musical-today.de\/wp-content\/uploads\/2024\/01\/qi-addons-for-elementor-placeholder-300x200.png 300w, https:\/\/www.musical-today.de\/wp-content\/uploads\/2024\/01\/qi-addons-for-elementor-placeholder-1024x683.png 1024w, https:\/\/www.musical-today.de\/wp-content\/uploads\/2024\/01\/qi-addons-for-elementor-placeholder-883x589.png 883w, https:\/\/www.musical-today.de\/wp-content\/uploads\/2024\/01\/qi-addons-for-elementor-placeholder-18x12.png 18w, https:\/\/www.musical-today.de\/wp-content\/uploads\/2024\/01\/qi-addons-for-elementor-placeholder-360x240.png 360w, https:\/\/www.musical-today.de\/wp-content\/uploads\/2024\/01\/qi-addons-for-elementor-placeholder-1155x770.png 1155w, https:\/\/www.musical-today.de\/wp-content\/uploads\/2024\/01\/qi-addons-for-elementor-placeholder-370x247.png 370w, https:\/\/www.musical-today.de\/wp-content\/uploads\/2024\/01\/qi-addons-for-elementor-placeholder-770x513.png 770w, https:\/\/www.musical-today.de\/wp-content\/uploads\/2024\/01\/qi-addons-for-elementor-placeholder-293x195.png 293w, https:\/\/www.musical-today.de\/wp-content\/uploads\/2024\/01\/qi-addons-for-elementor-placeholder-120x80.png 120w, https:\/\/www.musical-today.de\/wp-content\/uploads\/2024\/01\/qi-addons-for-elementor-placeholder-240x160.png 240w, https:\/\/www.musical-today.de\/wp-content\/uploads\/2024\/01\/qi-addons-for-elementor-placeholder-390x260.png 390w, https:\/\/www.musical-today.de\/wp-content\/uploads\/2024\/01\/qi-addons-for-elementor-placeholder.png 1200w\" sizes=\"(max-width: 500px) 100vw, 500px\" title=\"\"><\/div>\t\t\t<div class=\"lets-info-up-block-wrap\">\r\n\t\t\t\t<div class=\"lets-info-up-block lets-info-up-meta-block\"><div class=\"lets-info-up-meta-title lets-info-up-pretitle font-h\" style=\"color: #8c6d18;\">oRT<\/div><div class=\"lets-info-up-meta-content lets-info-up-title font-b\">Semmel Concerts (Deutsches Theater M\u00fcnchen)<\/div><\/div><div class=\"lets-info-up-block lets-info-up-meta-block\"><div class=\"lets-info-up-meta-title lets-info-up-pretitle font-h\" style=\"color: #8c6d18;\">von<\/div><div class=\"lets-info-up-meta-content lets-info-up-title font-b\">Michael Kunze (Buch und Gesangstexte)<br>Sylvester Levay (Musik, Chorsatz und Orchestrierung)<\/div><\/div><div class=\"lets-info-up-block lets-info-up-meta-block\"><div class=\"lets-info-up-meta-title lets-info-up-pretitle font-h\" style=\"color: #8c6d18;\">Regie<\/div><div class=\"lets-info-up-meta-content lets-info-up-title font-b\">Gil Mehmert<\/div><\/div><div class=\"lets-info-up-block lets-info-up-meta-block\"><div class=\"lets-info-up-meta-title lets-info-up-pretitle font-h\" style=\"color: #8c6d18;\">Urauff\u00fchrung<\/div><div class=\"lets-info-up-meta-content lets-info-up-title font-b\">1992<\/div><\/div><div class=\"lets-info-up-block lets-info-up-meta-block\"><div class=\"lets-info-up-meta-title lets-info-up-pretitle font-h\" style=\"color: #8c6d18;\">INFOS<\/div><div class=\"lets-info-up-meta-content lets-info-up-title font-b\"><a href=\"https:\/\/semmel.de\/artist\/artist-alias\/elisabeth-das-musical.html\" target=\"_blank\" rel=\"noreferrer noopener\">www.semmel.de<\/a><\/div><\/div>\t\t\t<\/div>\r\n\t\t\t<\/div>\r\n\t\t<\/div>\r\n\t\t\n\n\n<p><strong>Die halbszenische Sch\u00f6nbrunn-Fassung von \u201eElisabeth\u201c geht auf Tour<\/strong><\/p>\n\n\n\n<p>Seit 1992 begeisterte Michael Kunzes und Sylvester Levays \u201eElisabeth\u201c \u00fcber zw\u00f6lf Millionen Zuschauer in 14 L\u00e4ndern. Erst letztes Jahr wieder bei einer Open-Air-Auff\u00fchrung der Vereinigten B\u00fchnen Wien vor Schloss Sch\u00f6nbrunn gefeiert, machte sich das Musical in halbszenischer Fassung zun\u00e4chst nach China auf und gastiert nun auf seiner Deutschland-Tour auch in M\u00fcnchen.<\/p>\n\n\n\n<p>Die lebensfrohe \u201eSisi\u201c kann ihr Gl\u00fcck nicht fassen, als ihr Kaiser Franz pers\u00f6nlich seine Liebe erkl\u00e4rt. Sie heiratet ihn kurzerhand und nimmt damit den Platz ihrer Schwester Helene ein. Drangsaliert von ihrer Schwiegermutter, der Erzherzogin, und von politischen Intrigen, werden der jungen Kaiserin von \u00d6sterreich die Schattenseiten des k\u00f6niglichen Lebens bewusst. Dabei kommt sie immer wieder mit dem personifizierten Tod in Ber\u00fchrung \u2013 und so mancher M\u00f6rder behauptet, sie habe ihn geliebt &#8230;<\/p>\n\n\n<div  class=\"tpgb-wrap-956d14_9435  tpgb-wrap-fw \"  ><div id=\"956d14_9435\" class=\"tpgb-block-956d14_9435 tpgb-relative-block tpgb-gallery-list tpgb-metro gallery-style-2 hover-image-style-1   \" data-style=\"style-2\" data-id=\"956d14_9435\" data-layout=\"metro\" data-fancy-option='{\"loop\":false,\"thumb\":\"no\",\"infobar\":true,\"arrows\":true,\"transitionEffect\":\"slide\",\"button\":[\"close\"]}' data-splide='\"\"' data-metroAttr= '{\"metro_col\":3,\"tab_metro_col\":3,\"mobile_metro_col\":3,\"metro_style\":\"style-1\",\"tab_metro_style\":\"style-1\",\"mobile_metro_style\":\"style-1\"}' ><div class=\"tpgb-row post-loop-inner \"><div class=\"grid-item metro-item-0    tpgb-metro-1  tpgb-tab-metro-1  tpgb-mobile-metro-1 \"><a href=\"https:\/\/www.musical-today.de\/wp-content\/uploads\/2025\/01\/10_ElisabethDasMusical_SchoenbrunnVersion_Tour2024_25_ZhengTianran-scaled.jpg\" class=\"tpgb-gallery-list-content tpgb-trans-easeinout\" data-fancybox=\"956d14_9435\" data-caption=\"Foto: Zheng Tianran\" aria-label=\"Foto: Zheng Tianran\"><div class=\"post-content-image\"><div class=\"tpgb-metro-gallery-image\" style=\"background: url(https:\/\/www.musical-today.de\/wp-content\/uploads\/2025\/01\/10_ElisabethDasMusical_SchoenbrunnVersion_Tour2024_25_ZhengTianran-scaled.jpg);\"><\/div><\/div><div class=\"post-content-center\"><div class=\"post-zoom-icon\"><div class=\"meta-search-icon\"><span><img decoding=\"async\" class=\"fancy-img\" src=\"https:\/\/www.musical-today.de\/wp-content\/uploads\/2025\/01\/10_ElisabethDasMusical_SchoenbrunnVersion_Tour2024_25_ZhengTianran-scaled.jpg\" alt=\"Media Image1\" title=\"\"><i class=\"fas fa-search-plus pop-icon\"><\/i><\/span><\/div><\/div><div class=\"post-content-bottom\"><p class=\"post-title tpgb-trans-easeinout\">Foto: Zheng Tianran<\/p><\/div><\/div><\/a><\/div><div class=\"grid-item metro-item-1    tpgb-metro-2  tpgb-tab-metro-2  tpgb-mobile-metro-2 \"><a href=\"https:\/\/www.musical-today.de\/wp-content\/uploads\/2025\/01\/08_ElisabethDasMusical_SchoenbrunnVersion_Tour2024_25_ZhengTianran-scaled.jpg\" class=\"tpgb-gallery-list-content tpgb-trans-easeinout\" data-fancybox=\"956d14_9435\" data-caption=\"Foto: Zheng Tianran\" aria-label=\"Foto: Zheng Tianran\"><div class=\"post-content-image\"><div class=\"tpgb-metro-gallery-image\" style=\"background: url(https:\/\/www.musical-today.de\/wp-content\/uploads\/2025\/01\/08_ElisabethDasMusical_SchoenbrunnVersion_Tour2024_25_ZhengTianran-scaled.jpg);\"><\/div><\/div><div class=\"post-content-center\"><div class=\"post-zoom-icon\"><div class=\"meta-search-icon\"><span><img decoding=\"async\" class=\"fancy-img\" src=\"https:\/\/www.musical-today.de\/wp-content\/uploads\/2025\/01\/08_ElisabethDasMusical_SchoenbrunnVersion_Tour2024_25_ZhengTianran-scaled.jpg\" alt=\"Media Image2\" title=\"\"><i class=\"fas fa-search-plus pop-icon\"><\/i><\/span><\/div><\/div><div class=\"post-content-bottom\"><p class=\"post-title tpgb-trans-easeinout\">Foto: Zheng Tianran<\/p><\/div><\/div><\/a><\/div><div class=\"grid-item metro-item-2    tpgb-metro-3  tpgb-tab-metro-3  tpgb-mobile-metro-3 \"><a href=\"https:\/\/www.musical-today.de\/wp-content\/uploads\/2025\/01\/05_ElisabethDasMusical_SchoenbrunnVersion_Tour2024_25_ZhengTianran-scaled.jpg\" class=\"tpgb-gallery-list-content tpgb-trans-easeinout\" data-fancybox=\"956d14_9435\" data-caption=\"Foto: Zheng Tianran\" aria-label=\"Foto: Zheng Tianran\"><div class=\"post-content-image\"><div class=\"tpgb-metro-gallery-image\" style=\"background: url(https:\/\/www.musical-today.de\/wp-content\/uploads\/2025\/01\/05_ElisabethDasMusical_SchoenbrunnVersion_Tour2024_25_ZhengTianran-scaled.jpg);\"><\/div><\/div><div class=\"post-content-center\"><div class=\"post-zoom-icon\"><div class=\"meta-search-icon\"><span><img decoding=\"async\" class=\"fancy-img\" src=\"https:\/\/www.musical-today.de\/wp-content\/uploads\/2025\/01\/05_ElisabethDasMusical_SchoenbrunnVersion_Tour2024_25_ZhengTianran-scaled.jpg\" alt=\"Media Image3\" title=\"\"><i class=\"fas fa-search-plus pop-icon\"><\/i><\/span><\/div><\/div><div class=\"post-content-bottom\"><p class=\"post-title tpgb-trans-easeinout\">Foto: Zheng Tianran<\/p><\/div><\/div><\/a><\/div><\/div><\/div><\/div>\n\n\n<p>Die 30 Darstellerinnen und Darsteller des Ensembles wurden mit besonderer Sorgfalt ausgew\u00e4hlt. Jeder Einzelne bringt seine Figur(en) auf \u00fcberzeugende Weise zur Geltung. Die Choreografien werden geschickt um das auf der B\u00fchne pr\u00e4sente Orchester gesetzt, sodass nichts deplatziert wirkt.<\/p>\n\n\n\n<p>Im Zentrum der Inszenierung steht ein wei\u00dfer Rahmen, der sowohl als T\u00fcr wie auch als Bilderrahmen fungiert. Durch die geschickte Platzierung von Treppen, seitlich als auch mittig angeordnet, werden verschiedene Ebenen geschaffen. Inmitten dieser Konstellation tritt das Orchester samt Dirigent Bernd Steixner in voller Sicht in Erscheinung. F\u00fcr das richtige Ambiente sorgen Videoprojektionen im Hintergrund, abgerundet durch farblich abgestimmte Lichteffekte. Trotz dieser halbszenischen L\u00f6sung entsteht zu keiner Zeit der Eindruck einer gek\u00fcrzten Fassung. Regisseur Gil Mehmert sorgt f\u00fcr ein harmonisches Zusammenspiel aller Elemente und macht die Auff\u00fchrung zu einem stimmigen Gesamtkunstwerk.<\/p>\n\n\n\n<p>Als Luigi Lucheni erz\u00e4hlt Riccardo Greco die Lebens- und Leidensgeschichte Elisabeths aus seiner eigenen Sicht und rechtfertigt damit seinen Mord an ihr. Mit dem Lied \u201eKitsch\u201c animiert er das Publikum, sich dem Trubel anzuschlie\u00dfen, und zeigt mit erfrischenden rockigen Gesangskomponenten das Wirken der von ihrem Aussehen besessenen Kaiserin auf. Nie war der Name \u201ePrinz der Nacht\u201c treffender, den Elisabeth dem Tod, gespielt von Lukas Mayer, bei ihrer ersten Begegnung gibt. Als \u00fcbermenschlich wirkende Erscheinung brilliert der im Vergleich zu manchen Vorg\u00e4ngern sichtlich j\u00fcngere K\u00fcnstler und lockt geduldig, aber ruchlos seine Opfer in seine F\u00e4nge. Dabei wirkt er zu aller Zeit elegant und kontrolliert, bleibt stets Herr \u00fcber das Geschehen.<\/p>\n\n\n\n<p>Allein Bettina M\u00f6nch als Elisabeth glaubt sich seiner Macht entziehen zu k\u00f6nnen und trotzt durch ihre Sch\u00f6nheit allen Widrigkeiten. Die Musicaldarstellerin gl\u00e4nzt in ihrer Rolle als junge Elisabeth und bindet sogar den Dirigenten in das St\u00fcck ein, als sie ihm spielerisch den Taktstock entzieht. Mit ihrem stetigen Drang zur Selbstbestimmung erk\u00e4mpft sich die Kaiserin ihr Recht gegen\u00fcber \u201edem einzigen Mann am Hofe\u201c, womit die Erzherzogin gemeint ist, hier Ariane Swoboda, die mit eiserner Stimme \u201estreng, stark, kalt und hart\u201c an ihren Prinzipien festh\u00e4lt.<\/p>\n\n\n\n<p>Nach vielem Zur\u00fcckstecken wird die Kaiserin ihres Lebens \u00fcberdr\u00fcssig und entfernt sich durch Reisen immer weiter von ihrem Mann und ihrem Sohn. Dies hat zur Folge, dass Rudolf, gespielt von Dennis Hupka, sich von seiner Mutter verlassen f\u00fchlt und nach einem fulminanten Totentanz beim Duett \u201eDie Schatten werden l\u00e4nger\u201c dem Tod selbst erliegt. Das Musical endet mit der Ermordung der gebrochenen Elisabeth, welche sich, sehnlichst erwartet, dem Tod in die Arme wirft, w\u00e4hrend sich im Hintergrund Lucheni erh\u00e4ngt.<\/p>\n\n\n\n<p>Die halbszenische Fassung verleiht der Geschichte eine ebenso fesselnde Dimension wie das komplett inszenierte Musical. Ein besonderes Highlight des M\u00fcnchner Premierenabends: Sylvester Levay dirigiert sein ber\u00fchmtes \u201eIch geh\u00f6r\u2019 nur mir\u201c selbst und wird vom gesamten Publikum mit Standing Ovations gew\u00fcrdigt. Diese lassen auch zum Schluss nicht auf sich warten.<\/p>\n\n\n\n<hr class=\"wp-block-separator has-alpha-channel-opacity is-style-dots\"\/>\n\n\n\n<p class=\"has-small-font-size\">Musikalische Leitung: Bernd Steixner \u2022 Choreografie: Simon Eichenberger \u2022 Kost\u00fcme: Yan Tax \u2022 Licht: Michael Grundner \u2022 Videodesign: Michael Balgavy \u2022 Sounddesign: Thomas Albert Strebel \u2022 Mit: Bettina M\u00f6nch (Elisabeth), Lukas Mayer (Der Tod), Riccardo Greco (Luigi Lucheni), Ariane Swoboda (Erzherzogin Sophie), Dennis Henschel (Kaiser Franz Joseph), Dennis Hupka (Erzherzog Rudolf), Janis von Dorsselaer (Herzogin Ludovika\/Frau Wolff), Claus Dam (Herzog Max in Bayern), Marlon (Rudolf Junior) u.a.<\/p>\n\n\n\n<p class=\"has-small-font-size\">Aufmacherfoto: Zheng Tianran<\/p>\n\n\n\n<p><\/p>\n","protected":false},"excerpt":{"rendered":"<p>Die halbszenische Sch\u00f6nbrunn-Fassung von \u201eElisabeth\u201c geht auf Tour Seit 1992 begeisterte Michael Kunzes und Sylvester Levays \u201eElisabeth\u201c \u00fcber zw\u00f6lf Millionen Zuschauer in 14 L\u00e4ndern. Erst letztes Jahr wieder bei einer Open-Air-Auff\u00fchrung der Vereinigten B\u00fchnen Wien vor Schloss Sch\u00f6nbrunn gefeiert, machte sich das Musical in halbszenischer Fassung zun\u00e4chst nach China auf und gastiert nun auf seiner Deutschland-Tour auch in M\u00fcnchen. Die lebensfrohe \u201eSisi\u201c kann ihr Gl\u00fcck nicht fassen, als ihr Kaiser Franz pers\u00f6nlich seine Liebe erkl\u00e4rt. Sie heiratet ihn kurzerhand und [&hellip;]<\/p>\n","protected":false},"author":57,"featured_media":9437,"comment_status":"closed","ping_status":"closed","sticky":false,"template":"","format":"standard","meta":{"tpgb_global_settings":"","footnotes":""},"categories":[98],"tags":[],"class_list":["post-9435","post","type-post","status-publish","format-standard","has-post-thumbnail","hentry","category-muenchen"],"tpgb_featured_images":{"full":["https:\/\/www.musical-today.de\/wp-content\/uploads\/2025\/01\/06_ElisabethDasMusical_SchoenbrunnVersion_Tour2024_25_ZhengTianran-scaled.jpg",2560,1707,false],"tp-image-grid":["https:\/\/www.musical-today.de\/wp-content\/uploads\/2025\/01\/06_ElisabethDasMusical_SchoenbrunnVersion_Tour2024_25_ZhengTianran-700x700.jpg",700,700,true],"thumbnail":["https:\/\/www.musical-today.de\/wp-content\/uploads\/2025\/01\/06_ElisabethDasMusical_SchoenbrunnVersion_Tour2024_25_ZhengTianran-600x400.jpg",600,400,true],"medium":["https:\/\/www.musical-today.de\/wp-content\/uploads\/2025\/01\/06_ElisabethDasMusical_SchoenbrunnVersion_Tour2024_25_ZhengTianran-1200x800.jpg",1200,800,true],"medium_large":["https:\/\/www.musical-today.de\/wp-content\/uploads\/2025\/01\/06_ElisabethDasMusical_SchoenbrunnVersion_Tour2024_25_ZhengTianran-949x633.jpg",770,514,true],"large":["https:\/\/www.musical-today.de\/wp-content\/uploads\/2025\/01\/06_ElisabethDasMusical_SchoenbrunnVersion_Tour2024_25_ZhengTianran-1920x1280.jpg",1139,759,true],"default":"https:\/\/www.musical-today.de\/wp-content\/plugins\/the-plus-addons-for-block-editor\/assets\/images\/tpgb-placeholder.jpg"},"tpgb_post_meta_info":{"get_date":"10.01.2025","get_modified_date":"15.04.2025","category_list":{"category":[{"term_id":98,"name":"M\u00fcnchen","slug":"muenchen","term_group":0,"term_taxonomy_id":98,"taxonomy":"category","description":"","parent":19,"count":15,"filter":"raw","term_order":"68"}],"post_tag":false,"post_format":false},"author_name":"Nadine Wei\u00df","author_url":"https:\/\/www.musical-today.de\/en\/autor\/nadineweiss\/","author_email":"online-nw@musical-toay.de","author_website":"","author_description":"","author_facebook":"","author_twitter":"","author_instagram":"","author_role":["author","editor","redakteur"],"author_firstname":"Nadine","author_lastname":"Wei\u00df","user_login":"nadineweiss","author_avatar":"<img src=\"https:\/\/www.musical-today.de\/wp-content\/uploads\/2024\/03\/434034552_122093726612266069_5386620108228489486_n-293x293.jpg\" width=\"200\" height=\"200\" alt=\"Nadine Wei\u00df\" class=\"avatar avatar-200 wp-user-avatar wp-user-avatar-200 alignnone photo\" \/>","author_avatar_url":"https:\/\/www.musical-today.de\/wp-content\/uploads\/2024\/03\/434034552_122093726612266069_5386620108228489486_n.jpg","comment_count":0,"post_likes":0,"post_views":0},"tpgb_post_category":{"category":"<a href=\"https:\/\/www.musical-today.de\/en\/deutschland\/muenchen\/\" alt=\"M\u00fcnchen\"  class=\"category-muenchen\">M\u00fcnchen<\/a> "},"_links":{"self":[{"href":"https:\/\/www.musical-today.de\/en\/wp-json\/wp\/v2\/posts\/9435","targetHints":{"allow":["GET"]}}],"collection":[{"href":"https:\/\/www.musical-today.de\/en\/wp-json\/wp\/v2\/posts"}],"about":[{"href":"https:\/\/www.musical-today.de\/en\/wp-json\/wp\/v2\/types\/post"}],"author":[{"embeddable":true,"href":"https:\/\/www.musical-today.de\/en\/wp-json\/wp\/v2\/users\/57"}],"replies":[{"embeddable":true,"href":"https:\/\/www.musical-today.de\/en\/wp-json\/wp\/v2\/comments?post=9435"}],"version-history":[{"count":0,"href":"https:\/\/www.musical-today.de\/en\/wp-json\/wp\/v2\/posts\/9435\/revisions"}],"wp:featuredmedia":[{"embeddable":true,"href":"https:\/\/www.musical-today.de\/en\/wp-json\/wp\/v2\/media\/9437"}],"wp:attachment":[{"href":"https:\/\/www.musical-today.de\/en\/wp-json\/wp\/v2\/media?parent=9435"}],"wp:term":[{"taxonomy":"category","embeddable":true,"href":"https:\/\/www.musical-today.de\/en\/wp-json\/wp\/v2\/categories?post=9435"},{"taxonomy":"post_tag","embeddable":true,"href":"https:\/\/www.musical-today.de\/en\/wp-json\/wp\/v2\/tags?post=9435"}],"curies":[{"name":"wp","href":"https:\/\/api.w.org\/{rel}","templated":true}]}}