{"id":9503,"date":"2025-01-20T16:00:42","date_gmt":"2025-01-20T15:00:42","guid":{"rendered":"https:\/\/www.musical-today.de\/?p=9503"},"modified":"2025-04-15T14:28:19","modified_gmt":"2025-04-15T12:28:19","slug":"lueneburg-emil-und-die-detektive","status":"publish","type":"post","link":"https:\/\/www.musical-today.de\/en\/lueneburg-emil-und-die-detektive\/","title":{"rendered":"Emil und die Detektive"},"content":{"rendered":"<div class=\"lets-info-up-wrap  lets-info-up--right lets-info-up--m-1 lets-info-up-skin-3 lets-info-up--side lets-info-up-17989\" style=\"background:#fafafa; color: #616161\">\t\t\t<div class=\"lets-info-up\">\r\n\t\t\t<div class=\"lets-info-up-fi\"><img decoding=\"async\" width=\"500\" height=\"333\" src=\"https:\/\/www.musical-today.de\/wp-content\/uploads\/2024\/01\/qi-addons-for-elementor-placeholder-500x333.png\" class=\"attachment-lets-info-up-d1 size-lets-info-up-d1\" alt=\"|\" srcset=\"https:\/\/www.musical-today.de\/wp-content\/uploads\/2024\/01\/qi-addons-for-elementor-placeholder-500x333.png 500w, https:\/\/www.musical-today.de\/wp-content\/uploads\/2024\/01\/qi-addons-for-elementor-placeholder-300x200.png 300w, https:\/\/www.musical-today.de\/wp-content\/uploads\/2024\/01\/qi-addons-for-elementor-placeholder-1024x683.png 1024w, https:\/\/www.musical-today.de\/wp-content\/uploads\/2024\/01\/qi-addons-for-elementor-placeholder-883x589.png 883w, https:\/\/www.musical-today.de\/wp-content\/uploads\/2024\/01\/qi-addons-for-elementor-placeholder-18x12.png 18w, https:\/\/www.musical-today.de\/wp-content\/uploads\/2024\/01\/qi-addons-for-elementor-placeholder-360x240.png 360w, https:\/\/www.musical-today.de\/wp-content\/uploads\/2024\/01\/qi-addons-for-elementor-placeholder-1155x770.png 1155w, https:\/\/www.musical-today.de\/wp-content\/uploads\/2024\/01\/qi-addons-for-elementor-placeholder-370x247.png 370w, https:\/\/www.musical-today.de\/wp-content\/uploads\/2024\/01\/qi-addons-for-elementor-placeholder-770x513.png 770w, https:\/\/www.musical-today.de\/wp-content\/uploads\/2024\/01\/qi-addons-for-elementor-placeholder-293x195.png 293w, https:\/\/www.musical-today.de\/wp-content\/uploads\/2024\/01\/qi-addons-for-elementor-placeholder-120x80.png 120w, https:\/\/www.musical-today.de\/wp-content\/uploads\/2024\/01\/qi-addons-for-elementor-placeholder-240x160.png 240w, https:\/\/www.musical-today.de\/wp-content\/uploads\/2024\/01\/qi-addons-for-elementor-placeholder-390x260.png 390w, https:\/\/www.musical-today.de\/wp-content\/uploads\/2024\/01\/qi-addons-for-elementor-placeholder.png 1200w\" sizes=\"(max-width: 500px) 100vw, 500px\" title=\"\"><\/div>\t\t\t<div class=\"lets-info-up-block-wrap\">\r\n\t\t\t\t<div class=\"lets-info-up-block lets-info-up-meta-block\"><div class=\"lets-info-up-meta-title lets-info-up-pretitle font-h\" style=\"color: #8c6d18;\">oRT<\/div><div class=\"lets-info-up-meta-content lets-info-up-title font-b\">Theater L\u00fcneburg<\/div><\/div><div class=\"lets-info-up-block lets-info-up-meta-block\"><div class=\"lets-info-up-meta-title lets-info-up-pretitle font-h\" style=\"color: #8c6d18;\">von<\/div><div class=\"lets-info-up-meta-content lets-info-up-title font-b\">Marc Schubring (Musik)<br>Wolfgang Adenberg (Buch und Gesangstexte)<\/div><\/div><div class=\"lets-info-up-block lets-info-up-meta-block\"><div class=\"lets-info-up-meta-title lets-info-up-pretitle font-h\" style=\"color: #8c6d18;\">Regie<\/div><div class=\"lets-info-up-meta-content lets-info-up-title font-b\">Franz-Joseph Dieken <\/div><\/div><div class=\"lets-info-up-block lets-info-up-meta-block\"><div class=\"lets-info-up-meta-title lets-info-up-pretitle font-h\" style=\"color: #8c6d18;\">Urauff\u00fchrung<\/div><div class=\"lets-info-up-meta-content lets-info-up-title font-b\">2001<\/div><\/div><div class=\"lets-info-up-block lets-info-up-meta-block\"><div class=\"lets-info-up-meta-title lets-info-up-pretitle font-h\" style=\"color: #8c6d18;\">INFOS<\/div><div class=\"lets-info-up-meta-content lets-info-up-title font-b\"><a href=\"https:\/\/www.theater-lueneburg.de\/emil-und-die-detektive\" data-type=\"link\" target=\"_blank\" rel=\"noopener noreferrer nofollow\">www.theater-lueneburg.de<\/a><\/div><\/div>\t\t\t<\/div>\r\n\t\t\t<\/div>\r\n\t\t<\/div>\r\n\t\t\n\n\n<p><strong>\u201eEmil und die Detektive\u201c l\u00e4sst nicht nur Kinderherzen h\u00f6herschlagen<\/strong><\/p>\n\n\n\n<p>\u201eParole Emil!\u201c tr\u00e4llert der Knirps vergn\u00fcgt, als er mit seinen Eltern aus dem Theater L\u00fcneburg in die kalte Januarnacht h\u00fcpft. Ja, das gleichnamige St\u00fcck aus dem Musical \u201eEmil und die Detektive\u201c hat zweifellos das Zeug zum Gassenhauer und Erich K\u00e4stners zugrunde liegende Detektivgeschichte auch bald 100 Jahre nach der Ver\u00f6ffentlichung nichts von ihrem Reiz und ihrer \u201eKindersolidarit\u00e4t vom Feinsten\u201c-Moral verloren. Es ist schlie\u00dflich selbst in TikTok- und Minecraft-Zeiten immer noch eine ber\u00fchrende Story von Zivilcourage, Zusammenhalt und Mut, die das literarische Multitalent da einst ersann. Deren Prosa und Lyrik haben Komponist Marc Schubring und sein Texter-Freund Wolfgang Adenberg 2001 zum Musical weiterentwickelt.<\/p>\n\n\n\n<p>Der zw\u00f6lfj\u00e4hrige Emil aus Neustadt f\u00e4hrt erstmals allein mit dem Zug zu seiner Oma nach Berlin. Seine Mutter hat ihm 140 Mark anvertraut, die ihm in der Bahn gestohlen werden. Doch Emil hat einen Verdacht und in der Hauptstadt angekommen, jagt er mit seinen neuen Freunden Gustav mit der Hupe, dem Professor, dem Kleinen Dienstag und einem Haufen anderer Berliner Jungs und M\u00e4dels dem Gauner hinterher \u2026<\/p>\n\n\n<div  class=\"tpgb-wrap-956d14_9503  tpgb-wrap-fw \"  ><div id=\"956d14_9503\" class=\"tpgb-block-956d14_9503 tpgb-relative-block tpgb-gallery-list tpgb-metro gallery-style-2 hover-image-style-1   \" data-style=\"style-2\" data-id=\"956d14_9503\" data-layout=\"metro\" data-fancy-option='{\"loop\":false,\"thumb\":\"no\",\"infobar\":true,\"arrows\":true,\"transitionEffect\":\"slide\",\"button\":[\"close\"]}' data-splide='\"\"' data-metroAttr= '{\"metro_col\":3,\"tab_metro_col\":3,\"mobile_metro_col\":3,\"metro_style\":\"style-1\",\"tab_metro_style\":\"style-1\",\"mobile_metro_style\":\"style-1\"}' ><div class=\"tpgb-row post-loop-inner \"><div class=\"grid-item metro-item-0    tpgb-metro-1  tpgb-tab-metro-1  tpgb-mobile-metro-1 \"><a href=\"https:\/\/www.musical-today.de\/wp-content\/uploads\/2025\/01\/DSC1654-scaled.jpg\" class=\"tpgb-gallery-list-content tpgb-trans-easeinout\" data-fancybox=\"956d14_9503\" data-caption=\"Foto: Nicolai Stephan\" aria-label=\"Foto: Nicolai Stephan\"><div class=\"post-content-image\"><div class=\"tpgb-metro-gallery-image\" style=\"background: url(https:\/\/www.musical-today.de\/wp-content\/uploads\/2025\/01\/DSC1654-scaled.jpg);\"><\/div><\/div><div class=\"post-content-center\"><div class=\"post-zoom-icon\"><div class=\"meta-search-icon\"><span><img decoding=\"async\" class=\"fancy-img\" src=\"https:\/\/www.musical-today.de\/wp-content\/uploads\/2025\/01\/DSC1654-scaled.jpg\" alt=\"Media Image1\" title=\"\"><i class=\"fas fa-search-plus pop-icon\"><\/i><\/span><\/div><\/div><div class=\"post-content-bottom\"><p class=\"post-title tpgb-trans-easeinout\">Foto: Nicolai Stephan<\/p><\/div><\/div><\/a><\/div><div class=\"grid-item metro-item-1    tpgb-metro-2  tpgb-tab-metro-2  tpgb-mobile-metro-2 \"><a href=\"https:\/\/www.musical-today.de\/wp-content\/uploads\/2025\/01\/DSC2284-scaled.jpg\" class=\"tpgb-gallery-list-content tpgb-trans-easeinout\" data-fancybox=\"956d14_9503\" data-caption=\"Foto: Nicolai Stephan\" aria-label=\"Foto: Nicolai Stephan\"><div class=\"post-content-image\"><div class=\"tpgb-metro-gallery-image\" style=\"background: url(https:\/\/www.musical-today.de\/wp-content\/uploads\/2025\/01\/DSC2284-scaled.jpg);\"><\/div><\/div><div class=\"post-content-center\"><div class=\"post-zoom-icon\"><div class=\"meta-search-icon\"><span><img decoding=\"async\" class=\"fancy-img\" src=\"https:\/\/www.musical-today.de\/wp-content\/uploads\/2025\/01\/DSC2284-scaled.jpg\" alt=\"Media Image2\" title=\"\"><i class=\"fas fa-search-plus pop-icon\"><\/i><\/span><\/div><\/div><div class=\"post-content-bottom\"><p class=\"post-title tpgb-trans-easeinout\">Foto: Nicolai Stephan<\/p><\/div><\/div><\/a><\/div><div class=\"grid-item metro-item-2    tpgb-metro-3  tpgb-tab-metro-3  tpgb-mobile-metro-3 \"><a href=\"https:\/\/www.musical-today.de\/wp-content\/uploads\/2025\/01\/DSC2157-scaled.jpg\" class=\"tpgb-gallery-list-content tpgb-trans-easeinout\" data-fancybox=\"956d14_9503\" data-caption=\"Foto: Nicolai Stephan\" aria-label=\"Foto: Nicolai Stephan\"><div class=\"post-content-image\"><div class=\"tpgb-metro-gallery-image\" style=\"background: url(https:\/\/www.musical-today.de\/wp-content\/uploads\/2025\/01\/DSC2157-scaled.jpg);\"><\/div><\/div><div class=\"post-content-center\"><div class=\"post-zoom-icon\"><div class=\"meta-search-icon\"><span><img decoding=\"async\" class=\"fancy-img\" src=\"https:\/\/www.musical-today.de\/wp-content\/uploads\/2025\/01\/DSC2157-scaled.jpg\" alt=\"Media Image3\" title=\"\"><i class=\"fas fa-search-plus pop-icon\"><\/i><\/span><\/div><\/div><div class=\"post-content-bottom\"><p class=\"post-title tpgb-trans-easeinout\">Foto: Nicolai Stephan<\/p><\/div><\/div><\/a><\/div><\/div><\/div><\/div>\n\n\n<p>Musikalisch haben Schubrings Kompositionen Schmiss und Witz und kn\u00fcpfen an den typischen Klang der legend\u00e4ren \u201eGoldenen Zwanziger\u201c an, den das Band-Trio Morgan Hunkele (Klavier), Erik Klein (Kontrabass) und Jan-Philipp Meyer (Schlagzeug) lustvoll \u201eweillen\u201c und swingen l\u00e4sst. Ein zeitgen\u00f6ssisches Konzeptmusical der gelungenen Art, zumal auch Dialoge mit Musik untermalt sind und die Handlung dynamisch vorantreiben. Ebenso wie das temporeiche Agieren, lassen doch Temperament, Schwung und Tanz nicht allein den gemeinen Dieb Herrn Grundeis (Steffen Neutze besitzt die n\u00f6tige Fiesheit in Stimme und Mimik) keinen Moment zur Ruhe kommen.<\/p>\n\n\n\n<p>Stars dieser Verbrecherjagd indes sind die jungen Detektive \u2013 und das im wahrsten Sinne des Wortes, denn in diese Rollen sind durchweg Kinder und Jugendliche der st\u00e4dtischen Musikschule und der Akademie Junges Musiktheater geschl\u00fcpft. Stimmlich naturgem\u00e4\u00df nicht ganz mit der dynamischen und Intonations-Sicherheit ihrer erwachsenen Kollegen ausgestattet, bewegen sie sich doch immer wieder wie eine gewitzte Revuetruppe und trumpfen mit Biss und Humor auf. Und Regisseur Franz-Joseph Dieken l\u00e4sst dem Nachwuchs Raum zum Auftrumpfen, wei\u00df der gestandene Mime doch nur zu gut, dass schon die kecke, helle Kinderstimme von Rosa Boulton als Kleiner Dienstag f\u00fcr Jubel im Saal sorgt. Allein die nicht ganz einfache Theaterakustik macht den jungen Detektiven bisweilen die Verst\u00e4ndlichkeit schwer \u2026 Das tut der Begeisterung im Saal aber keinen Abbruch, nicht zuletzt, weil auch zahlreiche Freunde und Familienangeh\u00f6rige den Weg ins Theater gefunden haben.<\/p>\n\n\n\n<p>Geschickt gel\u00f6st wurden obendrein die Grenzen der finanziellen Mittel, die f\u00fcr die Ausstattung zur Verf\u00fcgung standen: W\u00e4hrend Barbara Bloch die zwei Dutzend Kinder ebenso bunt wie teamtauglich mit bunten Westen, Fliegen und Elblotsenm\u00fctzen ausgestattet hat, setzt sie im B\u00fchnenbild, offenbar in Anlehnung an K\u00e4stners \u201eEmil\u201c-Illustrator Walter Trier, auf farbenfrohe Reduktion und Plakat-Inspiration der 20er Jahre. Zum Einsatz kommen rollbare Quader mit plakativen Himmel-, Baum- und Kioskmotiven, alles Weitere bleibt der Fantasie des Publikums und nat\u00fcrlich der Spielfreude des (jungen) Ensembles \u00fcberlassen. Eine Rechnung, die aufgeht, wie Fu\u00dfgetrampel, spitze Pfiffe und der Schlussjubel offenbaren: Parole Emil!<\/p>\n\n\n\n<hr class=\"wp-block-separator has-alpha-channel-opacity is-style-dots\"\/>\n\n\n\n<p class=\"has-small-font-size\">Musikalische Einstudierung: Elsine Haugstad \u2022 Ausstattung: Barbara Bloch \u2022 Choreografie: Rhea Gubler \u2022 Vocal Coach: Anna Schwemmer \u2022 Gesamtleitung: Clara Pauline Schnee \u2022 Mit: Elke Tauber (Erz\u00e4hler\/Schutzengel\/Kommissar), Lavinia Husmann (Frau Elsa Tischbein u.a.), Kirsten Patt (Emils Gro\u00dfmutter u.a.), Steffen Neutze (Herr Grundeis), Aleksandra Nygaard (Frau Jacob u.a.), Marcus Billen (Herr Habakuk u.a.), Yinghao Liu (Herr Schl\u00fcter u.a.), Mitgliedern des Kinderchores der Musikschule L\u00fcneburg \u2022 Band: Morgan Hunkele (Klavier\/Leitung), Erik Klein (Kontrabass), Jan-Philipp Meyer (Schlagzeug)<\/p>\n\n\n\n<p class=\"has-small-font-size\">Aufmacherfoto: Nicolai Stephan<\/p>\n\n\n\n<p><\/p>\n","protected":false},"excerpt":{"rendered":"<p>\u201eEmil und die Detektive\u201c l\u00e4sst nicht nur Kinderherzen h\u00f6herschlagen \u201eParole Emil!\u201c tr\u00e4llert der Knirps vergn\u00fcgt, als er mit seinen Eltern aus dem Theater L\u00fcneburg in die kalte Januarnacht h\u00fcpft. Ja, das gleichnamige St\u00fcck aus dem Musical \u201eEmil und die Detektive\u201c hat zweifellos das Zeug zum Gassenhauer und Erich K\u00e4stners zugrunde liegende Detektivgeschichte auch bald 100 Jahre nach der Ver\u00f6ffentlichung nichts von ihrem Reiz und ihrer \u201eKindersolidarit\u00e4t vom Feinsten\u201c-Moral verloren. Es ist schlie\u00dflich selbst in TikTok- und Minecraft-Zeiten immer noch eine [&hellip;]<\/p>\n","protected":false},"author":36,"featured_media":9500,"comment_status":"closed","ping_status":"closed","sticky":false,"template":"","format":"standard","meta":{"tpgb_global_settings":"","footnotes":""},"categories":[89],"tags":[],"class_list":["post-9503","post","type-post","status-publish","format-standard","has-post-thumbnail","hentry","category-lueneburg"],"tpgb_featured_images":{"full":["https:\/\/www.musical-today.de\/wp-content\/uploads\/2025\/01\/DSC2336-scaled.jpg",2560,1707,false],"tp-image-grid":["https:\/\/www.musical-today.de\/wp-content\/uploads\/2025\/01\/DSC2336-700x700.jpg",700,700,true],"thumbnail":["https:\/\/www.musical-today.de\/wp-content\/uploads\/2025\/01\/DSC2336-600x400.jpg",600,400,true],"medium":["https:\/\/www.musical-today.de\/wp-content\/uploads\/2025\/01\/DSC2336-1200x800.jpg",1200,800,true],"medium_large":["https:\/\/www.musical-today.de\/wp-content\/uploads\/2025\/01\/DSC2336-949x633.jpg",770,514,true],"large":["https:\/\/www.musical-today.de\/wp-content\/uploads\/2025\/01\/DSC2336-1920x1280.jpg",1139,759,true],"default":"https:\/\/www.musical-today.de\/wp-content\/plugins\/the-plus-addons-for-block-editor\/assets\/images\/tpgb-placeholder.jpg"},"tpgb_post_meta_info":{"get_date":"20.01.2025","get_modified_date":"15.04.2025","category_list":{"category":[{"term_id":89,"name":"L\u00fcneburg","slug":"lueneburg","term_group":0,"term_taxonomy_id":89,"taxonomy":"category","description":"","parent":19,"count":7,"filter":"raw","term_order":"61"}],"post_tag":false,"post_format":false},"author_name":"Christoph Forsthoff","author_url":"https:\/\/www.musical-today.de\/en\/autor\/christophforsthoff\/","author_email":"temporary-removeFM60NosPo3lWRXT@tmp.com","author_website":"","author_description":"war Ressortleiter, Textchef und Blattmacher, u.a. bei der Financial Times Deutschland. Seit 2001 betreibt der Cello-Liebhaber sein netzwerk Redaktionsb\u00fcro und arbeitet als Kulturjournalist f\u00fcr Medien in Deutschland, \u00d6sterreich, Luxemburg und der Schweiz. Seine Liebe zu Mecklenburg-Vorpommern und den dortigen Festspielen m\u00fcndete 2010 in der Gr\u00fcndung des Forsthoff-Cellofonds.","author_facebook":"","author_twitter":"","author_instagram":"","author_role":["author"],"author_firstname":"Christoph","author_lastname":"Forsthoff","user_login":"christophforsthoff","author_avatar":"<img src=\"https:\/\/www.musical-today.de\/wp-content\/uploads\/2024\/03\/Autor_Forsthoff-293x293.jpg\" width=\"200\" height=\"200\" alt=\"Christoph Forsthoff\" class=\"avatar avatar-200 wp-user-avatar wp-user-avatar-200 alignnone photo\" \/>","author_avatar_url":"https:\/\/www.musical-today.de\/wp-content\/uploads\/2024\/03\/Autor_Forsthoff.jpg","comment_count":0,"post_likes":0,"post_views":0},"tpgb_post_category":{"category":"<a href=\"https:\/\/www.musical-today.de\/en\/deutschland\/lueneburg\/\" alt=\"L\u00fcneburg\"  class=\"category-lueneburg\">L\u00fcneburg<\/a> "},"_links":{"self":[{"href":"https:\/\/www.musical-today.de\/en\/wp-json\/wp\/v2\/posts\/9503","targetHints":{"allow":["GET"]}}],"collection":[{"href":"https:\/\/www.musical-today.de\/en\/wp-json\/wp\/v2\/posts"}],"about":[{"href":"https:\/\/www.musical-today.de\/en\/wp-json\/wp\/v2\/types\/post"}],"author":[{"embeddable":true,"href":"https:\/\/www.musical-today.de\/en\/wp-json\/wp\/v2\/users\/36"}],"replies":[{"embeddable":true,"href":"https:\/\/www.musical-today.de\/en\/wp-json\/wp\/v2\/comments?post=9503"}],"version-history":[{"count":0,"href":"https:\/\/www.musical-today.de\/en\/wp-json\/wp\/v2\/posts\/9503\/revisions"}],"wp:featuredmedia":[{"embeddable":true,"href":"https:\/\/www.musical-today.de\/en\/wp-json\/wp\/v2\/media\/9500"}],"wp:attachment":[{"href":"https:\/\/www.musical-today.de\/en\/wp-json\/wp\/v2\/media?parent=9503"}],"wp:term":[{"taxonomy":"category","embeddable":true,"href":"https:\/\/www.musical-today.de\/en\/wp-json\/wp\/v2\/categories?post=9503"},{"taxonomy":"post_tag","embeddable":true,"href":"https:\/\/www.musical-today.de\/en\/wp-json\/wp\/v2\/tags?post=9503"}],"curies":[{"name":"wp","href":"https:\/\/api.w.org\/{rel}","templated":true}]}}