{"id":9582,"date":"2025-02-04T09:38:05","date_gmt":"2025-02-04T08:38:05","guid":{"rendered":"https:\/\/www.musical-today.de\/?p=9582"},"modified":"2025-04-15T14:28:19","modified_gmt":"2025-04-15T12:28:19","slug":"neustrelitz-chicago","status":"publish","type":"post","link":"https:\/\/www.musical-today.de\/en\/neustrelitz-chicago\/","title":{"rendered":"Chicago"},"content":{"rendered":"<div class=\"lets-info-up-wrap  lets-info-up--right lets-info-up--m-1 lets-info-up-skin-3 lets-info-up--side lets-info-up-53789\" style=\"background:#fafafa; color: #616161\">\t\t\t<div class=\"lets-info-up\">\r\n\t\t\t<div class=\"lets-info-up-fi\"><img decoding=\"async\" width=\"500\" height=\"375\" src=\"https:\/\/www.musical-today.de\/wp-content\/uploads\/visual-portfolio\/placeholder-500x375.png\" class=\"attachment-lets-info-up-d1 size-lets-info-up-d1\" alt=\"|\" srcset=\"https:\/\/www.musical-today.de\/wp-content\/uploads\/visual-portfolio\/placeholder-500x375.png 500w, https:\/\/www.musical-today.de\/wp-content\/uploads\/visual-portfolio\/placeholder-300x225.png 300w, https:\/\/www.musical-today.de\/wp-content\/uploads\/visual-portfolio\/placeholder-1024x767.png 1024w, https:\/\/www.musical-today.de\/wp-content\/uploads\/visual-portfolio\/placeholder-883x662.png 883w, https:\/\/www.musical-today.de\/wp-content\/uploads\/visual-portfolio\/placeholder-16x12.png 16w, https:\/\/www.musical-today.de\/wp-content\/uploads\/visual-portfolio\/placeholder-800x600.png 800w, https:\/\/www.musical-today.de\/wp-content\/uploads\/visual-portfolio\/placeholder.png 1201w\" sizes=\"(max-width: 500px) 100vw, 500px\" title=\"\"><\/div>\t\t\t<div class=\"lets-info-up-block-wrap\">\r\n\t\t\t\t<div class=\"lets-info-up-block lets-info-up-meta-block\"><div class=\"lets-info-up-meta-title lets-info-up-pretitle font-h\" style=\"color: #8c6d18;\">Ort<\/div><div class=\"lets-info-up-meta-content lets-info-up-title font-b\">Theater Neubrandenburg\/Neustrelitz<\/div><\/div><div class=\"lets-info-up-block lets-info-up-meta-block\"><div class=\"lets-info-up-meta-title lets-info-up-pretitle font-h\" style=\"color: #8c6d18;\">VON<\/div><div class=\"lets-info-up-meta-content lets-info-up-title font-b\">John Kander (Musik)<br>Fred Ebb und Bob Fosse (Buch)<br>Fred Ebb (Gesangstexte)<\/div><\/div><div class=\"lets-info-up-block lets-info-up-meta-block\"><div class=\"lets-info-up-meta-title lets-info-up-pretitle font-h\" style=\"color: #8c6d18;\">Regie<\/div><div class=\"lets-info-up-meta-content lets-info-up-title font-b\">Amy Share-Kissiov<\/div><\/div><div class=\"lets-info-up-block lets-info-up-meta-block\"><div class=\"lets-info-up-meta-title lets-info-up-pretitle font-h\" style=\"color: #8c6d18;\">Urauff\u00fchrung<\/div><div class=\"lets-info-up-meta-content lets-info-up-title font-b\">1975<\/div><\/div><div class=\"lets-info-up-block lets-info-up-meta-block\"><div class=\"lets-info-up-meta-title lets-info-up-pretitle font-h\" style=\"color: #8c6d18;\">INFOS<\/div><div class=\"lets-info-up-meta-content lets-info-up-title font-b\"><a href=\"https:\/\/tog.de\/projekte\/chicago\/\" data-type=\"link\" target=\"_blank\" rel=\"noopener noreferrer nofollow\">www.tog.de<\/a><\/div><\/div>\t\t\t<\/div>\r\n\t\t\t<\/div>\r\n\t\t<\/div>\r\n\t\t\n\n\n<p><strong>Der Klassiker \u201eChicago\u201c in einer perfekt getimten, erstklassigen Inszenierung<\/strong><\/p>\n\n\n\n<p>In einem Interview bezeichnete John Kander seinen Broadway-Dauerbrenner \u201eChicago\u201c k\u00fcrzlich als recht brav und erg\u00e4nzte: \u201eHeute w\u00fcrde ich das St\u00fcck deutlich frecher auf die B\u00fchne bringen.\u201c Sei\u2019s drum, das Musical fiel schon bei seiner Urauff\u00fchrung 1975 ziemlich aus der Rolle, machte vor allem mit dem New Yorker Revival 1996 m\u00e4chtig Furore und markierte fortan Rekorde. Immer noch zieht das bissig-satirische St\u00fcck \u00fcber die in den 20er Jahren g\u00e4ngige Korruption in der \u201eWindy City\u201c am Michigansee durch sein rasantes Buch und eine knallig-grelle Musik rund um den Globus das Publikum an. Die mordenden und \u00e4u\u00dferst lasziven Knast-Ladies zelebrieren lustvoll den brodelnden Jazz hinter Gittern und zeigen selbstbewusst M\u00e4nnern ihre blutigen Krallen mit verf\u00fchrerischer Unschuldsmiene. Nun auch am Landestheater Neustrelitz, wo Regisseurin und Choreografin Amy Share-Kissiov eine kurzweilige, knackige Show auf die Bretter zaubert.&nbsp;<\/p>\n\n\n<div  class=\"tpgb-wrap-956d14_9582  tpgb-wrap-fw \"  ><div id=\"956d14_9582\" class=\"tpgb-block-956d14_9582 tpgb-relative-block tpgb-gallery-list tpgb-metro gallery-style-2 hover-image-style-1   \" data-style=\"style-2\" data-id=\"956d14_9582\" data-layout=\"metro\" data-fancy-option='{\"loop\":false,\"thumb\":\"no\",\"infobar\":true,\"arrows\":true,\"transitionEffect\":\"slide\",\"button\":[\"close\"]}' data-splide='\"\"' data-metroAttr= '{\"metro_col\":3,\"tab_metro_col\":3,\"mobile_metro_col\":3,\"metro_style\":\"style-1\",\"tab_metro_style\":\"style-1\",\"mobile_metro_style\":\"style-1\"}' ><div class=\"tpgb-row post-loop-inner \"><div class=\"grid-item metro-item-0    tpgb-metro-1  tpgb-tab-metro-1  tpgb-mobile-metro-1 \"><a href=\"https:\/\/www.musical-today.de\/wp-content\/uploads\/2025\/02\/Laura-Scherwitzl-Roxie-Hart-Andres-Felipe-Orozco-Billy-Flynn-Opernchor-1-scaled.jpg\" class=\"tpgb-gallery-list-content tpgb-trans-easeinout\" data-fancybox=\"956d14_9582\" data-caption=\"Foto: TOG\/J\u00f6rg Metzner\" aria-label=\"Foto: TOG\/J\u00f6rg Metzner\"><div class=\"post-content-image\"><div class=\"tpgb-metro-gallery-image\" style=\"background: url(https:\/\/www.musical-today.de\/wp-content\/uploads\/2025\/02\/Laura-Scherwitzl-Roxie-Hart-Andres-Felipe-Orozco-Billy-Flynn-Opernchor-1-scaled.jpg);\"><\/div><\/div><div class=\"post-content-center\"><div class=\"post-zoom-icon\"><div class=\"meta-search-icon\"><span><img decoding=\"async\" class=\"fancy-img\" src=\"https:\/\/www.musical-today.de\/wp-content\/uploads\/2025\/02\/Laura-Scherwitzl-Roxie-Hart-Andres-Felipe-Orozco-Billy-Flynn-Opernchor-1-scaled.jpg\" alt=\"Media Image1\" title=\"\"><i class=\"fas fa-search-plus pop-icon\"><\/i><\/span><\/div><\/div><div class=\"post-content-bottom\"><p class=\"post-title tpgb-trans-easeinout\">Foto: TOG\/J\u00f6rg Metzner<\/p><\/div><\/div><\/a><\/div><div class=\"grid-item metro-item-1    tpgb-metro-2  tpgb-tab-metro-2  tpgb-mobile-metro-2 \"><a href=\"https:\/\/www.musical-today.de\/wp-content\/uploads\/2025\/02\/Laura-Albert-Velma-Kelly-Deutsche-Tanzkompanie-Opernchor_-scaled.jpg\" class=\"tpgb-gallery-list-content tpgb-trans-easeinout\" data-fancybox=\"956d14_9582\" data-caption=\"Foto: TOG\/J\u00f6rg Metzner\" aria-label=\"Foto: TOG\/J\u00f6rg Metzner\"><div class=\"post-content-image\"><div class=\"tpgb-metro-gallery-image\" style=\"background: url(https:\/\/www.musical-today.de\/wp-content\/uploads\/2025\/02\/Laura-Albert-Velma-Kelly-Deutsche-Tanzkompanie-Opernchor_-scaled.jpg);\"><\/div><\/div><div class=\"post-content-center\"><div class=\"post-zoom-icon\"><div class=\"meta-search-icon\"><span><img decoding=\"async\" class=\"fancy-img\" src=\"https:\/\/www.musical-today.de\/wp-content\/uploads\/2025\/02\/Laura-Albert-Velma-Kelly-Deutsche-Tanzkompanie-Opernchor_-scaled.jpg\" alt=\"Media Image2\" title=\"\"><i class=\"fas fa-search-plus pop-icon\"><\/i><\/span><\/div><\/div><div class=\"post-content-bottom\"><p class=\"post-title tpgb-trans-easeinout\">Foto: TOG\/J\u00f6rg Metzner<\/p><\/div><\/div><\/a><\/div><div class=\"grid-item metro-item-2    tpgb-metro-3  tpgb-tab-metro-3  tpgb-mobile-metro-3 \"><a href=\"https:\/\/www.musical-today.de\/wp-content\/uploads\/2025\/02\/barba-leghien-scaled.jpg\" class=\"tpgb-gallery-list-content tpgb-trans-easeinout\" data-fancybox=\"956d14_9582\" data-caption=\"Foto: TOG\/J\u00f6rg Metzner\" aria-label=\"Foto: TOG\/J\u00f6rg Metzner\"><div class=\"post-content-image\"><div class=\"tpgb-metro-gallery-image\" style=\"background: url(https:\/\/www.musical-today.de\/wp-content\/uploads\/2025\/02\/barba-leghien-scaled.jpg);\"><\/div><\/div><div class=\"post-content-center\"><div class=\"post-zoom-icon\"><div class=\"meta-search-icon\"><span><img decoding=\"async\" class=\"fancy-img\" src=\"https:\/\/www.musical-today.de\/wp-content\/uploads\/2025\/02\/barba-leghien-scaled.jpg\" alt=\"Media Image3\" title=\"\"><i class=\"fas fa-search-plus pop-icon\"><\/i><\/span><\/div><\/div><div class=\"post-content-bottom\"><p class=\"post-title tpgb-trans-easeinout\">Foto: TOG\/J\u00f6rg Metzner<\/p><\/div><\/div><\/a><\/div><\/div><\/div><\/div>\n\n\n<p>Nach \u201eCabaret\u201c legten Fred Ebb und John Kander mit \u201eChicago\u201c einen weiteren Evergreen hin, der zeitlos und frisch wirkt. Die Geschichte von Velma, Roxie, Anwalt Billy Flynn, Aufseherin Morton, Klatschreporterin Mary Sunshine, dem geh\u00f6rnten Ehemann Amos Hart und den Schicksalsgenossinnen ist temporeich und kaleidoskopartig erz\u00e4hlt. Der Sound greift den Ton der damaligen Zeit auf, entsprechend pulsiert der Jazz aus s\u00e4mtlichen Poren. David Levi bringt die von ihm geleitete Neubrandenburger Philharmonie sofort auf Hochtouren, um jede Facette aus der Partitur heraus zu kitzeln und den Songs reichlich Pfeffer zu geben. Zur hellsten Freude der Besucher, die auf Anhieb in beste Stimmung kommen.<\/p>\n\n\n\n<p>Amy Share-Kissiov setzt mit ihrer kreativen Choreografie und klug durchgearbeiteten Regie auf pulsierende Bewegung. Daf\u00fcr nutzt sie die flei\u00dfig rotierende Drehb\u00fchne. Vor der legend\u00e4ren Chicago-Kulisse spielt sich das trubelig-wuselige Geschehen ab. B\u00fchnenbildnerin Olga von Wahl begn\u00fcgt sich mit wenigen Andeutungen, um rasant zwischen Gef\u00e4ngnis, Kanzlei und Gerichtssaal zu pendeln. Alles ist im Fluss und irgendwie auch aus den Fugen. Recht und Unrecht, K\u00e4uflichkeit und perfide Schlagzeilen-Geilheit der Medien purzeln hier pr\u00e4chtig und lustvoll durcheinander. Alexandra Bentele kleidet das Ensemble im Stil der \u201eRoaring Twenties\u201c, verwegen k\u00f6rperbetont und gern mit Glitzerflitter. Im Epizentrum steht addierter Schwindel, von der Biografie bis zur Verhandlung mit geballtem Tr\u00e4nendr\u00fcsen-Effekt. Am Ende mutiert der Conferencier (Markus Kopp) zur gestenreichen Donald-Trump-Kopie, er hat die Killer-Girls Velma und Roxy l\u00fcstern im Visier. Die Gegenwart wiederholt, so die klare Botschaft, das einst bew\u00e4hrte \u201eThe Show Must Go On\u201c-Muster, inklusive aktuellem \u201eAmerica first\u201c-Pl\u00e4doyer.<\/p>\n\n\n\n<p>Die Lesart der Regisseurin geht auf, wirkt stringent und sehr unterhaltsam. S\u00e4mtliche Charaktere sind pointiert, gesch\u00e4rft und ironisch \u00fcberh\u00f6ht, ohne zur Karikatur zu geraten. Das Ensemble l\u00e4sst \u201eChicago\u201c vom ersten Moment an richtig krachen. Laura Scherwitzl als durchtriebene, jedes Gef\u00fchlsregister ziehende Roxy Hart und Laura Albert als ihre ebenfalls gerissene Widersacherin Velma Kelly tanzen, singen und spielen sich mit Verve durch die rund drei Stunden, assistiert von Andr\u00e9s Felipe Orozco als skrupellos-schmierigem Anwalt Billy Flynn, der extrovertierten Mary Sunshine von Barbara Legiehn, der hundsordin\u00e4ren Knast-Leiterin Morton (Julia Baier-Tarasova) und dem biederen Cellophan-Softie Amos Hart von Sebastian Naglatzki. Der agile Opernchor sowie die gelenkigen Akteurinnen und Akteure der Deutschen Tanzkompanie schmiegen sich kongenial in diese perfekt getimte, erstklassige Inszenierung. Das Landestheater platziert mit \u201eChicago\u201c ein Bestsiegel-Ausrufezeichen \u2013 das Publikum reagiert am Ende mit langen Ovationen.&nbsp;&nbsp;<\/p>\n\n\n\n<hr class=\"wp-block-separator has-alpha-channel-opacity is-style-dots\"\/>\n\n\n\n<p class=\"has-small-font-size\">Musikalische Leitung: David Levi \u2022 Regie und Choreografie: Amy Share-Kissiov \u2022 B\u00fchne: Olga von Wahl \u2022 Kost\u00fcme: Alexandra Bentele \u2022 Chor: Joseph Feigl \u2022 Mit: Markus Kopp (Conferencier), Laura Albert (Velma Kelly), Laura Scherwitzl (Roxie Hart), Andr\u00e9s Felipe Orozco (Billy Flynn), Sebastian Naglatzki (Amos Hart), Julia Baier-Tarasova (Oberin Morton), Barbara Legiehn (Mary Sunshine), Krysztof Napierala (Fred Casely), Sylke Urbanek (Liz), Gabrielle Penney (Annie), Grit Kolpatzik (June), Clarissa Gehring (Hunyak), Fernanda de Araujo (Mona) u.a. \u2022 Opernchor der TOG \u2022 Deutsche Tanzkompanie \u2022 Neubrandenburger Philharmonie<\/p>\n\n\n\n<p class=\"has-small-font-size\">Aufmacherfoto: TOG\/J\u00f6rg Metzner<\/p>\n","protected":false},"excerpt":{"rendered":"<p>Der Klassiker \u201eChicago\u201c in einer perfekt getimten, erstklassigen Inszenierung In einem Interview bezeichnete John Kander seinen Broadway-Dauerbrenner \u201eChicago\u201c k\u00fcrzlich als recht brav und erg\u00e4nzte: \u201eHeute w\u00fcrde ich das St\u00fcck deutlich frecher auf die B\u00fchne bringen.\u201c Sei\u2019s drum, das Musical fiel schon bei seiner Urauff\u00fchrung 1975 ziemlich aus der Rolle, machte vor allem mit dem New Yorker Revival 1996 m\u00e4chtig Furore und markierte fortan Rekorde. Immer noch zieht das bissig-satirische St\u00fcck \u00fcber die in den 20er Jahren g\u00e4ngige Korruption in der [&hellip;]<\/p>\n","protected":false},"author":4,"featured_media":9564,"comment_status":"closed","ping_status":"closed","sticky":false,"template":"","format":"standard","meta":{"tpgb_global_settings":"","footnotes":""},"categories":[99],"tags":[],"class_list":["post-9582","post","type-post","status-publish","format-standard","has-post-thumbnail","hentry","category-neustrelitz"],"tpgb_featured_images":{"full":["https:\/\/www.musical-today.de\/wp-content\/uploads\/2025\/02\/Andres-Felipe-Orozco-Billy-Flynn-Deutsche-Tanzkompanie-Opernchor-scaled.jpg",2560,1703,false],"tp-image-grid":["https:\/\/www.musical-today.de\/wp-content\/uploads\/2025\/02\/Andres-Felipe-Orozco-Billy-Flynn-Deutsche-Tanzkompanie-Opernchor-700x700.jpg",700,700,true],"thumbnail":["https:\/\/www.musical-today.de\/wp-content\/uploads\/2025\/02\/Andres-Felipe-Orozco-Billy-Flynn-Deutsche-Tanzkompanie-Opernchor-600x399.jpg",600,399,true],"medium":["https:\/\/www.musical-today.de\/wp-content\/uploads\/2025\/02\/Andres-Felipe-Orozco-Billy-Flynn-Deutsche-Tanzkompanie-Opernchor-1200x799.jpg",1200,799,true],"medium_large":["https:\/\/www.musical-today.de\/wp-content\/uploads\/2025\/02\/Andres-Felipe-Orozco-Billy-Flynn-Deutsche-Tanzkompanie-Opernchor-949x631.jpg",770,512,true],"large":["https:\/\/www.musical-today.de\/wp-content\/uploads\/2025\/02\/Andres-Felipe-Orozco-Billy-Flynn-Deutsche-Tanzkompanie-Opernchor-1920x1278.jpg",1139,758,true],"default":"https:\/\/www.musical-today.de\/wp-content\/plugins\/the-plus-addons-for-block-editor\/assets\/images\/tpgb-placeholder.jpg"},"tpgb_post_meta_info":{"get_date":"04.02.2025","get_modified_date":"15.04.2025","category_list":{"category":[{"term_id":99,"name":"Neustrelitz","slug":"neustrelitz","term_group":0,"term_taxonomy_id":99,"taxonomy":"category","description":"","parent":19,"count":3,"filter":"raw","term_order":"70"}],"post_tag":false,"post_format":false},"author_name":"J\u00fcrgen Rickert","author_url":"https:\/\/www.musical-today.de\/en\/autor\/juergenrickert\/","author_email":"maail@valentinboesing.de","author_website":"","author_description":"Redakteur, Journalist, PR-Manager, P\u00e4dagoge. Arbeit in s\u00e4mtlichen Medien, mit Schwerpunkt Musiktheater-Rezensionen. Mitinitiator verschiedener internationaler Formate der UNESCO wie Euro-Arabischer Dialog, Deutsch-Afrikanische Jugendakademie, Climate Action Network. Dramaturgie und Produktionsleitung, z. B. \"Wohin gehst Du\" (Tanzprojekt), \"Gelbe Ohrfeigen\" (ARTE), Entwicklung des mehrfach interkontinental durchgef\u00fchrten Konzepts \"From Head to Heart\" mit szenischen Installationen.","author_facebook":"","author_twitter":"","author_instagram":"","author_role":["redakteur","author","editor","redaktionsteam"],"author_firstname":"J\u00fcrgen","author_lastname":"Rickert","user_login":"hjr","author_avatar":"<img src=\"https:\/\/www.musical-today.de\/wp-content\/uploads\/2024\/01\/cropped-Bildschirmfoto-2024-01-21-um-09.35.54-293x293.jpeg\" width=\"200\" height=\"200\" alt=\"J\u00fcrgen Rickert\" class=\"avatar avatar-200 wp-user-avatar wp-user-avatar-200 alignnone photo\" \/>","author_avatar_url":"https:\/\/www.musical-today.de\/wp-content\/uploads\/2024\/01\/cropped-Bildschirmfoto-2024-01-21-um-09.35.54.jpeg","comment_count":0,"post_likes":0,"post_views":0},"tpgb_post_category":{"category":"<a href=\"https:\/\/www.musical-today.de\/en\/deutschland\/neustrelitz\/\" alt=\"Neustrelitz\"  class=\"category-neustrelitz\">Neustrelitz<\/a> "},"_links":{"self":[{"href":"https:\/\/www.musical-today.de\/en\/wp-json\/wp\/v2\/posts\/9582","targetHints":{"allow":["GET"]}}],"collection":[{"href":"https:\/\/www.musical-today.de\/en\/wp-json\/wp\/v2\/posts"}],"about":[{"href":"https:\/\/www.musical-today.de\/en\/wp-json\/wp\/v2\/types\/post"}],"author":[{"embeddable":true,"href":"https:\/\/www.musical-today.de\/en\/wp-json\/wp\/v2\/users\/4"}],"replies":[{"embeddable":true,"href":"https:\/\/www.musical-today.de\/en\/wp-json\/wp\/v2\/comments?post=9582"}],"version-history":[{"count":0,"href":"https:\/\/www.musical-today.de\/en\/wp-json\/wp\/v2\/posts\/9582\/revisions"}],"wp:featuredmedia":[{"embeddable":true,"href":"https:\/\/www.musical-today.de\/en\/wp-json\/wp\/v2\/media\/9564"}],"wp:attachment":[{"href":"https:\/\/www.musical-today.de\/en\/wp-json\/wp\/v2\/media?parent=9582"}],"wp:term":[{"taxonomy":"category","embeddable":true,"href":"https:\/\/www.musical-today.de\/en\/wp-json\/wp\/v2\/categories?post=9582"},{"taxonomy":"post_tag","embeddable":true,"href":"https:\/\/www.musical-today.de\/en\/wp-json\/wp\/v2\/tags?post=9582"}],"curies":[{"name":"wp","href":"https:\/\/api.w.org\/{rel}","templated":true}]}}