{"id":9692,"date":"2025-02-19T16:49:49","date_gmt":"2025-02-19T15:49:49","guid":{"rendered":"https:\/\/www.musical-today.de\/?p=9692"},"modified":"2025-04-15T14:28:19","modified_gmt":"2025-04-15T12:28:19","slug":"berlin-verbrechen-tanatas-teeschale","status":"publish","type":"post","link":"https:\/\/www.musical-today.de\/en\/berlin-verbrechen-tanatas-teeschale\/","title":{"rendered":"Verbrechen \u2013 Tanatas Teeschale"},"content":{"rendered":"<div class=\"lets-info-up-wrap  lets-info-up--right lets-info-up--m-1 lets-info-up-skin-3 lets-info-up--side lets-info-up-59694\" style=\"background:#fafafa; color: #616161\">\t\t\t<div class=\"lets-info-up\">\r\n\t\t\t<div class=\"lets-info-up-fi\"><img decoding=\"async\" width=\"500\" height=\"333\" src=\"https:\/\/www.musical-today.de\/wp-content\/uploads\/2024\/01\/qi-addons-for-elementor-placeholder-500x333.png\" class=\"attachment-lets-info-up-d1 size-lets-info-up-d1\" alt=\"|\" srcset=\"https:\/\/www.musical-today.de\/wp-content\/uploads\/2024\/01\/qi-addons-for-elementor-placeholder-500x333.png 500w, https:\/\/www.musical-today.de\/wp-content\/uploads\/2024\/01\/qi-addons-for-elementor-placeholder-300x200.png 300w, https:\/\/www.musical-today.de\/wp-content\/uploads\/2024\/01\/qi-addons-for-elementor-placeholder-1024x683.png 1024w, https:\/\/www.musical-today.de\/wp-content\/uploads\/2024\/01\/qi-addons-for-elementor-placeholder-883x589.png 883w, https:\/\/www.musical-today.de\/wp-content\/uploads\/2024\/01\/qi-addons-for-elementor-placeholder-18x12.png 18w, https:\/\/www.musical-today.de\/wp-content\/uploads\/2024\/01\/qi-addons-for-elementor-placeholder-360x240.png 360w, https:\/\/www.musical-today.de\/wp-content\/uploads\/2024\/01\/qi-addons-for-elementor-placeholder-1155x770.png 1155w, https:\/\/www.musical-today.de\/wp-content\/uploads\/2024\/01\/qi-addons-for-elementor-placeholder-370x247.png 370w, https:\/\/www.musical-today.de\/wp-content\/uploads\/2024\/01\/qi-addons-for-elementor-placeholder-770x513.png 770w, https:\/\/www.musical-today.de\/wp-content\/uploads\/2024\/01\/qi-addons-for-elementor-placeholder-293x195.png 293w, https:\/\/www.musical-today.de\/wp-content\/uploads\/2024\/01\/qi-addons-for-elementor-placeholder-120x80.png 120w, https:\/\/www.musical-today.de\/wp-content\/uploads\/2024\/01\/qi-addons-for-elementor-placeholder-240x160.png 240w, https:\/\/www.musical-today.de\/wp-content\/uploads\/2024\/01\/qi-addons-for-elementor-placeholder-390x260.png 390w, https:\/\/www.musical-today.de\/wp-content\/uploads\/2024\/01\/qi-addons-for-elementor-placeholder.png 1200w\" sizes=\"(max-width: 500px) 100vw, 500px\" title=\"\"><\/div>\t\t\t<div class=\"lets-info-up-block-wrap\">\r\n\t\t\t\t<div class=\"lets-info-up-block lets-info-up-meta-block\"><div class=\"lets-info-up-meta-title lets-info-up-pretitle font-h\" style=\"color: #8c6d18;\">oRT<\/div><div class=\"lets-info-up-meta-content lets-info-up-title font-b\">Neuk\u00f6llner Oper Berlin<\/div><\/div><div class=\"lets-info-up-block lets-info-up-meta-block\"><div class=\"lets-info-up-meta-title lets-info-up-pretitle font-h\" style=\"color: #8c6d18;\">von<\/div><div class=\"lets-info-up-meta-content lets-info-up-title font-b\">Fabian Gerhardt und Kamil \u201eDemian\u201c (Buch &amp; Gesangstexte)<br>Wolfgang B\u00f6hmer (Musik)<\/div><\/div><div class=\"lets-info-up-block lets-info-up-meta-block\"><div class=\"lets-info-up-meta-title lets-info-up-pretitle font-h\" style=\"color: #8c6d18;\">Regie<\/div><div class=\"lets-info-up-meta-content lets-info-up-title font-b\">Fabian Gerhardt<\/div><\/div><div class=\"lets-info-up-block lets-info-up-meta-block\"><div class=\"lets-info-up-meta-title lets-info-up-pretitle font-h\" style=\"color: #8c6d18;\">Urauff\u00fchrung<\/div><div class=\"lets-info-up-meta-content lets-info-up-title font-b\">2025<\/div><\/div><div class=\"lets-info-up-block lets-info-up-meta-block\"><div class=\"lets-info-up-meta-title lets-info-up-pretitle font-h\" style=\"color: #8c6d18;\">INFOS<\/div><div class=\"lets-info-up-meta-content lets-info-up-title font-b\"><a href=\"https:\/\/www.neukoellneroper.de\/performance\/verbrechen-tanatas-teeschale\/\" data-type=\"link\" target=\"_blank\" rel=\"noopener noreferrer nofollow\">www.neukoellneroper.de<\/a><\/div><\/div>\t\t\t<\/div>\r\n\t\t\t<\/div>\r\n\t\t<\/div>\r\n\t\t\n\n\n<p><strong>Zwischen Macht und Moral: \u201eTanatas Teeschale\u201c als d\u00fcsteres Gangster-Musical&nbsp;<\/strong><\/p>\n\n\n\n<p>Ferdinand von Schirach kennt aus seiner T\u00e4tigkeit als Strafverteidiger so manche Abgr\u00fcnde, die selbst hartgesottene Zeitgenossen das Schaudern lehren k\u00f6nnen. Elf bemerkenswerte F\u00e4lle aus seiner Laufbahn hielt er im 2009 erschienenen Kurzgeschichtenband \u201eVerbrechen\u201c in literarisch verfremdeter Form fest. Nach TV-Adaptionen schafft es nun die erste dieser Erz\u00e4hlungen auf die Musicalb\u00fchne der Neuk\u00f6llner Oper in Berlin: \u201eTanatas Teeschale\u201c, die Fallstudie dreier draufg\u00e4ngerischer Kleinkrimineller, denen ein schwerer Diebstahl in Berlin-Dahlem geh\u00f6rig \u00fcber den Kopf w\u00e4chst. Die Inszenierung \u00fcbersetzt Schirachs n\u00fcchternen Erz\u00e4hlstil in eine atmosph\u00e4risch dichte, musikalisch vielseitige Darstellung der Berliner Unterwelt \u2013 zwischen Krimi, Kom\u00f6die und Moritat. Damit setzt das Kreativteam um Fabian Gerhardt (Regie, Buch und Gesangstexte), Kamil \u201eDemian\u201c (Buch und Raptext) und Wolfgang B\u00f6hmer (Musik) die Produktion in jenem Bezirk um, der zugleich Haupthandlungsort und Heimat der Protagonisten ist.<\/p>\n\n\n<div  class=\"tpgb-wrap-956d14_9692  tpgb-wrap-fw \"  ><div id=\"956d14_9692\" class=\"tpgb-block-956d14_9692 tpgb-relative-block tpgb-gallery-list tpgb-metro gallery-style-2 hover-image-style-1   \" data-style=\"style-2\" data-id=\"956d14_9692\" data-layout=\"metro\" data-fancy-option='{\"loop\":false,\"thumb\":\"no\",\"infobar\":true,\"arrows\":true,\"transitionEffect\":\"slide\",\"button\":[\"close\"]}' data-splide='\"\"' data-metroAttr= '{\"metro_col\":3,\"tab_metro_col\":3,\"mobile_metro_col\":3,\"metro_style\":\"style-1\",\"tab_metro_style\":\"style-1\",\"mobile_metro_style\":\"style-1\"}' ><div class=\"tpgb-row post-loop-inner \"><div class=\"grid-item metro-item-0    tpgb-metro-1  tpgb-tab-metro-1  tpgb-mobile-metro-1 \"><a href=\"https:\/\/www.musical-today.de\/wp-content\/uploads\/2025\/02\/Verbrechen_tk_9997-Kopie-scaled.jpg\" class=\"tpgb-gallery-list-content tpgb-trans-easeinout\" data-fancybox=\"956d14_9692\" data-caption=\"Foto: Thomas Koy\" aria-label=\"Foto: Thomas Koy\"><div class=\"post-content-image\"><div class=\"tpgb-metro-gallery-image\" style=\"background: url(https:\/\/www.musical-today.de\/wp-content\/uploads\/2025\/02\/Verbrechen_tk_9997-Kopie-scaled.jpg);\"><\/div><\/div><div class=\"post-content-center\"><div class=\"post-zoom-icon\"><div class=\"meta-search-icon\"><span><img decoding=\"async\" class=\"fancy-img\" src=\"https:\/\/www.musical-today.de\/wp-content\/uploads\/2025\/02\/Verbrechen_tk_9997-Kopie-scaled.jpg\" alt=\"Media Image1\" title=\"\"><i class=\"fas fa-search-plus pop-icon\"><\/i><\/span><\/div><\/div><div class=\"post-content-bottom\"><p class=\"post-title tpgb-trans-easeinout\">Foto: Thomas Koy<\/p><\/div><\/div><\/a><\/div><div class=\"grid-item metro-item-1    tpgb-metro-2  tpgb-tab-metro-2  tpgb-mobile-metro-2 \"><a href=\"https:\/\/www.musical-today.de\/wp-content\/uploads\/2025\/02\/Verbrechen_tk_0876-scaled.jpg\" class=\"tpgb-gallery-list-content tpgb-trans-easeinout\" data-fancybox=\"956d14_9692\" data-caption=\"Foto: Thomas Koy\" aria-label=\"Foto: Thomas Koy\"><div class=\"post-content-image\"><div class=\"tpgb-metro-gallery-image\" style=\"background: url(https:\/\/www.musical-today.de\/wp-content\/uploads\/2025\/02\/Verbrechen_tk_0876-scaled.jpg);\"><\/div><\/div><div class=\"post-content-center\"><div class=\"post-zoom-icon\"><div class=\"meta-search-icon\"><span><img decoding=\"async\" class=\"fancy-img\" src=\"https:\/\/www.musical-today.de\/wp-content\/uploads\/2025\/02\/Verbrechen_tk_0876-scaled.jpg\" alt=\"Media Image2\" title=\"\"><i class=\"fas fa-search-plus pop-icon\"><\/i><\/span><\/div><\/div><div class=\"post-content-bottom\"><p class=\"post-title tpgb-trans-easeinout\">Foto: Thomas Koy<\/p><\/div><\/div><\/a><\/div><div class=\"grid-item metro-item-2    tpgb-metro-3  tpgb-tab-metro-3  tpgb-mobile-metro-3 \"><a href=\"https:\/\/www.musical-today.de\/wp-content\/uploads\/2025\/02\/Verbrechen_tk_0455-scaled.jpg\" class=\"tpgb-gallery-list-content tpgb-trans-easeinout\" data-fancybox=\"956d14_9692\" data-caption=\"Foto: Thomas Koy\" aria-label=\"Foto: Thomas Koy\"><div class=\"post-content-image\"><div class=\"tpgb-metro-gallery-image\" style=\"background: url(https:\/\/www.musical-today.de\/wp-content\/uploads\/2025\/02\/Verbrechen_tk_0455-scaled.jpg);\"><\/div><\/div><div class=\"post-content-center\"><div class=\"post-zoom-icon\"><div class=\"meta-search-icon\"><span><img decoding=\"async\" class=\"fancy-img\" src=\"https:\/\/www.musical-today.de\/wp-content\/uploads\/2025\/02\/Verbrechen_tk_0455-scaled.jpg\" alt=\"Media Image3\" title=\"\"><i class=\"fas fa-search-plus pop-icon\"><\/i><\/span><\/div><\/div><div class=\"post-content-bottom\"><p class=\"post-title tpgb-trans-easeinout\">Foto: Thomas Koy<\/p><\/div><\/div><\/a><\/div><\/div><\/div><\/div>\n\n\n<p>\u00d6zcan (Azaria Dowuona-Hammond), Samir (Salar Jafari) und Man\u00f3lis (Nicolas Sidiropulos) tr\u00e4umen vom gro\u00dfen Geld. Doch die Aufstiegschancen im Berliner Brennpunktbezirk sind arg limitiert \u2013 Reichtum scheint lediglich jenseits legaler Pfade realisierbar. Obgleich Samirs Freundin Linda (Linda Belinda Podszus) strikt gegen die dunklen Gesch\u00e4fte ihres Partners ist, wagen sich die drei nach einem fragw\u00fcrdigen Tipp ins Villenviertel Dahlem. Dort soll ihnen ein vermeintlich einfacher Einbruch zu einer neuen Existenz verhelfen. Doch die Freude w\u00e4hrt nur kurz \u2013 l\u00e4ngst hat die Unterwelt Wind von dem Coup bekommen. Allen voran meldet die brutal-grobschl\u00e4chtige Neuk\u00f6llner Milieugr\u00f6\u00dfe Pocol (Armin Wahedi) Anspr\u00fcche auf die Beute an, flankiert von seinem abgehalfterten, nostalgischen Westberliner Wegbegleiter Wagner (Oliver Urbanski). Doch erst als der beklaute Tanata selbst auf den Plan tritt, m\u00fcssen auch Wagner und Pocol erkennen, dass sie in Wahrheit lediglich kleine Lichter der kriminellen Szene sind, bevor sie von der Schattenwelt selbst verschlungen werden. Ver\u00e4ngstigt versuchen \u00d6zcan, Samir und Man\u00f3lis daraufhin zu retten, was zu retten ist \u2013 allen voran sich selbst.<\/p>\n\n\n\n<p>Regisseur Fabian Gerhardt entfaltet die Handlung langsam, sodass sich der Plot erst allm\u00e4hlich erschlie\u00dft. Bis dahin haben die Protagonisten in d\u00fcsterer Lederkluft wie auch ihre Gegenspieler in expressiver Playboy-Kleidung (Kost\u00fcme: Sophie Peters) einiges an Wegstrecke auf der ganz in Samtrot gehaltenen B\u00fchne von Michael Graessner zur\u00fcckzulegen, die mal Nobelvilla, dann Casino oder auch das Fegefeuer assoziiert. Die Inszenierung setzt auf rasante Szenenwechsel und surreale Br\u00fcche, die das Chaos der Figuren spiegeln. Stra\u00dfenjargon trifft auf pseudo-philosophische Reflexionen, w\u00e4hrend B\u00f6hmers eklektische Partitur von Jazz und Rap bis zu Schlager und Rock reicht. Besonders eindrucksvoll: der Song \u201eGewalt ist Ordnung\u201c, in dem Pocol sich als Hobbes\u2019scher Leviathan inszeniert, w\u00e4hrend Wagner sich mit Schlagermelodien in vermeintlich goldene Zeiten zur\u00fccktr\u00e4umt.<\/p>\n\n\n\n<p>Dass dieses Konzept aufgeht, liegt allen voran auch am spielfreudigen, bestens aufgelegten Ensemble: Azaria Dowuona-Hammond, Salar Jafari, Nicolas Sidiropulos und Linda Belinda Podszus eignen sich die Rollen der Protagonisten mit viel Empathie zu den Charakteren an, was ihnen selbst in \u00fcbersteigerten Momenten stets eine Nahbarkeit verleiht und sie vor einem Abrutschen ins Klischeehafte bewahrt. W\u00e4hrenddessen bewegen sich Armin Wahedi (als Pocol und Tanata) sowie Oliver Urbanski (als Wagner und Nowak) mit s\u00fcffisanter Bosheit zwischen Bedrohung und schwarzem Humor, wobei das bestens aufspielende Orchester unter Markus Syperek f\u00fcr den treibenden musikalischen Puls sorgt.<\/p>\n\n\n\n<p>Der Neuk\u00f6llner Oper gelingt mit \u201eVerbrechen \u2013 Tanatas Teeschale\u201c eine fesselnde Milieustudie, die zwischen Krimi, Kom\u00f6die und Gangsterballade oszilliert. Nach knapp zwei Stunden Spielzeit zeigte sich das Premierenpublikum begeistert \u2013 ein d\u00fcster-unterhaltsames Musical zwischen Realit\u00e4t, Surrealismus und Groteske.<\/p>\n\n\n\n<hr class=\"wp-block-separator has-alpha-channel-opacity is-style-dots\"\/>\n\n\n\n<p class=\"has-small-font-size\">Musikalische Leitung: Markus Syperek \u2022 Choreografie: Alessandra La Bella \u2022 B\u00fchne: Michael Graessner \u2022 Kost\u00fcme: Sophie Peters \u2022 Mit: Azaria Dowuona-Hammond (\u00d6zcan), Salar Jafari (Samir), Linda Belinda Podszus (Linda), Nicolas Sidiropulos (Man\u00f3lis), Oliver Urbanski (Wagner\/Nowak), Armin Wahedi (Pocol\/Tanata)<\/p>\n\n\n\n<p class=\"has-small-font-size\">Aufmacherfoto: Thomas Koy<\/p>\n\n\n\n<p><\/p>\n","protected":false},"excerpt":{"rendered":"<p>Zwischen Macht und Moral: \u201eTanatas Teeschale\u201c als d\u00fcsteres Gangster-Musical&nbsp; Ferdinand von Schirach kennt aus seiner T\u00e4tigkeit als Strafverteidiger so manche Abgr\u00fcnde, die selbst hartgesottene Zeitgenossen das Schaudern lehren k\u00f6nnen. Elf bemerkenswerte F\u00e4lle aus seiner Laufbahn hielt er im 2009 erschienenen Kurzgeschichtenband \u201eVerbrechen\u201c in literarisch verfremdeter Form fest. Nach TV-Adaptionen schafft es nun die erste dieser Erz\u00e4hlungen auf die Musicalb\u00fchne der Neuk\u00f6llner Oper in Berlin: \u201eTanatas Teeschale\u201c, die Fallstudie dreier draufg\u00e4ngerischer Kleinkrimineller, denen ein schwerer Diebstahl in Berlin-Dahlem geh\u00f6rig \u00fcber den [&hellip;]<\/p>\n","protected":false},"author":3,"featured_media":9695,"comment_status":"closed","ping_status":"closed","sticky":false,"template":"","format":"standard","meta":{"tpgb_global_settings":"","footnotes":""},"categories":[130],"tags":[],"class_list":["post-9692","post","type-post","status-publish","format-standard","has-post-thumbnail","hentry","category-berlin"],"tpgb_featured_images":{"full":["https:\/\/www.musical-today.de\/wp-content\/uploads\/2025\/02\/Verbrechen_tk_9935-scaled.jpg",2560,1706,false],"tp-image-grid":["https:\/\/www.musical-today.de\/wp-content\/uploads\/2025\/02\/Verbrechen_tk_9935-700x700.jpg",700,700,true],"thumbnail":["https:\/\/www.musical-today.de\/wp-content\/uploads\/2025\/02\/Verbrechen_tk_9935-600x400.jpg",600,400,true],"medium":["https:\/\/www.musical-today.de\/wp-content\/uploads\/2025\/02\/Verbrechen_tk_9935-1200x800.jpg",1200,800,true],"medium_large":["https:\/\/www.musical-today.de\/wp-content\/uploads\/2025\/02\/Verbrechen_tk_9935-949x633.jpg",770,514,true],"large":["https:\/\/www.musical-today.de\/wp-content\/uploads\/2025\/02\/Verbrechen_tk_9935-1920x1280.jpg",1139,759,true],"default":"https:\/\/www.musical-today.de\/wp-content\/plugins\/the-plus-addons-for-block-editor\/assets\/images\/tpgb-placeholder.jpg"},"tpgb_post_meta_info":{"get_date":"19.02.2025","get_modified_date":"15.04.2025","category_list":{"category":[{"term_id":130,"name":"Berlin","slug":"berlin","term_group":0,"term_taxonomy_id":130,"taxonomy":"category","description":"","parent":19,"count":27,"filter":"raw","term_order":"9"}],"post_tag":false,"post_format":false},"author_name":"Philip M. Pankow","author_url":"https:\/\/www.musical-today.de\/en\/autor\/philippankow\/","author_email":"philip.pankow@t-online.de","author_website":"","author_description":"geht, wo immer er gerade im Einsatz ist \u2013 ob in Buenos Aires, Budapest, am Broadway oder in Berlin \u2013 voller Verve seiner Theater-Passion nach. Als damals j\u00fcngster Rezensent der Zeitschrift \u201emusicals\u201c f\u00fcr Hamburg hat es ihn inzwischen von der Elbe an die Spree gesp\u00fclt, wo er seitdem die Vielseitigkeit des kapitalen Kulturlebens goutiert und kommentiert.","author_facebook":"","author_twitter":"","author_instagram":"","author_role":["redakteur","author"],"author_firstname":"Philip M.","author_lastname":"Pankow","user_login":"philip","author_avatar":"<img src=\"https:\/\/www.musical-today.de\/wp-content\/uploads\/2024\/03\/cropped-Kulturperson-scaled-1-293x293.jpg\" width=\"200\" height=\"200\" alt=\"Philip M. Pankow\" class=\"avatar avatar-200 wp-user-avatar wp-user-avatar-200 alignnone photo\" \/>","author_avatar_url":"https:\/\/www.musical-today.de\/wp-content\/uploads\/2024\/03\/cropped-Kulturperson-scaled-1.jpg","comment_count":0,"post_likes":0,"post_views":0},"tpgb_post_category":{"category":"<a href=\"https:\/\/www.musical-today.de\/en\/deutschland\/berlin\/\" alt=\"Berlin\"  class=\"category-berlin\">Berlin<\/a> "},"_links":{"self":[{"href":"https:\/\/www.musical-today.de\/en\/wp-json\/wp\/v2\/posts\/9692","targetHints":{"allow":["GET"]}}],"collection":[{"href":"https:\/\/www.musical-today.de\/en\/wp-json\/wp\/v2\/posts"}],"about":[{"href":"https:\/\/www.musical-today.de\/en\/wp-json\/wp\/v2\/types\/post"}],"author":[{"embeddable":true,"href":"https:\/\/www.musical-today.de\/en\/wp-json\/wp\/v2\/users\/3"}],"replies":[{"embeddable":true,"href":"https:\/\/www.musical-today.de\/en\/wp-json\/wp\/v2\/comments?post=9692"}],"version-history":[{"count":0,"href":"https:\/\/www.musical-today.de\/en\/wp-json\/wp\/v2\/posts\/9692\/revisions"}],"wp:featuredmedia":[{"embeddable":true,"href":"https:\/\/www.musical-today.de\/en\/wp-json\/wp\/v2\/media\/9695"}],"wp:attachment":[{"href":"https:\/\/www.musical-today.de\/en\/wp-json\/wp\/v2\/media?parent=9692"}],"wp:term":[{"taxonomy":"category","embeddable":true,"href":"https:\/\/www.musical-today.de\/en\/wp-json\/wp\/v2\/categories?post=9692"},{"taxonomy":"post_tag","embeddable":true,"href":"https:\/\/www.musical-today.de\/en\/wp-json\/wp\/v2\/tags?post=9692"}],"curies":[{"name":"wp","href":"https:\/\/api.w.org\/{rel}","templated":true}]}}