{"id":9734,"date":"2025-02-24T16:45:00","date_gmt":"2025-02-24T15:45:00","guid":{"rendered":"https:\/\/www.musical-today.de\/?p=9734"},"modified":"2025-04-15T14:28:19","modified_gmt":"2025-04-15T12:28:19","slug":"linz-sweeney-todd","status":"publish","type":"post","link":"https:\/\/www.musical-today.de\/en\/linz-sweeney-todd\/","title":{"rendered":"Sweeney Todd"},"content":{"rendered":"<div class=\"lets-info-up-wrap  lets-info-up--right lets-info-up--m-1 lets-info-up-skin-3 lets-info-up--side lets-info-up-87353\" style=\"background:#fafafa; color: #616161\">\t\t\t<div class=\"lets-info-up\">\r\n\t\t\t<div class=\"lets-info-up-fi\"><img decoding=\"async\" width=\"500\" height=\"333\" src=\"https:\/\/www.musical-today.de\/wp-content\/uploads\/2024\/01\/qi-addons-for-elementor-placeholder-500x333.png\" class=\"attachment-lets-info-up-d1 size-lets-info-up-d1\" alt=\"|\" srcset=\"https:\/\/www.musical-today.de\/wp-content\/uploads\/2024\/01\/qi-addons-for-elementor-placeholder-500x333.png 500w, https:\/\/www.musical-today.de\/wp-content\/uploads\/2024\/01\/qi-addons-for-elementor-placeholder-300x200.png 300w, https:\/\/www.musical-today.de\/wp-content\/uploads\/2024\/01\/qi-addons-for-elementor-placeholder-1024x683.png 1024w, https:\/\/www.musical-today.de\/wp-content\/uploads\/2024\/01\/qi-addons-for-elementor-placeholder-883x589.png 883w, https:\/\/www.musical-today.de\/wp-content\/uploads\/2024\/01\/qi-addons-for-elementor-placeholder-18x12.png 18w, https:\/\/www.musical-today.de\/wp-content\/uploads\/2024\/01\/qi-addons-for-elementor-placeholder-360x240.png 360w, https:\/\/www.musical-today.de\/wp-content\/uploads\/2024\/01\/qi-addons-for-elementor-placeholder-1155x770.png 1155w, https:\/\/www.musical-today.de\/wp-content\/uploads\/2024\/01\/qi-addons-for-elementor-placeholder-370x247.png 370w, https:\/\/www.musical-today.de\/wp-content\/uploads\/2024\/01\/qi-addons-for-elementor-placeholder-770x513.png 770w, https:\/\/www.musical-today.de\/wp-content\/uploads\/2024\/01\/qi-addons-for-elementor-placeholder-293x195.png 293w, https:\/\/www.musical-today.de\/wp-content\/uploads\/2024\/01\/qi-addons-for-elementor-placeholder-120x80.png 120w, https:\/\/www.musical-today.de\/wp-content\/uploads\/2024\/01\/qi-addons-for-elementor-placeholder-240x160.png 240w, https:\/\/www.musical-today.de\/wp-content\/uploads\/2024\/01\/qi-addons-for-elementor-placeholder-390x260.png 390w, https:\/\/www.musical-today.de\/wp-content\/uploads\/2024\/01\/qi-addons-for-elementor-placeholder.png 1200w\" sizes=\"(max-width: 500px) 100vw, 500px\" title=\"\"><\/div>\t\t\t<div class=\"lets-info-up-block-wrap\">\r\n\t\t\t\t<div class=\"lets-info-up-block lets-info-up-meta-block\"><div class=\"lets-info-up-meta-title lets-info-up-pretitle font-h\" style=\"color: #8c6d18;\">oRT<\/div><div class=\"lets-info-up-meta-content lets-info-up-title font-b\">Landestheater Linz<\/div><\/div><div class=\"lets-info-up-block lets-info-up-meta-block\"><div class=\"lets-info-up-meta-title lets-info-up-pretitle font-h\" style=\"color: #8c6d18;\">von<\/div><div class=\"lets-info-up-meta-content lets-info-up-title font-b\">Stephen Sondheim (Musik und Gesangstexte)<br>Hugh Wheeler (Buch)<\/div><\/div><div class=\"lets-info-up-block lets-info-up-meta-block\"><div class=\"lets-info-up-meta-title lets-info-up-pretitle font-h\" style=\"color: #8c6d18;\">Regie<\/div><div class=\"lets-info-up-meta-content lets-info-up-title font-b\">Simon Eichenberger<\/div><\/div><div class=\"lets-info-up-block lets-info-up-meta-block\"><div class=\"lets-info-up-meta-title lets-info-up-pretitle font-h\" style=\"color: #8c6d18;\">Urauff\u00fchrung<\/div><div class=\"lets-info-up-meta-content lets-info-up-title font-b\">1979<\/div><\/div><div class=\"lets-info-up-block lets-info-up-meta-block\"><div class=\"lets-info-up-meta-title lets-info-up-pretitle font-h\" style=\"color: #8c6d18;\">INFOS<\/div><div class=\"lets-info-up-meta-content lets-info-up-title font-b\"><a href=\"https:\/\/www.landestheater-linz.at\/stuecke\/detail?ref=202420251593\" data-type=\"link\" target=\"_blank\" rel=\"noopener noreferrer nofollow\">www.landestheater-linz.at<\/a><\/div><\/div>\t\t\t<\/div>\r\n\t\t\t<\/div>\r\n\t\t<\/div>\r\n\t\t\n\n\n<p><strong>\u201eSweeney Todd\u201c als blutig-schaurige Revue mit Spa\u00dffaktor<\/strong><\/p>\n\n\n\n<p>Nebelschwaden wabern \u00fcber die B\u00fchne, eine Bettlerin klammert sich an einen halb verrotteten Kinderwagen, vollgepackt mit ihren Habseligkeiten. D\u00fcster gekleidete Gestalten schleichen durch die Szenerie und stimmen die schaurige Moritat vom blutr\u00fcnstigen Barbier Sweeney Todd an. Der korrupte Richter Turpin spielte dem einst angesehenen Barbier \u00fcbel mit: Er verf\u00fchrte dessen Ehefrau, entriss ihm seine Tochter und machte sie zu seinem M\u00fcndel \u2013 mit der Absicht, sie sp\u00e4ter selbst zu heiraten. Nach langer Verbannung kehrt Sweeney Todd nach London zur\u00fcck, getrieben von Rache. Mit seinem Rasiermesser beseitigt er jeden, der sich ihm in den Weg stellt, und entwickelt gemeinsam mit seiner Komplizin, der B\u00e4ckerin Mrs. Lovett, ein grausiges Gesch\u00e4ftsmodell: Die Opfer werden zu Fleischpasteten verarbeitet \u2013 eine Delikatesse, die in London rei\u00dfenden Absatz findet &#8230;<\/p>\n\n\n\n<p>Die Legende um Sweeney Todd tauchte erstmals 1846 im viktorianischen London in einem sogenannten Dreigroschenroman auf. Seither wurde die Geschichte immer wieder neu interpretiert, eine der bekanntesten Adaptionen ist Stephen Sondheims Musical von 1979. Hier verschmelzen Horror und schwarzer Humor zu einer ebenso makabren wie faszinierenden Mischung: Atonale und dissonante Kl\u00e4nge sch\u00e4len sich aus dem Orchestergraben, klingen oft rau aus den Kehlen der S\u00e4nger. Der d\u00fcstere Grundton wird durch aufbrausende Orgelkl\u00e4nge verst\u00e4rkt, w\u00e4hrend Leitmotive f\u00fcr die einzelnen Charaktere die opernhafte Dramatik unterstreichen. Vergeblich wartet das Publikum auf mitrei\u00dfende Tanzszenen, stattdessen gibt es makabre Walzer. Bestes Beispiel daf\u00fcr ist das Duett von Mrs. Lovett und Sweeney Todd, in dem sie sich beschwingt \u00fcber die \u201eQualit\u00e4t\u201c der Zutaten ihrer Pasteten austauschen: Ein Pr\u00e4lat schmeckt doch wohl anders als ein Feuerwehrmann.<\/p>\n\n\n<div  class=\"tpgb-wrap-956d14_9734  tpgb-wrap-fw \"  ><div id=\"956d14_9734\" class=\"tpgb-block-956d14_9734 tpgb-relative-block tpgb-gallery-list tpgb-metro gallery-style-2 hover-image-style-1   \" data-style=\"style-2\" data-id=\"956d14_9734\" data-layout=\"metro\" data-fancy-option='{\"loop\":false,\"thumb\":\"no\",\"infobar\":true,\"arrows\":true,\"transitionEffect\":\"slide\",\"button\":[\"close\"]}' data-splide='\"\"' data-metroAttr= '{\"metro_col\":3,\"tab_metro_col\":3,\"mobile_metro_col\":3,\"metro_style\":\"style-1\",\"tab_metro_style\":\"style-1\",\"mobile_metro_style\":\"style-1\"}' ><div class=\"tpgb-row post-loop-inner \"><div class=\"grid-item metro-item-0    tpgb-metro-1  tpgb-tab-metro-1  tpgb-mobile-metro-1 \"><a href=\"https:\/\/www.musical-today.de\/wp-content\/uploads\/2025\/02\/10995_300dpi-scaled.jpg\" class=\"tpgb-gallery-list-content tpgb-trans-easeinout\" data-fancybox=\"956d14_9734\" data-caption=\"Foto: Barbara P\u00e1lffy\" aria-label=\"Foto: Barbara P\u00e1lffy\"><div class=\"post-content-image\"><div class=\"tpgb-metro-gallery-image\" style=\"background: url(https:\/\/www.musical-today.de\/wp-content\/uploads\/2025\/02\/10995_300dpi-scaled.jpg);\"><\/div><\/div><div class=\"post-content-center\"><div class=\"post-zoom-icon\"><div class=\"meta-search-icon\"><span><img decoding=\"async\" class=\"fancy-img\" src=\"https:\/\/www.musical-today.de\/wp-content\/uploads\/2025\/02\/10995_300dpi-scaled.jpg\" alt=\"Media Image1\" title=\"\"><i class=\"fas fa-search-plus pop-icon\"><\/i><\/span><\/div><\/div><div class=\"post-content-bottom\"><p class=\"post-title tpgb-trans-easeinout\">Foto: Barbara P\u00e1lffy<\/p><\/div><\/div><\/a><\/div><div class=\"grid-item metro-item-1    tpgb-metro-2  tpgb-tab-metro-2  tpgb-mobile-metro-2 \"><a href=\"https:\/\/www.musical-today.de\/wp-content\/uploads\/2025\/02\/11022_300dpi-scaled.jpg\" class=\"tpgb-gallery-list-content tpgb-trans-easeinout\" data-fancybox=\"956d14_9734\" data-caption=\"Foto: Barbara P\u00e1lffy\" aria-label=\"Foto: Barbara P\u00e1lffy\"><div class=\"post-content-image\"><div class=\"tpgb-metro-gallery-image\" style=\"background: url(https:\/\/www.musical-today.de\/wp-content\/uploads\/2025\/02\/11022_300dpi-scaled.jpg);\"><\/div><\/div><div class=\"post-content-center\"><div class=\"post-zoom-icon\"><div class=\"meta-search-icon\"><span><img decoding=\"async\" class=\"fancy-img\" src=\"https:\/\/www.musical-today.de\/wp-content\/uploads\/2025\/02\/11022_300dpi-scaled.jpg\" alt=\"Media Image2\" title=\"\"><i class=\"fas fa-search-plus pop-icon\"><\/i><\/span><\/div><\/div><div class=\"post-content-bottom\"><p class=\"post-title tpgb-trans-easeinout\">Foto: Barbara P\u00e1lffy<\/p><\/div><\/div><\/a><\/div><div class=\"grid-item metro-item-2    tpgb-metro-3  tpgb-tab-metro-3  tpgb-mobile-metro-3 \"><a href=\"https:\/\/www.musical-today.de\/wp-content\/uploads\/2025\/02\/11032_300dpi-scaled.jpg\" class=\"tpgb-gallery-list-content tpgb-trans-easeinout\" data-fancybox=\"956d14_9734\" data-caption=\"Foto: Barbara P\u00e1lffy\" aria-label=\"Foto: Barbara P\u00e1lffy\"><div class=\"post-content-image\"><div class=\"tpgb-metro-gallery-image\" style=\"background: url(https:\/\/www.musical-today.de\/wp-content\/uploads\/2025\/02\/11032_300dpi-scaled.jpg);\"><\/div><\/div><div class=\"post-content-center\"><div class=\"post-zoom-icon\"><div class=\"meta-search-icon\"><span><img decoding=\"async\" class=\"fancy-img\" src=\"https:\/\/www.musical-today.de\/wp-content\/uploads\/2025\/02\/11032_300dpi-scaled.jpg\" alt=\"Media Image3\" title=\"\"><i class=\"fas fa-search-plus pop-icon\"><\/i><\/span><\/div><\/div><div class=\"post-content-bottom\"><p class=\"post-title tpgb-trans-easeinout\">Foto: Barbara P\u00e1lffy<\/p><\/div><\/div><\/a><\/div><\/div><\/div><\/div>\n\n\n<p>Die bitterb\u00f6sen Texte werden in Linz durch die sorgf\u00e4ltige Regie und die originelle Choreografie von Simon Eichenberger perfekt in Szene gesetzt. Das finstere, aber \u00e4u\u00dferst funktionale B\u00fchnenbild von Charles Quiggin sorgt f\u00fcr das n\u00f6tige Ambiente: Der in luftiger H\u00f6he schwebende Barbiersalon leuchtet nach jedem Mord gef\u00e4hrlich rot, w\u00e4hrend die Leichen in den Keller st\u00fcrzen. Erst im zweiten Teil gew\u00e4hrt das B\u00fchnenbild Einblick in dieses d\u00fcstere Untergeschoss mitsamt riesigem Backofen und loderndem Feuer; dort ereignet sich schlie\u00dflich der dramatische Showdown. Die Anzahl der \u00dcberlebenden ist gering. Am Ende muss der rachs\u00fcchtige Sweeney Todd erkennen, dass er in seinem blinden W\u00fcten auch seine geliebte Frau get\u00f6tet hat.<\/p>\n\n\n\n<p>Max Niemeyer gibt einen zerbrechlichen Titelhelden, den die Rachsucht antreibt und der zugleich unaufhaltsam mit seinem Rasiermesser w\u00fctet. Zwar hat er nur wenige gro\u00dfe Gesangsnummern, doch seine eindringlichen Szenen \u2013 besonders mit der stimmgewaltigen Daniela Dett als pastetenbackender Komplizin mit verbrecherischen Genen \u2013 hinterlassen Eindruck. Verschlagen, gewieft und mit viel schwarzem Humor verk\u00f6rpert Dett eine Frau, die in bitteren Zeiten ums \u00dcberleben k\u00e4mpft und dabei keine Skrupel kennt, weder in finanziellen noch in romantischen Angelegenheiten. Die Figur des Richters Turpin, von Karsten Kenzel solide dargestellt, h\u00e4tte noch eine Spur mehr B\u00f6sartigkeit vertragen k\u00f6nnen \u2013 schlie\u00dflich ist er der eigentliche Verursacher des ganzen Schlamassels. Die jugendlichen Liebenden, Anthony und Sweeneys Tochter Johanna, stehen in der zweiten Reihe, bew\u00e4ltigen ihre Rollen aber tadellos: Christian Fr\u00f6hlich und Alexandra-Yoana Alexandrova \u00fcberzeugen mit feinem Gesang. Das Trio der j\u00fcngeren Darsteller wird erg\u00e4nzt durch Toby (Lukas Sandmann), der mit einigen eindrucksvollen T\u00f6nen heraussticht.<\/p>\n\n\n\n<p>Das Bruckner Orchester unter der Leitung von Tom Bitterlich liefert solides musikalisches Handwerk. Und als sich schlie\u00dflich die letzten Nebelschwaden aus dem Keller verziehen, ist das Morden vorbei \u2013 zur Erleichterung des motivierten Publikums.<\/p>\n\n\n\n<hr class=\"wp-block-separator has-alpha-channel-opacity is-style-dots\"\/>\n\n\n\n<p class=\"has-small-font-size\">Musikalische Leitung: Tom Bitterlich \u2022 Regie und Choreografie: Simon Eichenberger \u2022 B\u00fchne: Charles Quiggin \u2022 Kost\u00fcme: Ale\u0161 Val\u00e1\u0161ek \u2022 Licht: Michael Grundner \u2022 Chorleitung: Elena Pierini und David Alexander Barnard \u2022 Mit: Max Niemeyer (Sweeney Todd), Daniela Dett (Mrs. Lovett), Christian Fr\u00f6hlich (Anthony Hope), Alexandra-Yoana Alexandrova (Johanna), Lukas Sandmann (Tobias), Karsten Kenzel (Richter Turpin), Enrico Treuse (B\u00fcttel Bamford), Sanne Mieloo (Bettlerin), Gernot Romic (Adolfo Pirelli), Kevin Arand (Ein Vogelh\u00e4ndler\/Mr. Fogg) u.a. \u2022 Chor des Landestheaters Linz \u2022 Bruckner Orchester Linz<\/p>\n\n\n\n<p class=\"has-small-font-size\">Aufmacherfoto: Barbara P\u00e1lffy<\/p>\n","protected":false},"excerpt":{"rendered":"<p>\u201eSweeney Todd\u201c als blutig-schaurige Revue mit Spa\u00dffaktor Nebelschwaden wabern \u00fcber die B\u00fchne, eine Bettlerin klammert sich an einen halb verrotteten Kinderwagen, vollgepackt mit ihren Habseligkeiten. D\u00fcster gekleidete Gestalten schleichen durch die Szenerie und stimmen die schaurige Moritat vom blutr\u00fcnstigen Barbier Sweeney Todd an. Der korrupte Richter Turpin spielte dem einst angesehenen Barbier \u00fcbel mit: Er verf\u00fchrte dessen Ehefrau, entriss ihm seine Tochter und machte sie zu seinem M\u00fcndel \u2013 mit der Absicht, sie sp\u00e4ter selbst zu heiraten. Nach langer Verbannung [&hellip;]<\/p>\n","protected":false},"author":16,"featured_media":9725,"comment_status":"closed","ping_status":"closed","sticky":false,"template":"","format":"standard","meta":{"tpgb_global_settings":"","footnotes":""},"categories":[87],"tags":[],"class_list":["post-9734","post","type-post","status-publish","format-standard","has-post-thumbnail","hentry","category-linz"],"tpgb_featured_images":{"full":["https:\/\/www.musical-today.de\/wp-content\/uploads\/2025\/02\/11025_300dpi-scaled.jpg",2560,1818,false],"tp-image-grid":["https:\/\/www.musical-today.de\/wp-content\/uploads\/2025\/02\/11025_300dpi-700x700.jpg",700,700,true],"thumbnail":["https:\/\/www.musical-today.de\/wp-content\/uploads\/2025\/02\/11025_300dpi-600x426.jpg",600,426,true],"medium":["https:\/\/www.musical-today.de\/wp-content\/uploads\/2025\/02\/11025_300dpi-1200x852.jpg",1200,852,true],"medium_large":["https:\/\/www.musical-today.de\/wp-content\/uploads\/2025\/02\/11025_300dpi-949x674.jpg",770,547,true],"large":["https:\/\/www.musical-today.de\/wp-content\/uploads\/2025\/02\/11025_300dpi-1920x1364.jpg",1139,809,true],"default":"https:\/\/www.musical-today.de\/wp-content\/plugins\/the-plus-addons-for-block-editor\/assets\/images\/tpgb-placeholder.jpg"},"tpgb_post_meta_info":{"get_date":"24.02.2025","get_modified_date":"15.04.2025","category_list":{"category":[{"term_id":87,"name":"Linz","slug":"linz","term_group":0,"term_taxonomy_id":87,"taxonomy":"category","description":"","parent":114,"count":9,"filter":"raw","term_order":"8"}],"post_tag":false,"post_format":false},"author_name":"Susanne Dressler","author_url":"https:\/\/www.musical-today.de\/en\/autor\/susannedressler\/","author_email":"online232@musical-today.de","author_website":"","author_description":"ist Historikerin und lebt als freiberufliche Journalistin in Wien. Die Begeisterung f\u00fcr Oper, Musical oder Operette begleitet sie seit fr\u00fchester Jugend und ist niemals schw\u00e4cher geworden. F\u00fcr sie gibt es im Musiktheater nichts, was es in der Realit\u00e4t nicht auch gibt: Liebe, Hass, Rache, Eifersucht, Mord, Krieg, Verzweiflung, Gl\u00fcck und Krankheit \u2013 nur eben verpackt in wundersch\u00f6ne Musik.","author_facebook":"","author_twitter":"","author_instagram":"","author_role":["author"],"author_firstname":"Susanne","author_lastname":"Dressler","user_login":"susannedressler","author_avatar":"<img src=\"https:\/\/www.musical-today.de\/wp-content\/uploads\/2024\/03\/Autor_Dressler-293x293.jpg\" width=\"200\" height=\"200\" alt=\"Susanne Dressler\" class=\"avatar avatar-200 wp-user-avatar wp-user-avatar-200 alignnone photo\" \/>","author_avatar_url":"https:\/\/www.musical-today.de\/wp-content\/uploads\/2024\/03\/Autor_Dressler.jpg","comment_count":0,"post_likes":0,"post_views":0},"tpgb_post_category":{"category":"<a href=\"https:\/\/www.musical-today.de\/en\/oesterreich\/linz\/\" alt=\"Linz\"  class=\"category-linz\">Linz<\/a> "},"_links":{"self":[{"href":"https:\/\/www.musical-today.de\/en\/wp-json\/wp\/v2\/posts\/9734","targetHints":{"allow":["GET"]}}],"collection":[{"href":"https:\/\/www.musical-today.de\/en\/wp-json\/wp\/v2\/posts"}],"about":[{"href":"https:\/\/www.musical-today.de\/en\/wp-json\/wp\/v2\/types\/post"}],"author":[{"embeddable":true,"href":"https:\/\/www.musical-today.de\/en\/wp-json\/wp\/v2\/users\/16"}],"replies":[{"embeddable":true,"href":"https:\/\/www.musical-today.de\/en\/wp-json\/wp\/v2\/comments?post=9734"}],"version-history":[{"count":0,"href":"https:\/\/www.musical-today.de\/en\/wp-json\/wp\/v2\/posts\/9734\/revisions"}],"wp:featuredmedia":[{"embeddable":true,"href":"https:\/\/www.musical-today.de\/en\/wp-json\/wp\/v2\/media\/9725"}],"wp:attachment":[{"href":"https:\/\/www.musical-today.de\/en\/wp-json\/wp\/v2\/media?parent=9734"}],"wp:term":[{"taxonomy":"category","embeddable":true,"href":"https:\/\/www.musical-today.de\/en\/wp-json\/wp\/v2\/categories?post=9734"},{"taxonomy":"post_tag","embeddable":true,"href":"https:\/\/www.musical-today.de\/en\/wp-json\/wp\/v2\/tags?post=9734"}],"curies":[{"name":"wp","href":"https:\/\/api.w.org\/{rel}","templated":true}]}}