{"id":9751,"date":"2025-02-25T21:05:47","date_gmt":"2025-02-25T20:05:47","guid":{"rendered":"https:\/\/www.musical-today.de\/?p=9751"},"modified":"2025-04-15T14:28:19","modified_gmt":"2025-04-15T12:28:19","slug":"luebeck-cabaret","status":"publish","type":"post","link":"https:\/\/www.musical-today.de\/en\/luebeck-cabaret\/","title":{"rendered":"Cabaret"},"content":{"rendered":"<div class=\"lets-info-up-wrap  lets-info-up--right lets-info-up--m-1 lets-info-up-skin-3 lets-info-up--side lets-info-up-12193\" style=\"background:#fafafa; color: #616161\">\t\t\t<div class=\"lets-info-up\">\r\n\t\t\t<div class=\"lets-info-up-fi\"><img decoding=\"async\" width=\"500\" height=\"333\" src=\"https:\/\/www.musical-today.de\/wp-content\/uploads\/2024\/01\/qi-addons-for-elementor-placeholder-500x333.png\" class=\"attachment-lets-info-up-d1 size-lets-info-up-d1\" alt=\"|\" srcset=\"https:\/\/www.musical-today.de\/wp-content\/uploads\/2024\/01\/qi-addons-for-elementor-placeholder-500x333.png 500w, https:\/\/www.musical-today.de\/wp-content\/uploads\/2024\/01\/qi-addons-for-elementor-placeholder-300x200.png 300w, https:\/\/www.musical-today.de\/wp-content\/uploads\/2024\/01\/qi-addons-for-elementor-placeholder-1024x683.png 1024w, https:\/\/www.musical-today.de\/wp-content\/uploads\/2024\/01\/qi-addons-for-elementor-placeholder-883x589.png 883w, https:\/\/www.musical-today.de\/wp-content\/uploads\/2024\/01\/qi-addons-for-elementor-placeholder-18x12.png 18w, https:\/\/www.musical-today.de\/wp-content\/uploads\/2024\/01\/qi-addons-for-elementor-placeholder-360x240.png 360w, https:\/\/www.musical-today.de\/wp-content\/uploads\/2024\/01\/qi-addons-for-elementor-placeholder-1155x770.png 1155w, https:\/\/www.musical-today.de\/wp-content\/uploads\/2024\/01\/qi-addons-for-elementor-placeholder-370x247.png 370w, https:\/\/www.musical-today.de\/wp-content\/uploads\/2024\/01\/qi-addons-for-elementor-placeholder-770x513.png 770w, https:\/\/www.musical-today.de\/wp-content\/uploads\/2024\/01\/qi-addons-for-elementor-placeholder-293x195.png 293w, https:\/\/www.musical-today.de\/wp-content\/uploads\/2024\/01\/qi-addons-for-elementor-placeholder-120x80.png 120w, https:\/\/www.musical-today.de\/wp-content\/uploads\/2024\/01\/qi-addons-for-elementor-placeholder-240x160.png 240w, https:\/\/www.musical-today.de\/wp-content\/uploads\/2024\/01\/qi-addons-for-elementor-placeholder-390x260.png 390w, https:\/\/www.musical-today.de\/wp-content\/uploads\/2024\/01\/qi-addons-for-elementor-placeholder.png 1200w\" sizes=\"(max-width: 500px) 100vw, 500px\" title=\"\"><\/div>\t\t\t<div class=\"lets-info-up-block-wrap\">\r\n\t\t\t\t<div class=\"lets-info-up-block lets-info-up-meta-block\"><div class=\"lets-info-up-meta-title lets-info-up-pretitle font-h\" style=\"color: #8c6d18;\">oRT<\/div><div class=\"lets-info-up-meta-content lets-info-up-title font-b\">Theater L\u00fcbeck<\/div><\/div><div class=\"lets-info-up-block lets-info-up-meta-block\"><div class=\"lets-info-up-meta-title lets-info-up-pretitle font-h\" style=\"color: #8c6d18;\">von<\/div><div class=\"lets-info-up-meta-content lets-info-up-title font-b\">Joe Masteroff (Buch)<br>John Kander (Musik)<br>Fred Ebb (Gesangstexte)<\/div><\/div><div class=\"lets-info-up-block lets-info-up-meta-block\"><div class=\"lets-info-up-meta-title lets-info-up-pretitle font-h\" style=\"color: #8c6d18;\">Regie<\/div><div class=\"lets-info-up-meta-content lets-info-up-title font-b\">Malte C. Lachmann<\/div><\/div><div class=\"lets-info-up-block lets-info-up-meta-block\"><div class=\"lets-info-up-meta-title lets-info-up-pretitle font-h\" style=\"color: #8c6d18;\">Urauff\u00fchrunG<\/div><div class=\"lets-info-up-meta-content lets-info-up-title font-b\">1966<\/div><\/div><div class=\"lets-info-up-block lets-info-up-meta-block\"><div class=\"lets-info-up-meta-title lets-info-up-pretitle font-h\" style=\"color: #8c6d18;\">INFOS<\/div><div class=\"lets-info-up-meta-content lets-info-up-title font-b\"><a href=\"https:\/\/www.theaterluebeck.de\/produktionen\/cabaret_2024-25.html\" data-type=\"link\" target=\"_blank\" rel=\"noopener noreferrer nofollow\">www.theaterluebeck.de<\/a><\/div><\/div>\t\t\t<\/div>\r\n\t\t\t<\/div>\r\n\t\t<\/div>\r\n\t\t\n\n\n<p><strong><strong>Der Neuinszenierung von \u201eCabaret\u201c fehlen Tempo, Glamour und Musikalit\u00e4t<\/strong><\/strong><\/p>\n\n\n\n<p>Im Zentrum des Musicals \u201eCabaret\u201c steht die unerf\u00fcllte Liebesgeschichte zwischen Schriftsteller Clifford Bradshaw und der exzentrischen Nachtclubs\u00e4ngerin Sally Bowles im Berlin der 30er Jahre, w\u00e4hrend der zunehmenden Bedrohung durch die Nazis. Aufgrund der dr\u00e4ngenden Aktualit\u00e4t findet sich das St\u00fcck landauf, landab wieder auf den Spielpl\u00e4nen, so nun auch am Theater L\u00fcbeck.<\/p>\n\n\n\n<p>Schauspieldirektor und Regisseur Malte C. Lachmann hat f\u00fcr seine Inszenierung einige fragw\u00fcrdige Entscheidungen getroffen. Schon zu Beginn wirken die Figuren eindimensional, viele Dialoge gestelzt. Beim ber\u00fchmten \u201eWillkommen, Bienvenue, Welcome\u201c fehlt Andreas Hutzel als Conf\u00e9rencier bereits das Schillernde, Verspielte und Frivole, um den Tanz auf dem Vulkan zu zelebrieren, gesanglich bleibt er wenig mitrei\u00dfend. Zwar lassen die Kit-Kat-Girls und -Boys (Sabine Barthelmess, Kristin Heil, Laura Mahrla, Konstantin Busack) Spielfreude durchblitzen, strahlen aber durch Lachverbot und braun-beige Kost\u00fcme wenig Begehrlichkeit aus. Warum Lachmanns Kit-Kat-Klub so gar keinen Glamour verspr\u00fcht, bleibt ein R\u00e4tsel.<\/p>\n\n\n<div  class=\"tpgb-wrap-956d14_9751  tpgb-wrap-fw \"  ><div id=\"956d14_9751\" class=\"tpgb-block-956d14_9751 tpgb-relative-block tpgb-gallery-list tpgb-metro gallery-style-2 hover-image-style-1   \" data-style=\"style-2\" data-id=\"956d14_9751\" data-layout=\"metro\" data-fancy-option='{\"loop\":false,\"thumb\":\"no\",\"infobar\":true,\"arrows\":true,\"transitionEffect\":\"slide\",\"button\":[\"close\"]}' data-splide='\"\"' data-metroAttr= '{\"metro_col\":\"3\",\"tab_metro_col\":3,\"mobile_metro_col\":3,\"metro_style\":\"style-1\",\"tab_metro_style\":\"style-1\",\"mobile_metro_style\":\"style-1\"}' ><div class=\"tpgb-row post-loop-inner \"><div class=\"grid-item metro-item-0    tpgb-metro-1  tpgb-tab-metro-1  tpgb-mobile-metro-1 \"><a href=\"https:\/\/www.musical-today.de\/wp-content\/uploads\/2025\/02\/TL_2024_25_Cabaret_043-c-Katrin-Ribbe_b-scaled.jpg\" class=\"tpgb-gallery-list-content tpgb-trans-easeinout\" data-fancybox=\"956d14_9751\" data-caption=\"Foto: Katrin Ribbe\" aria-label=\"Foto: Katrin Ribbe\"><div class=\"post-content-image\"><div class=\"tpgb-metro-gallery-image\" style=\"background: url(https:\/\/www.musical-today.de\/wp-content\/uploads\/2025\/02\/TL_2024_25_Cabaret_043-c-Katrin-Ribbe_b-scaled.jpg);\"><\/div><\/div><div class=\"post-content-center\"><div class=\"post-zoom-icon\"><div class=\"meta-search-icon\"><span><img decoding=\"async\" class=\"fancy-img\" src=\"https:\/\/www.musical-today.de\/wp-content\/uploads\/2025\/02\/TL_2024_25_Cabaret_043-c-Katrin-Ribbe_b-scaled.jpg\" alt=\"Media Image1\" title=\"\"><i class=\"fas fa-search-plus pop-icon\"><\/i><\/span><\/div><\/div><div class=\"post-content-bottom\"><p class=\"post-title tpgb-trans-easeinout\">Foto: Katrin Ribbe<\/p><\/div><\/div><\/a><\/div><div class=\"grid-item metro-item-1    tpgb-metro-2  tpgb-tab-metro-2  tpgb-mobile-metro-2 \"><a href=\"https:\/\/www.musical-today.de\/wp-content\/uploads\/2025\/02\/TL_2024_25_Cabaret_184-c-Katrin-Ribbe-scaled.jpg\" class=\"tpgb-gallery-list-content tpgb-trans-easeinout\" data-fancybox=\"956d14_9751\" data-caption=\"Foto: Katrin Ribbe\" aria-label=\"Foto: Katrin Ribbe\"><div class=\"post-content-image\"><div class=\"tpgb-metro-gallery-image\" style=\"background: url(https:\/\/www.musical-today.de\/wp-content\/uploads\/2025\/02\/TL_2024_25_Cabaret_184-c-Katrin-Ribbe-scaled.jpg);\"><\/div><\/div><div class=\"post-content-center\"><div class=\"post-zoom-icon\"><div class=\"meta-search-icon\"><span><img decoding=\"async\" class=\"fancy-img\" src=\"https:\/\/www.musical-today.de\/wp-content\/uploads\/2025\/02\/TL_2024_25_Cabaret_184-c-Katrin-Ribbe-scaled.jpg\" alt=\"Media Image2\" title=\"\"><i class=\"fas fa-search-plus pop-icon\"><\/i><\/span><\/div><\/div><div class=\"post-content-bottom\"><p class=\"post-title tpgb-trans-easeinout\">Foto: Katrin Ribbe<\/p><\/div><\/div><\/a><\/div><div class=\"grid-item metro-item-2    tpgb-metro-3  tpgb-tab-metro-3  tpgb-mobile-metro-3 \"><a href=\"https:\/\/www.musical-today.de\/wp-content\/uploads\/2025\/02\/TL_2024_25_Cabaret_635-c-Katrin-Ribbe_b-scaled.jpg\" class=\"tpgb-gallery-list-content tpgb-trans-easeinout\" data-fancybox=\"956d14_9751\" data-caption=\"Foto: Katrin Ribbe\" aria-label=\"Foto: Katrin Ribbe\"><div class=\"post-content-image\"><div class=\"tpgb-metro-gallery-image\" style=\"background: url(https:\/\/www.musical-today.de\/wp-content\/uploads\/2025\/02\/TL_2024_25_Cabaret_635-c-Katrin-Ribbe_b-scaled.jpg);\"><\/div><\/div><div class=\"post-content-center\"><div class=\"post-zoom-icon\"><div class=\"meta-search-icon\"><span><img decoding=\"async\" class=\"fancy-img\" src=\"https:\/\/www.musical-today.de\/wp-content\/uploads\/2025\/02\/TL_2024_25_Cabaret_635-c-Katrin-Ribbe_b-scaled.jpg\" alt=\"Media Image3\" title=\"\"><i class=\"fas fa-search-plus pop-icon\"><\/i><\/span><\/div><\/div><div class=\"post-content-bottom\"><p class=\"post-title tpgb-trans-easeinout\">Foto: Katrin Ribbe<\/p><\/div><\/div><\/a><\/div><\/div><\/div><\/div>\n\n\n<p>Auch bleibt fraglich, warum er ein Musical \u00fcberwiegend aus dem Schauspiel-Ensemble besetzt, nahezu ohne R\u00fccksicht auf gesangliche Qualit\u00e4t. Sonja Cariaso kann als Sally Bowles zwar durch ihre Vielseitigkeit von verr\u00fcckt bis zerbrechlich \u00fcberzeugen, l\u00e4sst aber gesanglich manches ungenau. Im Showstopper \u201eLife is a Cabaret\u201c rei\u00dft sie durch nahezu manischen Ausdruck mit und kann stimmlich einiges wettmachen. Als Clifford Bradshaw bleibt Will Workman ziemlich farblos. Das Duo Fr\u00e4ulein Schneider (Astrid F\u00e4rber) und Herr Schultz (Michael Fuchs) ist stimmlich ber\u00fchrend, l\u00e4sst im Spiel jedoch genau diese Z\u00e4rtlichkeit vermissen und erscheint zeitweilig eher unbeholfen als verlegen. Beeindrucken k\u00f6nnen Susanne H\u00f6hne als Fr\u00e4ulein Kost mit ihrem facettenreichen, zwischen verspielt-naiv und resolut wechselnden Spiel und ihrer warmen Chanson-Stimme sowie Johannes Merz als strenger, erbarmungsloser Nazi Ernst Ludwig, stimmlich volumin\u00f6s und klar.<\/p>\n\n\n\n<p>Insgesamt bleibt der Abend musikalisch \u00e4u\u00dferst unterdurchschnittlich, die d\u00fcnnen und teilweise schr\u00e4gen Kl\u00e4nge der auf der B\u00fchne drapierten Band (Musikalische Leitung: Willy Daum) k\u00f6nnen ihn nicht unbedingt retten. Auch die Choreografien von Tiago Manquinho \u00fcberzeugen kaum, sie scheinen h\u00e4ufig aus unkoordiniertem Herumwirbeln ohne Bezug zur Handlung zu bestehen, inklusive Schuhplattler- oder Macarena-Einlagen. Eindrucksvoll hingegen, wie die Kit-Kats zu \u201eMoney\u201c dem Geld treppab Zombie-like hinterherkriechen.<\/p>\n\n\n\n<p>Die Kost\u00fcme von Tanja Liebermann lassen bei den Kit-Kat-Girls und besonders beim Conf\u00e9rencier Glanz vermissen, ansonsten sehen sie zweckdienlich, historisch und stimmig aus. Die fahrbaren, runden Elemente des B\u00fchnenbilds (Ramona Rauchbach), hinter denen sich die Band, das Zimmer und der Kit-Kat-Klub verbergen, bringen Dynamik auf die B\u00fchne. Die teils schwarz-wei\u00dfen, historisierenden Illustrationen sind eine gute Idee, werden aber nicht immer \u00fcberzeugend umgesetzt, bleiben teilweise unscharf-pixelig oder nahezu kindlich. Einfach und dennoch eindrucksvoll: der gro\u00dfe, mit Geb\u00e4uden bedruckte B\u00fchnenprospekt, hinter dem zwischendurch Hakenkreuzflaggen und Hitler-Wahlplakate sichtbar werden.<\/p>\n\n\n\n<p>Der Abend vergeht mit der Suche nach positiven Details. Als zum nationalistischen \u201eO Vaterland\u201c das Saal-Licht angeht und das Publikum zum Mitmachen aufgefordert wird (\u201eJetzt alle!\u201c) oder Ausschnitte aus dem AfD-Parteiprogramm verlesen werden, w\u00e4hrend hinter dem Hakenkreuz-Prospekt unverkennbar das AfD-Blau hervorlugt, setzt die Inszenierung starke und gelungene Akzente. Gerne h\u00e4tte man mehr davon gesehen. Dass der Conf\u00e9rencier am Schluss von Ludwig erschossen wird, zerst\u00f6rt leider den dramaturgisch unfassbar starken und nahezu unertr\u00e4glichen Schwebezustand der Ungewissheit durch konkrete Drastik. Man bleibt ratlos zur\u00fcck. Es wirkt leider so, als h\u00e4tte sich das Theater L\u00fcbeck mit diesem St\u00fcck \u00fcbernommen.<\/p>\n\n\n\n<hr class=\"wp-block-separator has-alpha-channel-opacity is-style-dots\"\/>\n\n\n\n<p class=\"has-small-font-size\">Musikalische Leitung: Willy Daum \u2022 Choreografie: Tiago Manquinho \u2022 B\u00fchne: Ramona Rauchbach \u2022 Kost\u00fcme: Tanja Liebermann \u2022 Licht: Jan Moritz-Bregenzer \u2022 Ton: Tom Schilling und Jan M\u00fchrer \u2022 Mit: Andreas Hutzel (Conf\u00e9rencier), Sonja Cariaso (Sally Bowles), Will Workman (Clifford Bradshaw), Johannes Merz (Ernst Ludwig), Astrid F\u00e4rber (Fr\u00e4ulein Schneider), Michael Fuchs (Herr Schultz), Susanne H\u00f6hne (Fr\u00e4ulein Kost) u.a. \u2022 Band des Theaters L\u00fcbeck<br><br>Aufmacherfoto: Katrin Ribbe<\/p>\n","protected":false},"excerpt":{"rendered":"<p>Der Neuinszenierung von \u201eCabaret\u201c fehlen Tempo, Glamour und Musikalit\u00e4t Im Zentrum des Musicals \u201eCabaret\u201c steht die unerf\u00fcllte Liebesgeschichte zwischen Schriftsteller Clifford Bradshaw und der exzentrischen Nachtclubs\u00e4ngerin Sally Bowles im Berlin der 30er Jahre, w\u00e4hrend der zunehmenden Bedrohung durch die Nazis. Aufgrund der dr\u00e4ngenden Aktualit\u00e4t findet sich das St\u00fcck landauf, landab wieder auf den Spielpl\u00e4nen, so nun auch am Theater L\u00fcbeck. Schauspieldirektor und Regisseur Malte C. Lachmann hat f\u00fcr seine Inszenierung einige fragw\u00fcrdige Entscheidungen getroffen. Schon zu Beginn wirken die Figuren [&hellip;]<\/p>\n","protected":false},"author":9,"featured_media":9753,"comment_status":"closed","ping_status":"closed","sticky":false,"template":"","format":"standard","meta":{"tpgb_global_settings":"","footnotes":""},"categories":[213],"tags":[],"class_list":["post-9751","post","type-post","status-publish","format-standard","has-post-thumbnail","hentry","category-luebeck"],"tpgb_featured_images":{"full":["https:\/\/www.musical-today.de\/wp-content\/uploads\/2025\/02\/TL_2024_25_Cabaret_081-c-Katrin-Ribbe_b-scaled.jpg",2560,1707,false],"tp-image-grid":["https:\/\/www.musical-today.de\/wp-content\/uploads\/2025\/02\/TL_2024_25_Cabaret_081-c-Katrin-Ribbe_b-700x700.jpg",700,700,true],"thumbnail":["https:\/\/www.musical-today.de\/wp-content\/uploads\/2025\/02\/TL_2024_25_Cabaret_081-c-Katrin-Ribbe_b-600x400.jpg",600,400,true],"medium":["https:\/\/www.musical-today.de\/wp-content\/uploads\/2025\/02\/TL_2024_25_Cabaret_081-c-Katrin-Ribbe_b-1200x800.jpg",1200,800,true],"medium_large":["https:\/\/www.musical-today.de\/wp-content\/uploads\/2025\/02\/TL_2024_25_Cabaret_081-c-Katrin-Ribbe_b-949x633.jpg",770,514,true],"large":["https:\/\/www.musical-today.de\/wp-content\/uploads\/2025\/02\/TL_2024_25_Cabaret_081-c-Katrin-Ribbe_b-1920x1280.jpg",1139,759,true],"default":"https:\/\/www.musical-today.de\/wp-content\/plugins\/the-plus-addons-for-block-editor\/assets\/images\/tpgb-placeholder.jpg"},"tpgb_post_meta_info":{"get_date":"25.02.2025","get_modified_date":"15.04.2025","category_list":{"category":[{"term_id":213,"name":"L\u00fcbeck","slug":"luebeck","term_group":0,"term_taxonomy_id":213,"taxonomy":"category","description":"","parent":19,"count":1,"filter":"raw","term_order":"61"}],"post_tag":false,"post_format":false},"author_name":"Christoph Oscar Hofbauer","author_url":"https:\/\/www.musical-today.de\/en\/autor\/cohofbauer\/","author_email":"online@musical-today.de","author_website":"","author_description":"arbeitet als Kommunikations-Freelancer f\u00fcr Theater, Bildungseinrichtungen und weitere kulturelle Institutionen in den Bereichen Marketing, Presse- und \u00d6ffentlichkeitsarbeit. Ihn faszinieren Theater, Oper und Musical, weil sie besonders intensiv Inhalte und Emotionen ausdr\u00fccken k\u00f6nnen. Mit seinen Rezensionen m\u00f6chte er nicht nur seine Eindr\u00fccke festhalten, sondern auch f\u00fcr Musiktheater begeistern.","author_facebook":"","author_twitter":"","author_instagram":"","author_role":["author"],"author_firstname":"Christoph Oscar","author_lastname":"Hofbauer","user_login":"cohofbauer","author_avatar":"<img src=\"https:\/\/www.musical-today.de\/wp-content\/uploads\/2024\/03\/Christoph-Oscar-Hofbauer-293x293.jpg\" width=\"200\" height=\"200\" alt=\"Christoph Oscar Hofbauer\" class=\"avatar avatar-200 wp-user-avatar wp-user-avatar-200 alignnone photo\" \/>","author_avatar_url":"https:\/\/www.musical-today.de\/wp-content\/uploads\/2024\/03\/Christoph-Oscar-Hofbauer.jpg","comment_count":0,"post_likes":0,"post_views":0},"tpgb_post_category":{"category":"<a href=\"https:\/\/www.musical-today.de\/en\/deutschland\/luebeck\/\" alt=\"L\u00fcbeck\"  class=\"category-luebeck\">L\u00fcbeck<\/a> "},"_links":{"self":[{"href":"https:\/\/www.musical-today.de\/en\/wp-json\/wp\/v2\/posts\/9751","targetHints":{"allow":["GET"]}}],"collection":[{"href":"https:\/\/www.musical-today.de\/en\/wp-json\/wp\/v2\/posts"}],"about":[{"href":"https:\/\/www.musical-today.de\/en\/wp-json\/wp\/v2\/types\/post"}],"author":[{"embeddable":true,"href":"https:\/\/www.musical-today.de\/en\/wp-json\/wp\/v2\/users\/9"}],"replies":[{"embeddable":true,"href":"https:\/\/www.musical-today.de\/en\/wp-json\/wp\/v2\/comments?post=9751"}],"version-history":[{"count":0,"href":"https:\/\/www.musical-today.de\/en\/wp-json\/wp\/v2\/posts\/9751\/revisions"}],"wp:featuredmedia":[{"embeddable":true,"href":"https:\/\/www.musical-today.de\/en\/wp-json\/wp\/v2\/media\/9753"}],"wp:attachment":[{"href":"https:\/\/www.musical-today.de\/en\/wp-json\/wp\/v2\/media?parent=9751"}],"wp:term":[{"taxonomy":"category","embeddable":true,"href":"https:\/\/www.musical-today.de\/en\/wp-json\/wp\/v2\/categories?post=9751"},{"taxonomy":"post_tag","embeddable":true,"href":"https:\/\/www.musical-today.de\/en\/wp-json\/wp\/v2\/tags?post=9751"}],"curies":[{"name":"wp","href":"https:\/\/api.w.org\/{rel}","templated":true}]}}