{"id":9876,"date":"2025-02-28T22:28:55","date_gmt":"2025-02-28T21:28:55","guid":{"rendered":"https:\/\/www.musical-today.de\/?p=9876"},"modified":"2025-04-15T14:28:19","modified_gmt":"2025-04-15T12:28:19","slug":"wien-briefe-von-ruth","status":"publish","type":"post","link":"https:\/\/www.musical-today.de\/en\/wien-briefe-von-ruth\/","title":{"rendered":"Briefe von Ruth"},"content":{"rendered":"<div class=\"lets-info-up-wrap  lets-info-up--right lets-info-up--m-1 lets-info-up-skin-3 lets-info-up--side lets-info-up-95687\" style=\"background:#fafafa; color: #616161\">\t\t\t<div class=\"lets-info-up\">\r\n\t\t\t<div class=\"lets-info-up-fi\"><img decoding=\"async\" width=\"500\" height=\"333\" src=\"https:\/\/www.musical-today.de\/wp-content\/uploads\/2024\/01\/qi-addons-for-elementor-placeholder-500x333.png\" class=\"attachment-lets-info-up-d1 size-lets-info-up-d1\" alt=\"|\" srcset=\"https:\/\/www.musical-today.de\/wp-content\/uploads\/2024\/01\/qi-addons-for-elementor-placeholder-500x333.png 500w, https:\/\/www.musical-today.de\/wp-content\/uploads\/2024\/01\/qi-addons-for-elementor-placeholder-300x200.png 300w, https:\/\/www.musical-today.de\/wp-content\/uploads\/2024\/01\/qi-addons-for-elementor-placeholder-1024x683.png 1024w, https:\/\/www.musical-today.de\/wp-content\/uploads\/2024\/01\/qi-addons-for-elementor-placeholder-883x589.png 883w, https:\/\/www.musical-today.de\/wp-content\/uploads\/2024\/01\/qi-addons-for-elementor-placeholder-18x12.png 18w, https:\/\/www.musical-today.de\/wp-content\/uploads\/2024\/01\/qi-addons-for-elementor-placeholder-360x240.png 360w, https:\/\/www.musical-today.de\/wp-content\/uploads\/2024\/01\/qi-addons-for-elementor-placeholder-1155x770.png 1155w, https:\/\/www.musical-today.de\/wp-content\/uploads\/2024\/01\/qi-addons-for-elementor-placeholder-370x247.png 370w, https:\/\/www.musical-today.de\/wp-content\/uploads\/2024\/01\/qi-addons-for-elementor-placeholder-770x513.png 770w, https:\/\/www.musical-today.de\/wp-content\/uploads\/2024\/01\/qi-addons-for-elementor-placeholder-293x195.png 293w, https:\/\/www.musical-today.de\/wp-content\/uploads\/2024\/01\/qi-addons-for-elementor-placeholder-120x80.png 120w, https:\/\/www.musical-today.de\/wp-content\/uploads\/2024\/01\/qi-addons-for-elementor-placeholder-240x160.png 240w, https:\/\/www.musical-today.de\/wp-content\/uploads\/2024\/01\/qi-addons-for-elementor-placeholder-390x260.png 390w, https:\/\/www.musical-today.de\/wp-content\/uploads\/2024\/01\/qi-addons-for-elementor-placeholder.png 1200w\" sizes=\"(max-width: 500px) 100vw, 500px\" title=\"\"><\/div>\t\t\t<div class=\"lets-info-up-block-wrap\">\r\n\t\t\t\t<div class=\"lets-info-up-block lets-info-up-meta-block\"><div class=\"lets-info-up-meta-title lets-info-up-pretitle font-h\" style=\"color: #8c6d18;\">oRT<\/div><div class=\"lets-info-up-meta-content lets-info-up-title font-b\">MusikTheater an der Wien (Kammeroper)<\/div><\/div><div class=\"lets-info-up-block lets-info-up-meta-block\"><div class=\"lets-info-up-meta-title lets-info-up-pretitle font-h\" style=\"color: #8c6d18;\">von<\/div><div class=\"lets-info-up-meta-content lets-info-up-title font-b\">Gisle Kverndokk (Musik)<br>Aksel-Otto Bull und Gisle Kverndokk (Buch und Gesangstexte)<\/div><\/div><div class=\"lets-info-up-block lets-info-up-meta-block\"><div class=\"lets-info-up-meta-title lets-info-up-pretitle font-h\" style=\"color: #8c6d18;\">Regie<\/div><div class=\"lets-info-up-meta-content lets-info-up-title font-b\">Philipp Moschitz<\/div><\/div><div class=\"lets-info-up-block lets-info-up-meta-block\"><div class=\"lets-info-up-meta-title lets-info-up-pretitle font-h\" style=\"color: #8c6d18;\">Urauff\u00fchrunG<\/div><div class=\"lets-info-up-meta-content lets-info-up-title font-b\">2023<\/div><\/div><div class=\"lets-info-up-block lets-info-up-meta-block\"><div class=\"lets-info-up-meta-title lets-info-up-pretitle font-h\" style=\"color: #8c6d18;\">INFOS<\/div><div class=\"lets-info-up-meta-content lets-info-up-title font-b\"><a href=\"https:\/\/www.theater-wien.at\/de\/spielplan\/saison2024-25\/1304\/Briefe-von-Ruth\" data-type=\"link\" target=\"_blank\" rel=\"noopener noreferrer nofollow\">www.theater-wien.at<\/a><\/div><\/div>\t\t\t<\/div>\r\n\t\t\t<\/div>\r\n\t\t<\/div>\r\n\t\t\n\n\n<p><strong><strong><strong>Das Kammermusical \u201eBriefe von Ruth\u201c erinnert an das tragische Schicksal der Wiener J\u00fcdin Ruth Maier<\/strong><\/strong><\/strong><\/p>\n\n\n\n<p>Ein junges M\u00e4dchen mit dunklen Locken steht in einem biederen, karierten Rock und einem gestreiften Pullunder auf der B\u00fchne. Diese wird dominiert von einem massiven, auf das Dach gedrehten Viehwaggon, umgeben von aufget\u00fcrmten, altmodischen Koffern. Die Szenerie sendet ein klares Signal, die Verortung ist eindeutig: Hier regieren die Nationalsozialisten. So vieles k\u00f6nnte das Schicksal f\u00fcr Ruth Maier bereithalten \u2013 doch das tut es nicht. Die Vernichtungsmaschinerie von Auschwitz setzt dem jungen Leben der Wiener J\u00fcdin ein j\u00e4hes Ende.<\/p>\n\n\n\n<p>Der bedr\u00fcckende Stoff des Kammermusicals \u201eBriefe von Ruth\u201c basiert auf einer wahren Geschichte. Ruth wird 1920 in Wien geboren und lebt dort mit ihrer Mutter und Schwester, der Vater ist fr\u00fch verstorben. Sie schw\u00e4rmt f\u00fcr das Theater, tr\u00e4umt von einem K\u00fcnstlerleben und von der gro\u00dfen Liebe. 1939 ver\u00e4ndert sich ihr Leben gravierend: Ihre Schwester wird mit einem Kindertransport nach England geschickt, Ruth selbst kommt nach Norwegen zu einem Bekannten ihres Vaters. Das Leben im hohen Norden gestaltet sich schwierig, ein psychischer Zusammenbruch folgt. Ein Wunsch an die Zukunft aber wird ihr erf\u00fcllt: Ruth erlebt eine gro\u00dfe Liebe \u2013 und zwar zu Gunvor Hofmo. Doch den beiden Frauen ist nicht viel Zeit zusammen verg\u00f6nnt. 1942 wird Ruth nach Auschwitz deportiert und ermordet. Ihre zahlreichen Tageb\u00fccher wurden von Hofmo aufbewahrt und bilden \u2013 ebenso wie Ruths Briefe an ihre Schwester \u2013 die Grundlage f\u00fcr das Libretto von Aksel-Otto Bull und Gisle Kverndokk. Die Schriftstellerin Gunvor Hofmo gilt als eine der bedeutendsten Vertreterinnen der modernen norwegischen Lyrik und ist dort Teil der Schulliteratur. \u00dcber den Verlust ihrer Freundin ist Hofmo nie hinweggekommen.<\/p>\n\n\n<div  class=\"tpgb-wrap-956d14_9876  tpgb-wrap-fw \"  ><div id=\"956d14_9876\" class=\"tpgb-block-956d14_9876 tpgb-relative-block tpgb-gallery-list tpgb-metro gallery-style-2 hover-image-style-1   \" data-style=\"style-2\" data-id=\"956d14_9876\" data-layout=\"metro\" data-fancy-option='{\"loop\":false,\"thumb\":\"no\",\"infobar\":true,\"arrows\":true,\"transitionEffect\":\"slide\",\"button\":[\"close\"]}' data-splide='\"\"' data-metroAttr= '{\"metro_col\":\"3\",\"tab_metro_col\":3,\"mobile_metro_col\":3,\"metro_style\":\"style-1\",\"tab_metro_style\":\"style-1\",\"mobile_metro_style\":\"style-1\"}' ><div class=\"tpgb-row post-loop-inner \"><div class=\"grid-item metro-item-0    tpgb-metro-1  tpgb-tab-metro-1  tpgb-mobile-metro-1 \"><a href=\"https:\/\/www.musical-today.de\/wp-content\/uploads\/2025\/02\/52950_Briefe_von_Ruth__c__Herwig_Prammer_4-scaled.jpg\" class=\"tpgb-gallery-list-content tpgb-trans-easeinout\" data-fancybox=\"956d14_9876\" data-caption=\"Foto: Herwig Prammer\" aria-label=\"Foto: Herwig Prammer\"><div class=\"post-content-image\"><div class=\"tpgb-metro-gallery-image\" style=\"background: url(https:\/\/www.musical-today.de\/wp-content\/uploads\/2025\/02\/52950_Briefe_von_Ruth__c__Herwig_Prammer_4-scaled.jpg);\"><\/div><\/div><div class=\"post-content-center\"><div class=\"post-zoom-icon\"><div class=\"meta-search-icon\"><span><img decoding=\"async\" class=\"fancy-img\" src=\"https:\/\/www.musical-today.de\/wp-content\/uploads\/2025\/02\/52950_Briefe_von_Ruth__c__Herwig_Prammer_4-scaled.jpg\" alt=\"Media Image1\" title=\"\"><i class=\"fas fa-search-plus pop-icon\"><\/i><\/span><\/div><\/div><div class=\"post-content-bottom\"><p class=\"post-title tpgb-trans-easeinout\">Foto: Herwig Prammer<\/p><\/div><\/div><\/a><\/div><div class=\"grid-item metro-item-1    tpgb-metro-2  tpgb-tab-metro-2  tpgb-mobile-metro-2 \"><a href=\"https:\/\/www.musical-today.de\/wp-content\/uploads\/2025\/02\/52957_Briefe_von_Ruth__c__Herwig_Prammer_11-scaled.jpg\" class=\"tpgb-gallery-list-content tpgb-trans-easeinout\" data-fancybox=\"956d14_9876\" data-caption=\"Foto: Herwig Prammer\" aria-label=\"Foto: Herwig Prammer\"><div class=\"post-content-image\"><div class=\"tpgb-metro-gallery-image\" style=\"background: url(https:\/\/www.musical-today.de\/wp-content\/uploads\/2025\/02\/52957_Briefe_von_Ruth__c__Herwig_Prammer_11-scaled.jpg);\"><\/div><\/div><div class=\"post-content-center\"><div class=\"post-zoom-icon\"><div class=\"meta-search-icon\"><span><img decoding=\"async\" class=\"fancy-img\" src=\"https:\/\/www.musical-today.de\/wp-content\/uploads\/2025\/02\/52957_Briefe_von_Ruth__c__Herwig_Prammer_11-scaled.jpg\" alt=\"Media Image2\" title=\"\"><i class=\"fas fa-search-plus pop-icon\"><\/i><\/span><\/div><\/div><div class=\"post-content-bottom\"><p class=\"post-title tpgb-trans-easeinout\">Foto: Herwig Prammer<\/p><\/div><\/div><\/a><\/div><div class=\"grid-item metro-item-2    tpgb-metro-3  tpgb-tab-metro-3  tpgb-mobile-metro-3 \"><a href=\"https:\/\/www.musical-today.de\/wp-content\/uploads\/2025\/02\/52958_Briefe_von_Ruth__c__Herwig_Prammer_12-scaled.jpg\" class=\"tpgb-gallery-list-content tpgb-trans-easeinout\" data-fancybox=\"956d14_9876\" data-caption=\"Foto: Herwig Prammer\" aria-label=\"Foto: Herwig Prammer\"><div class=\"post-content-image\"><div class=\"tpgb-metro-gallery-image\" style=\"background: url(https:\/\/www.musical-today.de\/wp-content\/uploads\/2025\/02\/52958_Briefe_von_Ruth__c__Herwig_Prammer_12-scaled.jpg);\"><\/div><\/div><div class=\"post-content-center\"><div class=\"post-zoom-icon\"><div class=\"meta-search-icon\"><span><img decoding=\"async\" class=\"fancy-img\" src=\"https:\/\/www.musical-today.de\/wp-content\/uploads\/2025\/02\/52958_Briefe_von_Ruth__c__Herwig_Prammer_12-scaled.jpg\" alt=\"Media Image3\" title=\"\"><i class=\"fas fa-search-plus pop-icon\"><\/i><\/span><\/div><\/div><div class=\"post-content-bottom\"><p class=\"post-title tpgb-trans-easeinout\">Foto: Herwig Prammer<\/p><\/div><\/div><\/a><\/div><\/div><\/div><\/div>\n\n\n<p>Der 58-j\u00e4hrige Komponist Gisle Kverndokk ist umtriebig und setzt gro\u00dfe Stoffe gerne musikalisch um: \u201eSofies Welt\u201c, \u201eGef\u00e4hrliche Liebschaften\u201c oder \u201eFanny und Alexander\u201c z\u00e4hlen zu seinen bekanntesten Werken. Die Urauff\u00fchrung von \u201eBriefe von Ruth\u201c fand 2023 im ober\u00f6sterreichischen Gmunden statt. Die Produktion wurde begeistert aufgenommen und gewann in vier Kategorien den Deutschen Musical Theater Preis. Das St\u00fcck wird als Kammermusical bezeichnet: Wer flotte Tanznummern und eing\u00e4ngige Ohrw\u00fcrmer erwartet, wird entt\u00e4uscht, wenngleich der Humor trotz des bedr\u00fcckenden Themas nicht fehlt. Die Grundstimmung ist jedoch d\u00fcster.<\/p>\n\n\n\n<p>Kverndokks Musik wechselt zwischen zarten Liedern, kurzen Chorszenen und jazzigen Einlagen. Da es sich um eine Kooperation mit den Vereinigten B\u00fchnen Wien handelt, spielt das auf Musicals spezialisierte Orchester der VBW unter der bew\u00e4hrten Leitung von Herbert Pichler.<\/p>\n\n\n\n<p>In rasch wechselnden Szenen wird das Leben von Ruth Maier erz\u00e4hlt. Philipp Moschitz gibt sein Regiedeb\u00fct an der Kammeroper und begeistert mit frischen Einf\u00e4llen und einer einf\u00fchlsamen Personenf\u00fchrung. Er hat aber auch gro\u00dfes Gl\u00fcck mit den beiden Hauptdarstellerinnen: Emily Mrosek, ausgebildete Opern- und Musicals\u00e4ngerin, bezaubert als hoffnungsvolle, vertr\u00e4umte Ruth, die mit ihren inneren D\u00e4monen k\u00e4mpft. Mit zarter wie kraftvoller Stimme setzt sie der echten Ruth ein Denkmal. Die ebenfalls im Musicalgenre erfolgreiche Dorothea Maria M\u00fcller verk\u00f6rpert Gunvor Hofmo als distanzierte, aber liebevolle Partnerin \u2013 sie \u00fcberzeugt sowohl in der Sprech- als auch in der Gesangsrolle. Rund um diese beiden spielt ein kleines Ensemble alle weiteren Figuren: Mutter, Schwester, Soldaten, Arbeiter, Sch\u00fcler.<\/p>\n\n\n\n<p>Es ist f\u00fchlbar still im Zuschauerraum, als Ruth von den Schergen des Nationalsozialismus abgeholt wird. Z\u00f6gernd brandet der Applaus auf \u2013 dann aber heftig.<\/p>\n\n\n\n<hr class=\"wp-block-separator has-alpha-channel-opacity is-style-dots\"\/>\n\n\n\n<p class=\"has-small-font-size\">Musikalische Leitung: Herbert Pichler \u2022 Choreografie: Sven Niemeyer \u2022 B\u00fchne und Video: Matthias Engelmann \u2022 Kost\u00fcme: Claudio Pohle \u2022 Licht: Franz Tscheck \u2022 Mit: Emily Mrosek (Ruth Maier), Julia Bergen (Judith), Dorothea Maria M\u00fcller (Gunvor Hofmo), Maaike Schuurmans (Mutter u.a.), Alen Hodzovic (Hermann Thimig u.a.), Reinwald Kranner (Professor Williger u.a.) u.a. \u2022 Orchester der Vereinigten B\u00fchnen Wien<br><br>Aufmacherfoto: Herwig Prammer<\/p>\n","protected":false},"excerpt":{"rendered":"<p>Das Kammermusical \u201eBriefe von Ruth\u201c erinnert an das tragische Schicksal der Wiener J\u00fcdin Ruth Maier Ein junges M\u00e4dchen mit dunklen Locken steht in einem biederen, karierten Rock und einem gestreiften Pullunder auf der B\u00fchne. Diese wird dominiert von einem massiven, auf das Dach gedrehten Viehwaggon, umgeben von aufget\u00fcrmten, altmodischen Koffern. Die Szenerie sendet ein klares Signal, die Verortung ist eindeutig: Hier regieren die Nationalsozialisten. So vieles k\u00f6nnte das Schicksal f\u00fcr Ruth Maier bereithalten \u2013 doch das tut es nicht. Die [&hellip;]<\/p>\n","protected":false},"author":16,"featured_media":9866,"comment_status":"closed","ping_status":"closed","sticky":false,"template":"","format":"standard","meta":{"tpgb_global_settings":"","footnotes":""},"categories":[136],"tags":[],"class_list":["post-9876","post","type-post","status-publish","format-standard","has-post-thumbnail","hentry","category-wien"],"tpgb_featured_images":{"full":["https:\/\/www.musical-today.de\/wp-content\/uploads\/2025\/02\/52947_Briefe_von_Ruth__c__Herwig_Prammer_1-scaled.jpg",2560,1782,false],"tp-image-grid":["https:\/\/www.musical-today.de\/wp-content\/uploads\/2025\/02\/52947_Briefe_von_Ruth__c__Herwig_Prammer_1-700x700.jpg",700,700,true],"thumbnail":["https:\/\/www.musical-today.de\/wp-content\/uploads\/2025\/02\/52947_Briefe_von_Ruth__c__Herwig_Prammer_1-600x418.jpg",600,418,true],"medium":["https:\/\/www.musical-today.de\/wp-content\/uploads\/2025\/02\/52947_Briefe_von_Ruth__c__Herwig_Prammer_1-1200x835.jpg",1200,835,true],"medium_large":["https:\/\/www.musical-today.de\/wp-content\/uploads\/2025\/02\/52947_Briefe_von_Ruth__c__Herwig_Prammer_1-949x661.jpg",770,536,true],"large":["https:\/\/www.musical-today.de\/wp-content\/uploads\/2025\/02\/52947_Briefe_von_Ruth__c__Herwig_Prammer_1-1920x1337.jpg",1139,793,true],"default":"https:\/\/www.musical-today.de\/wp-content\/plugins\/the-plus-addons-for-block-editor\/assets\/images\/tpgb-placeholder.jpg"},"tpgb_post_meta_info":{"get_date":"28.02.2025","get_modified_date":"15.04.2025","category_list":{"category":[{"term_id":136,"name":"Wien","slug":"wien","term_group":0,"term_taxonomy_id":136,"taxonomy":"category","description":"","parent":114,"count":9,"filter":"raw","term_order":"12"}],"post_tag":false,"post_format":false},"author_name":"Susanne Dressler","author_url":"https:\/\/www.musical-today.de\/en\/autor\/susannedressler\/","author_email":"online232@musical-today.de","author_website":"","author_description":"ist Historikerin und lebt als freiberufliche Journalistin in Wien. Die Begeisterung f\u00fcr Oper, Musical oder Operette begleitet sie seit fr\u00fchester Jugend und ist niemals schw\u00e4cher geworden. F\u00fcr sie gibt es im Musiktheater nichts, was es in der Realit\u00e4t nicht auch gibt: Liebe, Hass, Rache, Eifersucht, Mord, Krieg, Verzweiflung, Gl\u00fcck und Krankheit \u2013 nur eben verpackt in wundersch\u00f6ne Musik.","author_facebook":"","author_twitter":"","author_instagram":"","author_role":["author"],"author_firstname":"Susanne","author_lastname":"Dressler","user_login":"susannedressler","author_avatar":"<img src=\"https:\/\/www.musical-today.de\/wp-content\/uploads\/2024\/03\/Autor_Dressler-293x293.jpg\" width=\"200\" height=\"200\" alt=\"Susanne Dressler\" class=\"avatar avatar-200 wp-user-avatar wp-user-avatar-200 alignnone photo\" \/>","author_avatar_url":"https:\/\/www.musical-today.de\/wp-content\/uploads\/2024\/03\/Autor_Dressler.jpg","comment_count":0,"post_likes":0,"post_views":0},"tpgb_post_category":{"category":"<a href=\"https:\/\/www.musical-today.de\/en\/oesterreich\/wien\/\" alt=\"Wien\"  class=\"category-wien\">Wien<\/a> "},"_links":{"self":[{"href":"https:\/\/www.musical-today.de\/en\/wp-json\/wp\/v2\/posts\/9876","targetHints":{"allow":["GET"]}}],"collection":[{"href":"https:\/\/www.musical-today.de\/en\/wp-json\/wp\/v2\/posts"}],"about":[{"href":"https:\/\/www.musical-today.de\/en\/wp-json\/wp\/v2\/types\/post"}],"author":[{"embeddable":true,"href":"https:\/\/www.musical-today.de\/en\/wp-json\/wp\/v2\/users\/16"}],"replies":[{"embeddable":true,"href":"https:\/\/www.musical-today.de\/en\/wp-json\/wp\/v2\/comments?post=9876"}],"version-history":[{"count":0,"href":"https:\/\/www.musical-today.de\/en\/wp-json\/wp\/v2\/posts\/9876\/revisions"}],"wp:featuredmedia":[{"embeddable":true,"href":"https:\/\/www.musical-today.de\/en\/wp-json\/wp\/v2\/media\/9866"}],"wp:attachment":[{"href":"https:\/\/www.musical-today.de\/en\/wp-json\/wp\/v2\/media?parent=9876"}],"wp:term":[{"taxonomy":"category","embeddable":true,"href":"https:\/\/www.musical-today.de\/en\/wp-json\/wp\/v2\/categories?post=9876"},{"taxonomy":"post_tag","embeddable":true,"href":"https:\/\/www.musical-today.de\/en\/wp-json\/wp\/v2\/tags?post=9876"}],"curies":[{"name":"wp","href":"https:\/\/api.w.org\/{rel}","templated":true}]}}