{"id":9904,"date":"2025-03-04T23:56:05","date_gmt":"2025-03-04T22:56:05","guid":{"rendered":"https:\/\/www.musical-today.de\/?p=9904"},"modified":"2025-04-15T14:28:19","modified_gmt":"2025-04-15T12:28:19","slug":"muenchen-la-cage-aux-folles","status":"publish","type":"post","link":"https:\/\/www.musical-today.de\/en\/muenchen-la-cage-aux-folles\/","title":{"rendered":"La Cage aux Folles"},"content":{"rendered":"<div class=\"lets-info-up-wrap  lets-info-up--right lets-info-up--m-1 lets-info-up-skin-3 lets-info-up--side lets-info-up-85915\" style=\"background:#fafafa; color: #616161\">\t\t\t<div class=\"lets-info-up\">\r\n\t\t\t<div class=\"lets-info-up-fi\"><img decoding=\"async\" width=\"500\" height=\"333\" src=\"https:\/\/www.musical-today.de\/wp-content\/uploads\/2024\/01\/qi-addons-for-elementor-placeholder-500x333.png\" class=\"attachment-lets-info-up-d1 size-lets-info-up-d1\" alt=\"|\" srcset=\"https:\/\/www.musical-today.de\/wp-content\/uploads\/2024\/01\/qi-addons-for-elementor-placeholder-500x333.png 500w, https:\/\/www.musical-today.de\/wp-content\/uploads\/2024\/01\/qi-addons-for-elementor-placeholder-300x200.png 300w, https:\/\/www.musical-today.de\/wp-content\/uploads\/2024\/01\/qi-addons-for-elementor-placeholder-1024x683.png 1024w, https:\/\/www.musical-today.de\/wp-content\/uploads\/2024\/01\/qi-addons-for-elementor-placeholder-883x589.png 883w, https:\/\/www.musical-today.de\/wp-content\/uploads\/2024\/01\/qi-addons-for-elementor-placeholder-18x12.png 18w, https:\/\/www.musical-today.de\/wp-content\/uploads\/2024\/01\/qi-addons-for-elementor-placeholder-360x240.png 360w, https:\/\/www.musical-today.de\/wp-content\/uploads\/2024\/01\/qi-addons-for-elementor-placeholder-1155x770.png 1155w, https:\/\/www.musical-today.de\/wp-content\/uploads\/2024\/01\/qi-addons-for-elementor-placeholder-370x247.png 370w, https:\/\/www.musical-today.de\/wp-content\/uploads\/2024\/01\/qi-addons-for-elementor-placeholder-770x513.png 770w, https:\/\/www.musical-today.de\/wp-content\/uploads\/2024\/01\/qi-addons-for-elementor-placeholder-293x195.png 293w, https:\/\/www.musical-today.de\/wp-content\/uploads\/2024\/01\/qi-addons-for-elementor-placeholder-120x80.png 120w, https:\/\/www.musical-today.de\/wp-content\/uploads\/2024\/01\/qi-addons-for-elementor-placeholder-240x160.png 240w, https:\/\/www.musical-today.de\/wp-content\/uploads\/2024\/01\/qi-addons-for-elementor-placeholder-390x260.png 390w, https:\/\/www.musical-today.de\/wp-content\/uploads\/2024\/01\/qi-addons-for-elementor-placeholder.png 1200w\" sizes=\"(max-width: 500px) 100vw, 500px\" title=\"\"><\/div>\t\t\t<div class=\"lets-info-up-block-wrap\">\r\n\t\t\t\t<div class=\"lets-info-up-block lets-info-up-meta-block\"><div class=\"lets-info-up-meta-title lets-info-up-pretitle font-h\" style=\"color: #8c6d18;\">oRT<\/div><div class=\"lets-info-up-meta-content lets-info-up-title font-b\">Staatstheater am G\u00e4rtnerplatz<\/div><\/div><div class=\"lets-info-up-block lets-info-up-meta-block\"><div class=\"lets-info-up-meta-title lets-info-up-pretitle font-h\" style=\"color: #8c6d18;\">von<\/div><div class=\"lets-info-up-meta-content lets-info-up-title font-b\">Jerry Herman (Musik und Gesangstexte)<br>Harvey Fierstein (Buch)<\/div><\/div><div class=\"lets-info-up-block lets-info-up-meta-block\"><div class=\"lets-info-up-meta-title lets-info-up-pretitle font-h\" style=\"color: #8c6d18;\">Regie<\/div><div class=\"lets-info-up-meta-content lets-info-up-title font-b\">Josef E. K\u00f6pplinger<\/div><\/div><div class=\"lets-info-up-block lets-info-up-meta-block\"><div class=\"lets-info-up-meta-title lets-info-up-pretitle font-h\" style=\"color: #8c6d18;\">Urauff\u00fchrung<\/div><div class=\"lets-info-up-meta-content lets-info-up-title font-b\">1983<\/div><\/div><div class=\"lets-info-up-block lets-info-up-meta-block\"><div class=\"lets-info-up-meta-title lets-info-up-pretitle font-h\" style=\"color: #8c6d18;\">INFOS<\/div><div class=\"lets-info-up-meta-content lets-info-up-title font-b\"><a href=\"https:\/\/www.gaertnerplatztheater.de\/de\/produktionen\/la-cage-aux-folles.html\" data-type=\"link\" target=\"_blank\" rel=\"noopener noreferrer nofollow\">www.gaertnerplatztheater.de<\/a><\/div><\/div>\t\t\t<\/div>\r\n\t\t\t<\/div>\r\n\t\t<\/div>\r\n\t\t\n\n\n<p><strong>\u201eLa Cage aux Folles\u201c bietet Unterhaltung f\u00fcr Auge und Ohr<\/strong><\/p>\n\n\n\n<p>\u201eLa Cage aux Folles\u201c geh\u00f6rt zu den meistgespielten Musicals und steht derzeit auch wieder am M\u00fcnchner G\u00e4rtnerplatz auf dem Programm. Kurz nachdem das Publikum im mit bunten Lichterketten geschm\u00fcckten Zuschauerraum Platz genommen hat, wird es durch die schwungvolle Ouvert\u00fcre und einen Kurzfilm \u00fcber die queere Zeitgeschichte in die 1970er Jahre katapultiert und verwandelt sich in die G\u00e4ste des Nachtclubs \u201eLa Cage aux Folles\u201c in St. Tropez. In den n\u00e4chsten zwei Stunden gibt es kein Entrinnen aus dem K\u00e4fig voller Narren \u2013 nicht dass der Wunsch danach entst\u00fcnde, denn die bekannte Liebes- und Familiengeschichte um Albin und Georges bietet auch hier beste Unterhaltung.<\/p>\n\n\n\n<p>Genau sie steht im Mittelpunkt der Inszenierung von Intendant und Regisseur Josef E. K\u00f6pplinger, der es sich nicht nehmen l\u00e4sst, immer wieder kleine, leicht zu verpassende szenische Scherze unterzubringen, wie etwa Schwindel- oder \u00dcbelkeitsanf\u00e4lle unter den Cagelles w\u00e4hrend allzu ausufernder Pirouetten. Derlei t\u00e4nzerische Herausforderungen und die zahlreichen schwungvollen, ja mitrei\u00dfend-einheizenden Choreografien stammen von Adam Cooper, der wie das restliche Kreativteam sein Handwerk exzellent beherrscht.<\/p>\n\n\n<div  class=\"tpgb-wrap-956d14_9904  tpgb-wrap-fw \"  ><div id=\"956d14_9904\" class=\"tpgb-block-956d14_9904 tpgb-relative-block tpgb-gallery-list tpgb-metro gallery-style-2 hover-image-style-1   \" data-style=\"style-2\" data-id=\"956d14_9904\" data-layout=\"metro\" data-fancy-option='{\"loop\":false,\"thumb\":\"no\",\"infobar\":true,\"arrows\":true,\"transitionEffect\":\"slide\",\"button\":[\"close\"]}' data-splide='\"\"' data-metroAttr= '{\"metro_col\":3,\"tab_metro_col\":3,\"mobile_metro_col\":3,\"metro_style\":\"style-1\",\"tab_metro_style\":\"style-1\",\"mobile_metro_style\":\"style-1\"}' ><div class=\"tpgb-row post-loop-inner \"><div class=\"grid-item metro-item-0    tpgb-metro-1  tpgb-tab-metro-1  tpgb-mobile-metro-1 \"><a href=\"https:\/\/www.musical-today.de\/wp-content\/uploads\/2025\/03\/LaCage_HP2_CR_MarkusTordik_-443-scaled.jpg\" class=\"tpgb-gallery-list-content tpgb-trans-easeinout\" data-fancybox=\"956d14_9904\" data-caption=\"Foto: Markus Tordik\" aria-label=\"Foto: Markus Tordik\"><div class=\"post-content-image\"><div class=\"tpgb-metro-gallery-image\" style=\"background: url(https:\/\/www.musical-today.de\/wp-content\/uploads\/2025\/03\/LaCage_HP2_CR_MarkusTordik_-443-scaled.jpg);\"><\/div><\/div><div class=\"post-content-center\"><div class=\"post-zoom-icon\"><div class=\"meta-search-icon\"><span><img decoding=\"async\" class=\"fancy-img\" src=\"https:\/\/www.musical-today.de\/wp-content\/uploads\/2025\/03\/LaCage_HP2_CR_MarkusTordik_-443-scaled.jpg\" alt=\"Media Image1\" title=\"\"><i class=\"fas fa-search-plus pop-icon\"><\/i><\/span><\/div><\/div><div class=\"post-content-bottom\"><p class=\"post-title tpgb-trans-easeinout\">Foto: Markus Tordik<\/p><\/div><\/div><\/a><\/div><div class=\"grid-item metro-item-1    tpgb-metro-2  tpgb-tab-metro-2  tpgb-mobile-metro-2 \"><a href=\"https:\/\/www.musical-today.de\/wp-content\/uploads\/2025\/03\/LaCage_HP1_CR_MarkusTordik_-2078-scaled.jpg\" class=\"tpgb-gallery-list-content tpgb-trans-easeinout\" data-fancybox=\"956d14_9904\" data-caption=\"Foto: Markus Tordik\" aria-label=\"Foto: Markus Tordik\"><div class=\"post-content-image\"><div class=\"tpgb-metro-gallery-image\" style=\"background: url(https:\/\/www.musical-today.de\/wp-content\/uploads\/2025\/03\/LaCage_HP1_CR_MarkusTordik_-2078-scaled.jpg);\"><\/div><\/div><div class=\"post-content-center\"><div class=\"post-zoom-icon\"><div class=\"meta-search-icon\"><span><img decoding=\"async\" class=\"fancy-img\" src=\"https:\/\/www.musical-today.de\/wp-content\/uploads\/2025\/03\/LaCage_HP1_CR_MarkusTordik_-2078-scaled.jpg\" alt=\"Media Image2\" title=\"\"><i class=\"fas fa-search-plus pop-icon\"><\/i><\/span><\/div><\/div><div class=\"post-content-bottom\"><p class=\"post-title tpgb-trans-easeinout\">Foto: Markus Tordik<\/p><\/div><\/div><\/a><\/div><div class=\"grid-item metro-item-2    tpgb-metro-3  tpgb-tab-metro-3  tpgb-mobile-metro-3 \"><a href=\"https:\/\/www.musical-today.de\/wp-content\/uploads\/2025\/03\/LaCage_HP1_CR_MarkusTordik_-131-scaled.jpg\" class=\"tpgb-gallery-list-content tpgb-trans-easeinout\" data-fancybox=\"956d14_9904\" data-caption=\"Foto: Markus Tordik\" aria-label=\"Foto: Markus Tordik\"><div class=\"post-content-image\"><div class=\"tpgb-metro-gallery-image\" style=\"background: url(https:\/\/www.musical-today.de\/wp-content\/uploads\/2025\/03\/LaCage_HP1_CR_MarkusTordik_-131-scaled.jpg);\"><\/div><\/div><div class=\"post-content-center\"><div class=\"post-zoom-icon\"><div class=\"meta-search-icon\"><span><img decoding=\"async\" class=\"fancy-img\" src=\"https:\/\/www.musical-today.de\/wp-content\/uploads\/2025\/03\/LaCage_HP1_CR_MarkusTordik_-131-scaled.jpg\" alt=\"Media Image3\" title=\"\"><i class=\"fas fa-search-plus pop-icon\"><\/i><\/span><\/div><\/div><div class=\"post-content-bottom\"><p class=\"post-title tpgb-trans-easeinout\">Foto: Markus Tordik<\/p><\/div><\/div><\/a><\/div><\/div><\/div><\/div>\n\n\n<p>Auch Rainer Sinell (B\u00fchne) und Alfred Mayerhofer (Kost\u00fcme) d\u00fcrfen sich austoben: So werden reichlich farbenfrohe Kulissen inklusive buchst\u00e4blich malerischer K\u00fcstenkitsch-Szenerie und rosa Triumphbogen aufgefahren, dekoriert mit allerlei Phalli \u2013 ob als Kerzen in den Wandkronleuchtern, als Skulpturen oder Zigarettenhalter \u2013, mit unz\u00e4hligen bunten Federn und noch viel mehr Glitzer. Dagegen kommt nicht einmal das kolossale Kreuz mitsamt leidendem Jesus (ausnahmsweise eine untenrum bedeckte Wanddekoration) in der f\u00fcr die G\u00e4ste konservativ umgestalteten Wohnung von Georges und Albin an.<\/p>\n\n\n\n<p>Wie vom G\u00e4rtnerplatztheater gewohnt, bekommt man musikalisch die Cr\u00e8me de la Cr\u00e8me geboten. Das Staatsorchester spielt unter der musikalischen Leitung von Jeff Frohner gekonnt auf, das Ensemble \u00fcberzeugt gesanglich auf der B\u00fchne. Als Albin alias Zaza zeigt sich Armin Kahl sowohl als einf\u00fchlsamer Familienmensch wie auch als vielfach gefeierte Diva. Nach seiner emotional performten G\u00e4nsehaut-Nummer \u201eIch bin, was ich bin\u201c erh\u00e4lt er zu Recht bebenden Applaus. Als sein Lebenspartner Georges steht ihm Daniel Prohaska in nichts nach. Er verk\u00f6rpert authentisch den schillernden Nachtclubbesitzer, der als liebender Vater bereit ist, sein gesamtes Leben und alles, wof\u00fcr er steht, nach au\u00dfen hin zu leugnen. Die beiden erg\u00e4nzen sich hervorragend und man nimmt ihnen das alternde Liebespaar zu jeder Zeit ab. Begeisterten Applaus sowie die meisten Lacher erh\u00e4lt Christian Schleinzer in der Rolle des Butlers Jacob aka Zofe Claudine. Mit bewusst \u00fcberzogener Theatralik stellt er nicht nur die Starqualit\u00e4ten seiner Rolle, sondern auch seine eigenen unter Beweis. Auch das restliche Ensemble liefert bestens ab, darunter Florentine Beyer als Anne, Paul Clementi als ihr Verlobter Jean-Michel oder Erwin Windegger als erzkonservativer Politiker Edouard Dindon.<\/p>\n\n\n\n<p>Diese M\u00fcnchner Inszenierung von \u201eLa Cage aux Folles\u201c unterh\u00e4lt jedenfalls Auge und Ohr, kommt jedoch mit wenig neuen Einf\u00e4llen daher. Die Schlagkraft wie zu Zeiten der Urauff\u00fchrung kann man nur noch erahnen, das St\u00fcck hat etwas Patina angesetzt. Beunruhigend jedoch \u2013 und vielleicht gerade das zum Nachdenken anregende Momentum \u2013 ist, dass Figuren wie Dindon, der gegen Homosexualit\u00e4t und jede Form der Diversit\u00e4t wettert, auch heute noch genauso zu finden sind. Und das, obwohl man meinen m\u00f6chte, dass die LGBTQIA+-Bewegung in den letzten Jahrzehnten einige Fortschritte erzielt hat. Es bleibt das mulmige Bauchgef\u00fchl, dass sich die zu Beginn auf der Leinwand gezeigten Errungenschaften in der weiteren Zukunft nicht mehren, sondern wieder St\u00fcck f\u00fcr St\u00fcck abgebaut werden k\u00f6nnten. Bleibt nur zu hoffen, dass Kultur und Theater weiterhin als Bastionen der Vielfalt fungieren werden.<\/p>\n\n\n\n<hr class=\"wp-block-separator has-alpha-channel-opacity is-style-dots\"\/>\n\n\n\n<p class=\"has-small-font-size\">Musikalische Leitung: Jeff Frohner \u2022 Choreografie: Adam Cooper \u2022 B\u00fchne: Rainer Sinell \u2022 Kost\u00fcme: Alfred Mayerhofer \u2022 Licht: Josef E. K\u00f6pplinger und Peter H\u00f6rtner \u2022 Mit: Daniel Prohaska (Georges), Armin Kahl (Albin), Paul Clementi (Jean-Michel), Florentine Beyer (Anne), Erwin Windegger (Edouard Dindon), Anja Clementi (Marie Dindon), Christian Schleinzer (Jacob), Anna Overbeck (Jacqueline), Frank Berg (Francis), Frances Lucey (Babette), Diego Federico (Chantal), Alexander Findewirth (Hanna), Peter Neustifter (Mercedes), Michael B. Sattler (Ph\u00e4dra), Fabian Koller (Odette), Johannes Summer (Nicole), Riccarda Sch\u00f6nerstedt (Angelique), David Hegyi (Marika), Matthew Jared Perko (Dermah), Alexander Hille (Bitelle), Amelie Lambrichts (Lo Singh), Marta Ja\u00e9n Garcia (Clo-Clo), Holger Ohlmann (Monsieur Renaud), Tracey Adele Cooper (Madame Renaud), Shania Ochsner (Paulette), Jo\u00ebl Zupan (Hercule), Ann-Katrin Naidu (Madame de Colette) u.a. \u2022 Orchester des Staatstheaters am G\u00e4rtnerplatz<\/p>\n\n\n\n<p class=\"has-small-font-size\">Aufmacherfoto: Markus Tordik<\/p>\n","protected":false},"excerpt":{"rendered":"<p>\u201eLa Cage aux Folles\u201c bietet Unterhaltung f\u00fcr Auge und Ohr \u201eLa Cage aux Folles\u201c geh\u00f6rt zu den meistgespielten Musicals und steht derzeit auch wieder am M\u00fcnchner G\u00e4rtnerplatz auf dem Programm. Kurz nachdem das Publikum im mit bunten Lichterketten geschm\u00fcckten Zuschauerraum Platz genommen hat, wird es durch die schwungvolle Ouvert\u00fcre und einen Kurzfilm \u00fcber die queere Zeitgeschichte in die 1970er Jahre katapultiert und verwandelt sich in die G\u00e4ste des Nachtclubs \u201eLa Cage aux Folles\u201c in St. Tropez. In den n\u00e4chsten zwei [&hellip;]<\/p>\n","protected":false},"author":42,"featured_media":9903,"comment_status":"closed","ping_status":"closed","sticky":false,"template":"","format":"standard","meta":{"tpgb_global_settings":"","footnotes":""},"categories":[98],"tags":[],"class_list":["post-9904","post","type-post","status-publish","format-standard","has-post-thumbnail","hentry","category-muenchen"],"tpgb_featured_images":{"full":["https:\/\/www.musical-today.de\/wp-content\/uploads\/2025\/03\/LaCage_HP2_CR_MarkusTordik_-1403-scaled.jpg",2560,1698,false],"tp-image-grid":["https:\/\/www.musical-today.de\/wp-content\/uploads\/2025\/03\/LaCage_HP2_CR_MarkusTordik_-1403-700x700.jpg",700,700,true],"thumbnail":["https:\/\/www.musical-today.de\/wp-content\/uploads\/2025\/03\/LaCage_HP2_CR_MarkusTordik_-1403-600x398.jpg",600,398,true],"medium":["https:\/\/www.musical-today.de\/wp-content\/uploads\/2025\/03\/LaCage_HP2_CR_MarkusTordik_-1403-1200x796.jpg",1200,796,true],"medium_large":["https:\/\/www.musical-today.de\/wp-content\/uploads\/2025\/03\/LaCage_HP2_CR_MarkusTordik_-1403-949x629.jpg",770,510,true],"large":["https:\/\/www.musical-today.de\/wp-content\/uploads\/2025\/03\/LaCage_HP2_CR_MarkusTordik_-1403-1920x1273.jpg",1139,755,true],"default":"https:\/\/www.musical-today.de\/wp-content\/plugins\/the-plus-addons-for-block-editor\/assets\/images\/tpgb-placeholder.jpg"},"tpgb_post_meta_info":{"get_date":"04.03.2025","get_modified_date":"15.04.2025","category_list":{"category":[{"term_id":98,"name":"M\u00fcnchen","slug":"muenchen","term_group":0,"term_taxonomy_id":98,"taxonomy":"category","description":"","parent":19,"count":15,"filter":"raw","term_order":"69"}],"post_tag":false,"post_format":false},"author_name":"Constanze Freitag","author_url":"https:\/\/www.musical-today.de\/en\/autor\/constanzefreitag\/","author_email":"temporary-removeDdJc6n3FN4r35Qm@tmp.com","author_website":"","author_description":"schmetterte bereits als Kind Musicalsongs in Endlosschleife (zum Leidwesen ihrer Eltern). Sie studierte Theaterwissenschaft an der LMU M\u00fcnchen, was sie 2018 zum Fachmagazin \u201emusicals\u201c f\u00fchrte. Seitdem rezensiert sie St\u00fccke im s\u00fcddeutschen Raum und in \u00d6sterreich. Der Facettenreichtum der Stimme begeistert sie auch als Synchron-Aufnahmeleiterin stets aufs Neue.","author_facebook":"","author_twitter":"","author_instagram":"","author_role":["author"],"author_firstname":"Constanze","author_lastname":"Freitag","user_login":"constanzekoehler","author_avatar":"<img src=\"https:\/\/www.musical-today.de\/wp-content\/uploads\/2024\/03\/Constanze-Koehler-1-293x293.png\" width=\"200\" height=\"200\" alt=\"Constanze Freitag\" class=\"avatar avatar-200 wp-user-avatar wp-user-avatar-200 alignnone photo\" \/>","author_avatar_url":"https:\/\/www.musical-today.de\/wp-content\/uploads\/2024\/03\/Constanze-Koehler-1-scaled.png","comment_count":0,"post_likes":0,"post_views":0},"tpgb_post_category":{"category":"<a href=\"https:\/\/www.musical-today.de\/en\/deutschland\/muenchen\/\" alt=\"M\u00fcnchen\"  class=\"category-muenchen\">M\u00fcnchen<\/a> "},"_links":{"self":[{"href":"https:\/\/www.musical-today.de\/en\/wp-json\/wp\/v2\/posts\/9904","targetHints":{"allow":["GET"]}}],"collection":[{"href":"https:\/\/www.musical-today.de\/en\/wp-json\/wp\/v2\/posts"}],"about":[{"href":"https:\/\/www.musical-today.de\/en\/wp-json\/wp\/v2\/types\/post"}],"author":[{"embeddable":true,"href":"https:\/\/www.musical-today.de\/en\/wp-json\/wp\/v2\/users\/42"}],"replies":[{"embeddable":true,"href":"https:\/\/www.musical-today.de\/en\/wp-json\/wp\/v2\/comments?post=9904"}],"version-history":[{"count":0,"href":"https:\/\/www.musical-today.de\/en\/wp-json\/wp\/v2\/posts\/9904\/revisions"}],"wp:featuredmedia":[{"embeddable":true,"href":"https:\/\/www.musical-today.de\/en\/wp-json\/wp\/v2\/media\/9903"}],"wp:attachment":[{"href":"https:\/\/www.musical-today.de\/en\/wp-json\/wp\/v2\/media?parent=9904"}],"wp:term":[{"taxonomy":"category","embeddable":true,"href":"https:\/\/www.musical-today.de\/en\/wp-json\/wp\/v2\/categories?post=9904"},{"taxonomy":"post_tag","embeddable":true,"href":"https:\/\/www.musical-today.de\/en\/wp-json\/wp\/v2\/tags?post=9904"}],"curies":[{"name":"wp","href":"https:\/\/api.w.org\/{rel}","templated":true}]}}