{"id":9906,"date":"2025-03-04T23:55:00","date_gmt":"2025-03-04T22:55:00","guid":{"rendered":"https:\/\/www.musical-today.de\/?p=9906"},"modified":"2025-04-15T14:28:19","modified_gmt":"2025-04-15T12:28:19","slug":"lueneburg-love-never-dies","status":"publish","type":"post","link":"https:\/\/www.musical-today.de\/en\/lueneburg-love-never-dies\/","title":{"rendered":"Love Never Dies"},"content":{"rendered":"<div class=\"lets-info-up-wrap  lets-info-up--right lets-info-up--m-1 lets-info-up-skin-3 lets-info-up--side lets-info-up-88762\" style=\"background:#fafafa; color: #616161\">\t\t\t<div class=\"lets-info-up\">\r\n\t\t\t<div class=\"lets-info-up-fi\"><img decoding=\"async\" width=\"500\" height=\"375\" src=\"https:\/\/www.musical-today.de\/wp-content\/uploads\/visual-portfolio\/placeholder-500x375.png\" class=\"attachment-lets-info-up-d1 size-lets-info-up-d1\" alt=\"|\" srcset=\"https:\/\/www.musical-today.de\/wp-content\/uploads\/visual-portfolio\/placeholder-500x375.png 500w, https:\/\/www.musical-today.de\/wp-content\/uploads\/visual-portfolio\/placeholder-300x225.png 300w, https:\/\/www.musical-today.de\/wp-content\/uploads\/visual-portfolio\/placeholder-1024x767.png 1024w, https:\/\/www.musical-today.de\/wp-content\/uploads\/visual-portfolio\/placeholder-883x662.png 883w, https:\/\/www.musical-today.de\/wp-content\/uploads\/visual-portfolio\/placeholder-16x12.png 16w, https:\/\/www.musical-today.de\/wp-content\/uploads\/visual-portfolio\/placeholder-800x600.png 800w, https:\/\/www.musical-today.de\/wp-content\/uploads\/visual-portfolio\/placeholder.png 1201w\" sizes=\"(max-width: 500px) 100vw, 500px\" title=\"\"><\/div>\t\t\t<div class=\"lets-info-up-block-wrap\">\r\n\t\t\t\t<div class=\"lets-info-up-block lets-info-up-meta-block\"><div class=\"lets-info-up-meta-title lets-info-up-pretitle font-h\" style=\"color: #8c6d18;\">Ort<\/div><div class=\"lets-info-up-meta-content lets-info-up-title font-b\">Theater L\u00fcneburg<\/div><\/div><div class=\"lets-info-up-block lets-info-up-meta-block\"><div class=\"lets-info-up-meta-title lets-info-up-pretitle font-h\" style=\"color: #8c6d18;\">VON<\/div><div class=\"lets-info-up-meta-content lets-info-up-title font-b\">Andrew Lloyd Webber (Musik)<br>Glenn Slater (Gesangstexte)<br>Ben Elton (Buch)<\/div><\/div><div class=\"lets-info-up-block lets-info-up-meta-block\"><div class=\"lets-info-up-meta-title lets-info-up-pretitle font-h\" style=\"color: #8c6d18;\">Regie<\/div><div class=\"lets-info-up-meta-content lets-info-up-title font-b\">Friedrich von Mansberg <\/div><\/div><div class=\"lets-info-up-block lets-info-up-meta-block\"><div class=\"lets-info-up-meta-title lets-info-up-pretitle font-h\" style=\"color: #8c6d18;\">Urauff\u00fchrung<\/div><div class=\"lets-info-up-meta-content lets-info-up-title font-b\">2010<\/div><\/div><div class=\"lets-info-up-block lets-info-up-meta-block\"><div class=\"lets-info-up-meta-title lets-info-up-pretitle font-h\" style=\"color: #8c6d18;\">INFOS<\/div><div class=\"lets-info-up-meta-content lets-info-up-title font-b\"><a href=\"https:\/\/www.theater-lueneburg.de\/love-never-dies\" data-type=\"link\" target=\"_blank\" rel=\"noopener noreferrer nofollow\">www.theater-lueneburg.de<\/a><\/div><\/div>\t\t\t<\/div>\r\n\t\t\t<\/div>\r\n\t\t<\/div>\r\n\t\t\n\n\n<p><strong>Andrew Lloyd Webbers \u201eLove Never Dies\u201c scheitert an sich selbst<\/strong><\/p>\n\n\n\n<p>Mutig, wahrlich mutig, dieses kleine Theater L\u00fcneburg, sich eines dieser romantischen Schinken Lloyd Webbers anzunehmen, die gemeinhin in den gro\u00dfen Musical-H\u00e4usern der Republik die Wucht ihrer Sentimentalit\u00e4t verstr\u00f6men. Nicht dass es immer eine gewaltige B\u00fchne br\u00e4uchte, um sich dem kompositorischen Pathos von Sir Andrew in seiner ganzen F\u00fclle hingeben zu k\u00f6nnen \u2013 doch es bleibt allein schon musikalisch eine Herausforderung f\u00fcr kleinere Ensembles und Theater. In der Hansestadt wird sie von den L\u00fcneburger Symphonikern unter Christoph B\u00f6necker voller Verve und Schmalz gemeistert, auch wenn nicht immer alle Effekte und gro\u00dfen Crescendi im Orchester taktgenau abgestimmt sind.<\/p>\n\n\n\n<p>Weit mehr Fragezeichen hinterl\u00e4sst indes die St\u00fcckwahl: Was nur hat Intendant Friedrich von Mansberg dazu gebracht, ausgerechnet das Musical \u201eLove Never Dies\u201c f\u00fcr solch eine k\u00fcnstlerische Kraftanstrengung auszuw\u00e4hlen, jene d\u00fcrftige Fortsetzungsgeschichte Lloyd Webbers von seinem, ja dem weltweit erfolgreichsten Musical aller Zeiten: dem \u201ePhantom der Oper\u201c?<\/p>\n\n\n<div  class=\"tpgb-wrap-956d14_9906  tpgb-wrap-fw \"  ><div id=\"956d14_9906\" class=\"tpgb-block-956d14_9906 tpgb-relative-block tpgb-gallery-list tpgb-metro gallery-style-2 hover-image-style-1   \" data-style=\"style-2\" data-id=\"956d14_9906\" data-layout=\"metro\" data-fancy-option='{\"loop\":false,\"thumb\":\"no\",\"infobar\":true,\"arrows\":true,\"transitionEffect\":\"slide\",\"button\":[\"close\"]}' data-splide='\"\"' data-metroAttr= '{\"metro_col\":3,\"tab_metro_col\":3,\"mobile_metro_col\":3,\"metro_style\":\"style-1\",\"tab_metro_style\":\"style-1\",\"mobile_metro_style\":\"style-1\"}' ><div class=\"tpgb-row post-loop-inner \"><div class=\"grid-item metro-item-0    tpgb-metro-1  tpgb-tab-metro-1  tpgb-mobile-metro-1 \"><a href=\"https:\/\/www.musical-today.de\/wp-content\/uploads\/2025\/03\/LoveNeverDies_FotoJQ_213-scaled.jpg\" class=\"tpgb-gallery-list-content tpgb-trans-easeinout\" data-fancybox=\"956d14_9906\" data-caption=\"Foto: Jochen Quast\" aria-label=\"Foto: Jochen Quast\"><div class=\"post-content-image\"><div class=\"tpgb-metro-gallery-image\" style=\"background: url(https:\/\/www.musical-today.de\/wp-content\/uploads\/2025\/03\/LoveNeverDies_FotoJQ_213-scaled.jpg);\"><\/div><\/div><div class=\"post-content-center\"><div class=\"post-zoom-icon\"><div class=\"meta-search-icon\"><span><img decoding=\"async\" class=\"fancy-img\" src=\"https:\/\/www.musical-today.de\/wp-content\/uploads\/2025\/03\/LoveNeverDies_FotoJQ_213-scaled.jpg\" alt=\"Media Image1\" title=\"\"><i class=\"fas fa-search-plus pop-icon\"><\/i><\/span><\/div><\/div><div class=\"post-content-bottom\"><p class=\"post-title tpgb-trans-easeinout\">Foto: Jochen Quast<\/p><\/div><\/div><\/a><\/div><div class=\"grid-item metro-item-1    tpgb-metro-2  tpgb-tab-metro-2  tpgb-mobile-metro-2 \"><a href=\"https:\/\/www.musical-today.de\/wp-content\/uploads\/2025\/03\/LoveNeverDies_FotoJQ_307-scaled.jpg\" class=\"tpgb-gallery-list-content tpgb-trans-easeinout\" data-fancybox=\"956d14_9906\" data-caption=\"Foto: Jochen Quast\" aria-label=\"Foto: Jochen Quast\"><div class=\"post-content-image\"><div class=\"tpgb-metro-gallery-image\" style=\"background: url(https:\/\/www.musical-today.de\/wp-content\/uploads\/2025\/03\/LoveNeverDies_FotoJQ_307-scaled.jpg);\"><\/div><\/div><div class=\"post-content-center\"><div class=\"post-zoom-icon\"><div class=\"meta-search-icon\"><span><img decoding=\"async\" class=\"fancy-img\" src=\"https:\/\/www.musical-today.de\/wp-content\/uploads\/2025\/03\/LoveNeverDies_FotoJQ_307-scaled.jpg\" alt=\"Media Image2\" title=\"\"><i class=\"fas fa-search-plus pop-icon\"><\/i><\/span><\/div><\/div><div class=\"post-content-bottom\"><p class=\"post-title tpgb-trans-easeinout\">Foto: Jochen Quast<\/p><\/div><\/div><\/a><\/div><div class=\"grid-item metro-item-2    tpgb-metro-3  tpgb-tab-metro-3  tpgb-mobile-metro-3 \"><a href=\"https:\/\/www.musical-today.de\/wp-content\/uploads\/2025\/03\/LoveNeverDies_FotoJQ_037-scaled.jpg\" class=\"tpgb-gallery-list-content tpgb-trans-easeinout\" data-fancybox=\"956d14_9906\" data-caption=\"Foto: Jochen Quast\" aria-label=\"Foto: Jochen Quast\"><div class=\"post-content-image\"><div class=\"tpgb-metro-gallery-image\" style=\"background: url(https:\/\/www.musical-today.de\/wp-content\/uploads\/2025\/03\/LoveNeverDies_FotoJQ_037-scaled.jpg);\"><\/div><\/div><div class=\"post-content-center\"><div class=\"post-zoom-icon\"><div class=\"meta-search-icon\"><span><img decoding=\"async\" class=\"fancy-img\" src=\"https:\/\/www.musical-today.de\/wp-content\/uploads\/2025\/03\/LoveNeverDies_FotoJQ_037-scaled.jpg\" alt=\"Media Image3\" title=\"\"><i class=\"fas fa-search-plus pop-icon\"><\/i><\/span><\/div><\/div><div class=\"post-content-bottom\"><p class=\"post-title tpgb-trans-easeinout\">Foto: Jochen Quast<\/p><\/div><\/div><\/a><\/div><\/div><\/div><\/div>\n\n\n<p>Mag es auch ein kleiner Coup sein, dass es den Hansest\u00e4dtern als zweitem Stadttheater nach Magdeburg im vergangenen Jahr gelungen ist, die Auff\u00fchrungsrechte zu erhalten: Es hat schon seine Gr\u00fcnde, dass die Geschichte weder bei ihrer Londoner Urauff\u00fchrung 2010 noch den weiteren Stationen in Wien, Kopenhagen und Hamburg das Publikum wirklich l\u00e4nger in Atem hielt. Denn dem Briten ist musikalisch schlicht nichts Neues eingefallen in den \u00fcber zwei Jahrzehnten zwischen dem ersten Spuk des Maskenmanns im Pariser Opernhaus und seinem neuen Auftritt in New York.<\/p>\n\n\n\n<p>Statt in den dunklen Operng\u00e4ngen bewegt sich das Phantom nun im erleuchteten New Yorker Vergn\u00fcgungspark Coney Island als Impresario eines Vaudeville-Theaters. Doch die Vergangenheit l\u00e4sst den physisch und psychisch Vernarbten nicht los (Thomas Borcherts stimmliche Qualit\u00e4ten reichen leider nicht mehr \u00fcber eine solide Mittellage hinaus). Und so lockt er seinen einstigen One-Night-Stand, die erfolgreiche Operns\u00e4ngerin Christine (h\u00f6renswert: Navina Heyne), samt Gatten (farblos: Oliver Arno) und S\u00f6hnchen (eindrucksvoll: Anneke Kramer) mit einem Angebot nach \u00dcbersee. Der Anfang vom Ende, es kommt zum verbalen Kneipen-Showdown der beiden M\u00e4nner und im Finale stirbt in himmlischen Sph\u00e4ren \u2026 die begehrte Frau, durch einen versehentlichen Pistolenschuss ihrer Rivalin Meg (Anna Langner gelingt ein sehens- und h\u00f6renswertes Rollenportr\u00e4t).<\/p>\n\n\n\n<p>Klingt abstrus und an den Haaren herbeigezogen? Ist diese Story auch. Vor allem aber fehlt die erz\u00e4hlerische Spannung, und so schleppt sich diese kitschtriefende Fortsetzung bisweilen im Zeitlupentempo dahin \u2013 nicht zuletzt, da Lloyd Webber musikalisch nichts Originelles mehr aus der Feder floss. Das Ergebnis ist vor allem eines: schlicht, ja bisweilen geradezu d\u00fcrftig durchkomponiert und unglaublich erm\u00fcdend in seinen kaum variierten Wiederholungen.<\/p>\n\n\n\n<p>Da n\u00fctzt es auch nichts, dass sich Barbara Bloch und Benjamin Burgunder mit B\u00fchnenbild und Kost\u00fcmen alle M\u00fche gegeben haben f\u00fcr die kunterbunte Freak-Show auf Coney Island, Hausherr von Mansberg sich um eine z\u00fcgige Regie der d\u00fcrftigen Geschichte und das Ensemble um manche psychologische Nuance bem\u00fcht: Ein Musical lebt nun einmal (auch) von Hits und Ohrw\u00fcrmern. Doch unsterbliche Melodien wie die Katzen-Arie \u201eMemory\u201c oder \u201eDon\u2019t Cry for Me Argentina\u201c aus dem Klassiker \u201eEvita\u201c waren Lloyd Webber zur Entstehungszeit schon lange nicht mehr in den Sinn gekommen \u2013 und so bleibt der Besucher nicht allein von Melodien verschont, die noch \u00fcber Jahre durch seine Geh\u00f6rg\u00e4nge kreisen, sondern auch sonst seltsam unber\u00fchrt. Mag die Liebe auch nie sterben, f\u00fcr ihre Kl\u00e4nge hier gilt das zweifellos nicht \u2026<\/p>\n\n\n\n<hr class=\"wp-block-separator has-alpha-channel-opacity is-style-dots\"\/>\n\n\n\n<p class=\"has-small-font-size\">Musikalische Leitung: Christoph B\u00f6necker \u2022 Choreografie: Olaf Schmidt \u2022 B\u00fchne: Barbara Bloch \u2022 Kost\u00fcme: Benjamin Burgunder \u2022 Mit: Navina Heyne (Christine Daa\u00e9), Thomas Borchert (Das Phantom), Oliver Arno (Raoul), Kirsten Patt (Madame Giry), Anna Langner (Meg Giry), Steffen Neutze (Squelch), Sascha Littig (Gangle), Sarah Hanikel (Fleck), Anneke Kramer (Gustave) \u2022 Haus- und Extrachor des Theaters L\u00fcneburg \u2022 Musicalensemble der Akademie Junges Musiktheater \u2022 L\u00fcneburger Symphoniker<\/p>\n\n\n\n<p class=\"has-small-font-size\">Aufmacherfoto: Jochen Quast<\/p>\n","protected":false},"excerpt":{"rendered":"<p>Andrew Lloyd Webbers \u201eLove Never Dies\u201c scheitert an sich selbst Mutig, wahrlich mutig, dieses kleine Theater L\u00fcneburg, sich eines dieser romantischen Schinken Lloyd Webbers anzunehmen, die gemeinhin in den gro\u00dfen Musical-H\u00e4usern der Republik die Wucht ihrer Sentimentalit\u00e4t verstr\u00f6men. Nicht dass es immer eine gewaltige B\u00fchne br\u00e4uchte, um sich dem kompositorischen Pathos von Sir Andrew in seiner ganzen F\u00fclle hingeben zu k\u00f6nnen \u2013 doch es bleibt allein schon musikalisch eine Herausforderung f\u00fcr kleinere Ensembles und Theater. In der Hansestadt wird sie [&hellip;]<\/p>\n","protected":false},"author":36,"featured_media":9896,"comment_status":"closed","ping_status":"closed","sticky":false,"template":"","format":"standard","meta":{"tpgb_global_settings":"","footnotes":""},"categories":[89],"tags":[],"class_list":["post-9906","post","type-post","status-publish","format-standard","has-post-thumbnail","hentry","category-lueneburg"],"tpgb_featured_images":{"full":["https:\/\/www.musical-today.de\/wp-content\/uploads\/2025\/03\/LoveNeverDies_FotoJQ_447-scaled.jpg",2560,1707,false],"tp-image-grid":["https:\/\/www.musical-today.de\/wp-content\/uploads\/2025\/03\/LoveNeverDies_FotoJQ_447-700x700.jpg",700,700,true],"thumbnail":["https:\/\/www.musical-today.de\/wp-content\/uploads\/2025\/03\/LoveNeverDies_FotoJQ_447-600x400.jpg",600,400,true],"medium":["https:\/\/www.musical-today.de\/wp-content\/uploads\/2025\/03\/LoveNeverDies_FotoJQ_447-1200x800.jpg",1200,800,true],"medium_large":["https:\/\/www.musical-today.de\/wp-content\/uploads\/2025\/03\/LoveNeverDies_FotoJQ_447-949x633.jpg",770,514,true],"large":["https:\/\/www.musical-today.de\/wp-content\/uploads\/2025\/03\/LoveNeverDies_FotoJQ_447-1920x1280.jpg",1139,759,true],"default":"https:\/\/www.musical-today.de\/wp-content\/plugins\/the-plus-addons-for-block-editor\/assets\/images\/tpgb-placeholder.jpg"},"tpgb_post_meta_info":{"get_date":"04.03.2025","get_modified_date":"15.04.2025","category_list":{"category":[{"term_id":89,"name":"L\u00fcneburg","slug":"lueneburg","term_group":0,"term_taxonomy_id":89,"taxonomy":"category","description":"","parent":19,"count":7,"filter":"raw","term_order":"61"}],"post_tag":false,"post_format":false},"author_name":"Christoph Forsthoff","author_url":"https:\/\/www.musical-today.de\/en\/autor\/christophforsthoff\/","author_email":"temporary-removeFM60NosPo3lWRXT@tmp.com","author_website":"","author_description":"war Ressortleiter, Textchef und Blattmacher, u.a. bei der Financial Times Deutschland. Seit 2001 betreibt der Cello-Liebhaber sein netzwerk Redaktionsb\u00fcro und arbeitet als Kulturjournalist f\u00fcr Medien in Deutschland, \u00d6sterreich, Luxemburg und der Schweiz. Seine Liebe zu Mecklenburg-Vorpommern und den dortigen Festspielen m\u00fcndete 2010 in der Gr\u00fcndung des Forsthoff-Cellofonds.","author_facebook":"","author_twitter":"","author_instagram":"","author_role":["author"],"author_firstname":"Christoph","author_lastname":"Forsthoff","user_login":"christophforsthoff","author_avatar":"<img src=\"https:\/\/www.musical-today.de\/wp-content\/uploads\/2024\/03\/Autor_Forsthoff-293x293.jpg\" width=\"200\" height=\"200\" alt=\"Christoph Forsthoff\" class=\"avatar avatar-200 wp-user-avatar wp-user-avatar-200 alignnone photo\" \/>","author_avatar_url":"https:\/\/www.musical-today.de\/wp-content\/uploads\/2024\/03\/Autor_Forsthoff.jpg","comment_count":0,"post_likes":0,"post_views":0},"tpgb_post_category":{"category":"<a href=\"https:\/\/www.musical-today.de\/en\/deutschland\/lueneburg\/\" alt=\"L\u00fcneburg\"  class=\"category-lueneburg\">L\u00fcneburg<\/a> "},"_links":{"self":[{"href":"https:\/\/www.musical-today.de\/en\/wp-json\/wp\/v2\/posts\/9906","targetHints":{"allow":["GET"]}}],"collection":[{"href":"https:\/\/www.musical-today.de\/en\/wp-json\/wp\/v2\/posts"}],"about":[{"href":"https:\/\/www.musical-today.de\/en\/wp-json\/wp\/v2\/types\/post"}],"author":[{"embeddable":true,"href":"https:\/\/www.musical-today.de\/en\/wp-json\/wp\/v2\/users\/36"}],"replies":[{"embeddable":true,"href":"https:\/\/www.musical-today.de\/en\/wp-json\/wp\/v2\/comments?post=9906"}],"version-history":[{"count":0,"href":"https:\/\/www.musical-today.de\/en\/wp-json\/wp\/v2\/posts\/9906\/revisions"}],"wp:featuredmedia":[{"embeddable":true,"href":"https:\/\/www.musical-today.de\/en\/wp-json\/wp\/v2\/media\/9896"}],"wp:attachment":[{"href":"https:\/\/www.musical-today.de\/en\/wp-json\/wp\/v2\/media?parent=9906"}],"wp:term":[{"taxonomy":"category","embeddable":true,"href":"https:\/\/www.musical-today.de\/en\/wp-json\/wp\/v2\/categories?post=9906"},{"taxonomy":"post_tag","embeddable":true,"href":"https:\/\/www.musical-today.de\/en\/wp-json\/wp\/v2\/tags?post=9906"}],"curies":[{"name":"wp","href":"https:\/\/api.w.org\/{rel}","templated":true}]}}