{"id":9936,"date":"2025-03-15T08:44:10","date_gmt":"2025-03-15T07:44:10","guid":{"rendered":"https:\/\/www.musical-today.de\/?p=9936"},"modified":"2025-04-15T14:28:19","modified_gmt":"2025-04-15T12:28:19","slug":"wiesbaden-fack-ju-goehte","status":"publish","type":"post","link":"https:\/\/www.musical-today.de\/en\/wiesbaden-fack-ju-goehte\/","title":{"rendered":"Fack ju G\u00f6hte"},"content":{"rendered":"<div class=\"lets-info-up-wrap  lets-info-up--right lets-info-up--m-1 lets-info-up-skin-3 lets-info-up--side lets-info-up-88880\" style=\"background:#fafafa; color: #616161\">\t\t\t<div class=\"lets-info-up\">\r\n\t\t\t<div class=\"lets-info-up-fi\"><img decoding=\"async\" width=\"500\" height=\"333\" src=\"https:\/\/www.musical-today.de\/wp-content\/uploads\/2024\/01\/qi-addons-for-elementor-placeholder-500x333.png\" class=\"attachment-lets-info-up-d1 size-lets-info-up-d1\" alt=\"|\" srcset=\"https:\/\/www.musical-today.de\/wp-content\/uploads\/2024\/01\/qi-addons-for-elementor-placeholder-500x333.png 500w, https:\/\/www.musical-today.de\/wp-content\/uploads\/2024\/01\/qi-addons-for-elementor-placeholder-300x200.png 300w, https:\/\/www.musical-today.de\/wp-content\/uploads\/2024\/01\/qi-addons-for-elementor-placeholder-1024x683.png 1024w, https:\/\/www.musical-today.de\/wp-content\/uploads\/2024\/01\/qi-addons-for-elementor-placeholder-883x589.png 883w, https:\/\/www.musical-today.de\/wp-content\/uploads\/2024\/01\/qi-addons-for-elementor-placeholder-18x12.png 18w, https:\/\/www.musical-today.de\/wp-content\/uploads\/2024\/01\/qi-addons-for-elementor-placeholder-360x240.png 360w, https:\/\/www.musical-today.de\/wp-content\/uploads\/2024\/01\/qi-addons-for-elementor-placeholder-1155x770.png 1155w, https:\/\/www.musical-today.de\/wp-content\/uploads\/2024\/01\/qi-addons-for-elementor-placeholder-370x247.png 370w, https:\/\/www.musical-today.de\/wp-content\/uploads\/2024\/01\/qi-addons-for-elementor-placeholder-770x513.png 770w, https:\/\/www.musical-today.de\/wp-content\/uploads\/2024\/01\/qi-addons-for-elementor-placeholder-293x195.png 293w, https:\/\/www.musical-today.de\/wp-content\/uploads\/2024\/01\/qi-addons-for-elementor-placeholder-120x80.png 120w, https:\/\/www.musical-today.de\/wp-content\/uploads\/2024\/01\/qi-addons-for-elementor-placeholder-240x160.png 240w, https:\/\/www.musical-today.de\/wp-content\/uploads\/2024\/01\/qi-addons-for-elementor-placeholder-390x260.png 390w, https:\/\/www.musical-today.de\/wp-content\/uploads\/2024\/01\/qi-addons-for-elementor-placeholder.png 1200w\" sizes=\"(max-width: 500px) 100vw, 500px\" title=\"\"><\/div>\t\t\t<div class=\"lets-info-up-block-wrap\">\r\n\t\t\t\t<div class=\"lets-info-up-block lets-info-up-meta-block\"><div class=\"lets-info-up-meta-title lets-info-up-pretitle font-h\" style=\"color: #8c6d18;\">oRT<\/div><div class=\"lets-info-up-meta-content lets-info-up-title font-b\">Staatstheater Wiesbaden (Junges Staatsmusical)<\/div><\/div><div class=\"lets-info-up-block lets-info-up-meta-block\"><div class=\"lets-info-up-meta-title lets-info-up-pretitle font-h\" style=\"color: #8c6d18;\">von<\/div><div class=\"lets-info-up-meta-content lets-info-up-title font-b\">Kevin Schroeder (Buch)<br>Nicolas Rebscher (Musik)<br>Simon Triebel (Liedtexte)<\/div><\/div><div class=\"lets-info-up-block lets-info-up-meta-block\"><div class=\"lets-info-up-meta-title lets-info-up-pretitle font-h\" style=\"color: #8c6d18;\">Regie<\/div><div class=\"lets-info-up-meta-content lets-info-up-title font-b\">Iris Limbarth<\/div><\/div><div class=\"lets-info-up-block lets-info-up-meta-block\"><div class=\"lets-info-up-meta-title lets-info-up-pretitle font-h\" style=\"color: #8c6d18;\">Urauff\u00fchrunG<\/div><div class=\"lets-info-up-meta-content lets-info-up-title font-b\">2018<\/div><\/div><div class=\"lets-info-up-block lets-info-up-meta-block\"><div class=\"lets-info-up-meta-title lets-info-up-pretitle font-h\" style=\"color: #8c6d18;\">INFOS<\/div><div class=\"lets-info-up-meta-content lets-info-up-title font-b\"><a href=\"https:\/\/www.staatstheater-wiesbaden.de\/spielplan\/kalender\/fack-ju-goehte\/726\/\" data-type=\"link\" target=\"_blank\" rel=\"noopener noreferrer nofollow\">www.staatstheater-wiesbaden.de<\/a><\/div><\/div>\t\t\t<\/div>\r\n\t\t\t<\/div>\r\n\t\t<\/div>\r\n\t\t\n\n\n<p><strong>&#8222;<strong>Fack ju G\u00f6hte&#8220; als Musical am Staatstheater Wiesbaden<\/strong><\/strong><\/p>\n\n\n\n<p>Eigentlich f\u00e4hrt man stets mit gutem Gef\u00fchl zu den Produktionen des Jungen Staatsmusicals JUST nach Wiesbaden. Das von Regisseurin und Choreographin Iris Limbarth seit 2000 geleitete Ensemble wartet jedes Mal mit einer Spielfreude auf, die in Staunen versetzt. Denn alle Beteiligten sind keine Profis, \u00fcben zum Teil im wahren Leben b\u00fcrgerliche Berufe aus oder tasten sich als Sch\u00fcler, beziehungsweise Studierende an eine eventuelle B\u00fchnenkarriere heran. F\u00fcr diese einmalige Nachwuchsf\u00f6rderung wurde Iris Limbarth 2022 mit dem Deutschen Musical Theaterpreis ausgezeichnet.<\/p>\n\n\n\n<p>Vielleicht hat dieser gute Ruf die Rechte-Inhaber von &#8222;Fack ju G\u00f6hte&#8220; bewogen, dass 2018 im M\u00fcnchener Werk 7 uraufgef\u00fchrte, dann 2023 von der Frankfurter Showslot-Company auf eine Tournee geschickte Musical, erstmals einer st\u00e4dtischen B\u00fchne anzuvertrauen. Die hohen Erwartungen an das auf dem gleichnamigen Kino-Kassenschlager von 2013 mit \u00fcber sieben Millionen Besuchern basierende St\u00fcck erf\u00fcllten sich bis dahin nicht. Insgeheim hatte man wohl gehofft, dass &#8222;Fack ju G\u00f6hte&#8220; der &#8222;Starlight Express&#8220; f\u00fcr ein jugendliches Publikum werden k\u00f6nnte.<\/p>\n\n\n<div  class=\"tpgb-wrap-956d14_9936  tpgb-wrap-fw \"  ><div id=\"956d14_9936\" class=\"tpgb-block-956d14_9936 tpgb-relative-block tpgb-gallery-list tpgb-metro gallery-style-2 hover-image-style-1   \" data-style=\"style-2\" data-id=\"956d14_9936\" data-layout=\"metro\" data-fancy-option='{\"loop\":false,\"thumb\":\"no\",\"infobar\":true,\"arrows\":true,\"transitionEffect\":\"slide\",\"button\":[\"close\"]}' data-splide='\"\"' data-metroAttr= '{\"metro_col\":\"3\",\"tab_metro_col\":3,\"mobile_metro_col\":3,\"metro_style\":\"style-1\",\"tab_metro_style\":\"style-1\",\"mobile_metro_style\":\"style-1\"}' ><div class=\"tpgb-row post-loop-inner \"><div class=\"grid-item metro-item-0    tpgb-metro-1  tpgb-tab-metro-1  tpgb-mobile-metro-1 \"><a href=\"https:\/\/www.musical-today.de\/wp-content\/uploads\/2025\/03\/2663_fackjugoethe-46-scaled.jpg\" class=\"tpgb-gallery-list-content tpgb-trans-easeinout\" data-fancybox=\"956d14_9936\" data-caption=\"Foto: Peter Emig\" aria-label=\"Foto: Peter Emig\"><div class=\"post-content-image\"><div class=\"tpgb-metro-gallery-image\" style=\"background: url(https:\/\/www.musical-today.de\/wp-content\/uploads\/2025\/03\/2663_fackjugoethe-46-scaled.jpg);\"><\/div><\/div><div class=\"post-content-center\"><div class=\"post-zoom-icon\"><div class=\"meta-search-icon\"><span><img decoding=\"async\" class=\"fancy-img\" src=\"https:\/\/www.musical-today.de\/wp-content\/uploads\/2025\/03\/2663_fackjugoethe-46-scaled.jpg\" alt=\"Media Image1\" title=\"\"><i class=\"fas fa-search-plus pop-icon\"><\/i><\/span><\/div><\/div><div class=\"post-content-bottom\"><p class=\"post-title tpgb-trans-easeinout\">Foto: Peter Emig<\/p><\/div><\/div><\/a><\/div><div class=\"grid-item metro-item-1    tpgb-metro-2  tpgb-tab-metro-2  tpgb-mobile-metro-2 \"><a href=\"https:\/\/www.musical-today.de\/wp-content\/uploads\/2025\/03\/2671_fackjugoethe-34-scaled.jpg\" class=\"tpgb-gallery-list-content tpgb-trans-easeinout\" data-fancybox=\"956d14_9936\" data-caption=\"Foto: Peter Emig\" aria-label=\"Foto: Peter Emig\"><div class=\"post-content-image\"><div class=\"tpgb-metro-gallery-image\" style=\"background: url(https:\/\/www.musical-today.de\/wp-content\/uploads\/2025\/03\/2671_fackjugoethe-34-scaled.jpg);\"><\/div><\/div><div class=\"post-content-center\"><div class=\"post-zoom-icon\"><div class=\"meta-search-icon\"><span><img decoding=\"async\" class=\"fancy-img\" src=\"https:\/\/www.musical-today.de\/wp-content\/uploads\/2025\/03\/2671_fackjugoethe-34-scaled.jpg\" alt=\"Media Image2\" title=\"\"><i class=\"fas fa-search-plus pop-icon\"><\/i><\/span><\/div><\/div><div class=\"post-content-bottom\"><p class=\"post-title tpgb-trans-easeinout\">Foto: Peter Emig<\/p><\/div><\/div><\/a><\/div><div class=\"grid-item metro-item-2    tpgb-metro-3  tpgb-tab-metro-3  tpgb-mobile-metro-3 \"><a href=\"https:\/\/www.musical-today.de\/wp-content\/uploads\/2025\/03\/2658_fackjugoethe-1-scaled.jpg\" class=\"tpgb-gallery-list-content tpgb-trans-easeinout\" data-fancybox=\"956d14_9936\" data-caption=\"Foto: Peter Emig\" aria-label=\"Foto: Peter Emig\"><div class=\"post-content-image\"><div class=\"tpgb-metro-gallery-image\" style=\"background: url(https:\/\/www.musical-today.de\/wp-content\/uploads\/2025\/03\/2658_fackjugoethe-1-scaled.jpg);\"><\/div><\/div><div class=\"post-content-center\"><div class=\"post-zoom-icon\"><div class=\"meta-search-icon\"><span><img decoding=\"async\" class=\"fancy-img\" src=\"https:\/\/www.musical-today.de\/wp-content\/uploads\/2025\/03\/2658_fackjugoethe-1-scaled.jpg\" alt=\"Media Image3\" title=\"\"><i class=\"fas fa-search-plus pop-icon\"><\/i><\/span><\/div><\/div><div class=\"post-content-bottom\"><p class=\"post-title tpgb-trans-easeinout\">Foto: Peter Emig<\/p><\/div><\/div><\/a><\/div><\/div><\/div><\/div>\n\n\n<p>Aber dazu w\u00e4re mehr n\u00f6tig, als nur den st\u00e4ndig unter die G\u00fcrtellinie zielenden Ton dieser derben Penn\u00e4ler-Kom\u00f6die zu reproduzieren. Inflation\u00e4r wirft Kevin Schr\u00f6ders Libretto mit Verben wie &#8222;ficken&#8220; und &#8222;blasen&#8220; um sich und auch Nicolas Rebschers Kompositionen sowie Simon Triebels Liedtexte verw\u00f6hnen kaum die Ohren. &#8222;Fack ju G\u00f6hte&#8220; erweist sich insofern nicht als Gewinn f\u00fcr die deutsche Musicallandschaft, betont eher mittelm\u00e4\u00dfige Qualit\u00e4t. Fairerweise muss man dem St\u00fcck zugutehalten, dass die Songs selbst ohne \u00fcberragendes Niveau den Figuren etwas mehr Tiefe verleihen, als die oberfl\u00e4chlichen Film-Figuren ausstrahlen.<\/p>\n\n\n\n<p>Damit ger\u00e4t die ausufernde Spielfreude des Ensembles in den Fokus. Sie \u00fcberspielt weitgehend die Mankos, veredelt mit sch\u00f6nen Stimmen die Songs, von Iris Limbarths fetzigen Choreografien ad\u00e4quat in Szene gesetzt. Und so begleiten wir den Kleinkriminellen Zeki M\u00fcller (souver\u00e4n von Tim Speckhardt dargestellt) bei seinem Versuch, die vor seinem Knastaufenthalt verbuddelte Beute auszugraben. Bl\u00f6d nur, dass \u00fcber dem Versteck mittlerweile eine Schul-Sporthalle steht. Also bewirbt er sich auf die freie Hausmeisterstelle des Gymnasiums, um unauff\u00e4llig seinen Schatz zu bergen. Doch durch ein Missverst\u00e4ndnis stellt ihn die \u00fcberforderte Rektorin Gerster (herrlich verpeilt und Klebstoff schn\u00fcffelnd: Katharina Hoffmann) als Aushilfslehrer ein, teilt ihn der Problemklasse 10b zu.<\/p>\n\n\n\n<p>Wider Erwarten erkennt Zeki seine Berufung inklusive Zuneigung zu seiner von Minderwertigkeitsgef\u00fchlen geplagten Kollegin Lisi Schnabelstedt (wunderbar derangiert: Viktoria Reese). Das zentrale Darsteller-Kleeblatt komplettiert Angelika Kraus als Prostituierte und Zekis Ex-Freundin Charlie, die mit aufreizender K\u00f6rpersprache und Kuschelkissen-Penissen f\u00fcr komische Momente sorgt. Um sie herum werfen sich mit Empathie und B\u00fchnenpr\u00e4zens Anastasia Bechthold (Laura), Jahn Volpert (als Testosteron gesteuerter R\u00fcpel Danger), Lilli Trosien (als agile Zeynep) und Leonie Willms (als Chantal mit naiv-d\u00fcmmlichem Charme samt Kultsatz &#8222;Heul leise&#8220;) in die Herzen der Zuschauer. Dort finden ebenso die \u00fcbrigen acht Ensemblemitglieder (teilweise in mehreren Rollen) mit authentischem Spiel ihren Platz. Stilsicher und auf die Charaktere zugeschnitten fallen die Kost\u00fcme von Heike Korn aus. Mit kleinen, phantasievollen Umbauten schafft das B\u00fchnenbild von Britta Lammers stimmige Atmosph\u00e4re. Im Hintergrund bereitet Frank Bangert mit seiner f\u00fcnfk\u00f6pfigen Live-Band den musikalischen Rahmen von Hip-Hop und Rap \u00fcber Pop-Balladen bis hin zu typischen Musicalmelodien. Iris Limbarts straffe Inszenierung und geschickte Darstellerf\u00fchrung gewinnt dem an sich belanglosen Musical doch noch einige Reize ab.<\/p>\n\n\n\n<hr class=\"wp-block-separator has-alpha-channel-opacity is-style-dots\"\/>\n\n\n\n<p class=\"has-small-font-size\">Musikalische Leitung: Frank Bangert \u00b7 Regie\/Choreografie: Iris Limbarth \u00b7 B\u00fchnenbild: Britta Lammers \u00b7 Kost\u00fcme: Heike Korn \u00b7 Licht: Claus Weyrauther \u00b7 mit: Tim Speckhardt (Zeki M\u00fcller), Viktoria Reese (Lisi Schnabelstedt), Katharina Hoffmann (Frau Gerster), Anastasia Bechthold (Laura Schnabelstedt), Angelina Krau\u00df (Charlie), Jahn Volpert (Danger), Lilli Trosien (Zeynep), Leonie Willms (Chantal), u. a. \u00b7 Band des JUST<br><br>Aufmacherfoto: Peter Emig<\/p>\n","protected":false},"excerpt":{"rendered":"<p>&#8222;Fack ju G\u00f6hte&#8220; als Musical am Staatstheater Wiesbaden Eigentlich f\u00e4hrt man stets mit gutem Gef\u00fchl zu den Produktionen des Jungen Staatsmusicals JUST nach Wiesbaden. Das von Regisseurin und Choreographin Iris Limbarth seit 2000 geleitete Ensemble wartet jedes Mal mit einer Spielfreude auf, die in Staunen versetzt. Denn alle Beteiligten sind keine Profis, \u00fcben zum Teil im wahren Leben b\u00fcrgerliche Berufe aus oder tasten sich als Sch\u00fcler, beziehungsweise Studierende an eine eventuelle B\u00fchnenkarriere heran. F\u00fcr diese einmalige Nachwuchsf\u00f6rderung wurde Iris Limbarth [&hellip;]<\/p>\n","protected":false},"author":15,"featured_media":9940,"comment_status":"closed","ping_status":"closed","sticky":false,"template":"","format":"standard","meta":{"tpgb_global_settings":"","footnotes":""},"categories":[137],"tags":[],"class_list":["post-9936","post","type-post","status-publish","format-standard","has-post-thumbnail","hentry","category-wiesbaden"],"tpgb_featured_images":{"full":["https:\/\/www.musical-today.de\/wp-content\/uploads\/2025\/03\/2662_fackjugoethe-30-scaled.jpg",2560,1707,false],"tp-image-grid":["https:\/\/www.musical-today.de\/wp-content\/uploads\/2025\/03\/2662_fackjugoethe-30-700x700.jpg",700,700,true],"thumbnail":["https:\/\/www.musical-today.de\/wp-content\/uploads\/2025\/03\/2662_fackjugoethe-30-600x400.jpg",600,400,true],"medium":["https:\/\/www.musical-today.de\/wp-content\/uploads\/2025\/03\/2662_fackjugoethe-30-1200x800.jpg",1200,800,true],"medium_large":["https:\/\/www.musical-today.de\/wp-content\/uploads\/2025\/03\/2662_fackjugoethe-30-949x633.jpg",770,514,true],"large":["https:\/\/www.musical-today.de\/wp-content\/uploads\/2025\/03\/2662_fackjugoethe-30-1920x1280.jpg",1139,759,true],"default":"https:\/\/www.musical-today.de\/wp-content\/plugins\/the-plus-addons-for-block-editor\/assets\/images\/tpgb-placeholder.jpg"},"tpgb_post_meta_info":{"get_date":"15.03.2025","get_modified_date":"15.04.2025","category_list":{"category":[{"term_id":137,"name":"Wiesbaden","slug":"wiesbaden","term_group":0,"term_taxonomy_id":137,"taxonomy":"category","description":"","parent":19,"count":5,"filter":"raw","term_order":"98"}],"post_tag":false,"post_format":false},"author_name":"Rolf-R\u00fcdiger Hamacher","author_url":"https:\/\/www.musical-today.de\/en\/autor\/rhamacher\/","author_email":"online222@musical-today.de","author_website":"","author_description":"studierte nach einer Buchh\u00e4ndlerlehre Sozialarbeit. Anschlie\u00dfend war er Regieassistent am Theater und Volont\u00e4r bei einer Filmproduktionsfirma. Seit 1971 schreibt er Kritiken (Film, Theater, Musik, Literatur, Musicals) f\u00fcr Tageszeitungen und Fachmagazine und war Dozent f\u00fcr Medienp\u00e4dagogik und Filmgeschichte. Eigen-Zitat: \u201eMeine Frau ist der Film, meine Geliebte das Musical.\u201c","author_facebook":"","author_twitter":"","author_instagram":"","author_role":["author"],"author_firstname":"Rolf-R\u00fcdiger","author_lastname":"Hamacher","user_login":"rhamacher","author_avatar":"<img src=\"https:\/\/www.musical-today.de\/wp-content\/uploads\/2024\/03\/Rolf-Ruediger-Hamacher-293x293.jpg\" width=\"200\" height=\"200\" alt=\"Rolf-R\u00fcdiger Hamacher\" class=\"avatar avatar-200 wp-user-avatar wp-user-avatar-200 alignnone photo\" \/>","author_avatar_url":"https:\/\/www.musical-today.de\/wp-content\/uploads\/2024\/03\/Rolf-Ruediger-Hamacher.jpg","comment_count":0,"post_likes":0,"post_views":0},"tpgb_post_category":{"category":"<a href=\"https:\/\/www.musical-today.de\/en\/deutschland\/wiesbaden\/\" alt=\"Wiesbaden\"  class=\"category-wiesbaden\">Wiesbaden<\/a> "},"_links":{"self":[{"href":"https:\/\/www.musical-today.de\/en\/wp-json\/wp\/v2\/posts\/9936","targetHints":{"allow":["GET"]}}],"collection":[{"href":"https:\/\/www.musical-today.de\/en\/wp-json\/wp\/v2\/posts"}],"about":[{"href":"https:\/\/www.musical-today.de\/en\/wp-json\/wp\/v2\/types\/post"}],"author":[{"embeddable":true,"href":"https:\/\/www.musical-today.de\/en\/wp-json\/wp\/v2\/users\/15"}],"replies":[{"embeddable":true,"href":"https:\/\/www.musical-today.de\/en\/wp-json\/wp\/v2\/comments?post=9936"}],"version-history":[{"count":0,"href":"https:\/\/www.musical-today.de\/en\/wp-json\/wp\/v2\/posts\/9936\/revisions"}],"wp:featuredmedia":[{"embeddable":true,"href":"https:\/\/www.musical-today.de\/en\/wp-json\/wp\/v2\/media\/9940"}],"wp:attachment":[{"href":"https:\/\/www.musical-today.de\/en\/wp-json\/wp\/v2\/media?parent=9936"}],"wp:term":[{"taxonomy":"category","embeddable":true,"href":"https:\/\/www.musical-today.de\/en\/wp-json\/wp\/v2\/categories?post=9936"},{"taxonomy":"post_tag","embeddable":true,"href":"https:\/\/www.musical-today.de\/en\/wp-json\/wp\/v2\/tags?post=9936"}],"curies":[{"name":"wp","href":"https:\/\/api.w.org\/{rel}","templated":true}]}}